{"id":583769,"date":"2025-12-07T07:48:14","date_gmt":"2025-12-07T07:48:14","guid":{"rendered":"https:\/\/www.europesays.com\/fr\/583769\/"},"modified":"2025-12-07T07:48:14","modified_gmt":"2025-12-07T07:48:14","slug":"yssingeaux-ancienne-coach-cette-illustratrice-transmet-sa-passion-pour-laquarelle-et-ca-cartonne","status":"publish","type":"post","link":"https:\/\/www.europesays.com\/fr\/583769\/","title":{"rendered":"Yssingeaux. Ancienne coach, cette illustratrice transmet sa passion pour l\u2019aquarelle\u2026 et \u00e7a cartonne \u00a0!"},"content":{"rendered":"<p>C\u2019est apr\u00e8s la naissance de son petit gar\u00e7on, il y a quatre ans, que Cassandre Gallois \u00ab\u00a0est tomb\u00e9e dans l\u2019aquarelle \u00bb.<\/p>\n<p>\u00ab\u00a0Je cherchais une activit\u00e9 pour prendre du temps pour moi dans mes journ\u00e9es bien charg\u00e9es en plein post-partum. Je peignais juste mon quotidien le soir dans un carnet, des petits bouts de mes week-ends\u00a0sans trop r\u00e9fl\u00e9chir\u00a0\u00bb, explique celle qui s\u2019\u00e9tait d\u2019abord pr\u00e9destin\u00e9e aux beaux-arts apr\u00e8s le bac, avant de finalement se former \u00ab\u00a0\u00e0 un m\u00e9tier plus concret\u00a0\u00bb en fac de communication.<\/p>\n<p>\u00ab\u00a0Je dessine depuis que je sais tenir un crayon\u00a0\u00bb<\/p>\n<p>\u00ab\u00a0Mais je dessine depuis que je sais tenir un crayon. J\u2019ai toujours vu mon p\u00e8re&#8230;<\/p>\n","protected":false},"excerpt":{"rendered":"C\u2019est apr\u00e8s la naissance de son petit gar\u00e7on, il y a quatre ans, que Cassandre Gallois \u00ab\u00a0est tomb\u00e9e&hellip;\n","protected":false},"author":2,"featured_media":583770,"comment_status":"","ping_status":"","sticky":false,"template":"","format":"standard","meta":{"footnotes":""},"categories":[1358],"tags":[1348,1384,1385,1386,58,33,10446,59,1011,27,4002,216,15751,25394],"class_list":{"0":"post-583769","1":"post","2":"type-post","3":"status-publish","4":"format-standard","5":"has-post-thumbnail","7":"category-arts-et-design","8":"tag-arts","9":"tag-arts-and-design","10":"tag-arts-et-design","11":"tag-design","12":"tag-divertissement","13":"tag-economie","14":"tag-edition-haute-loire","15":"tag-entertainment","16":"tag-fr","17":"tag-france","18":"tag-haute-loire","19":"tag-vie-des-entreprises","20":"tag-yssingeaux","21":"tag-yssingeaux-ville"},"share_on_mastodon":{"url":"https:\/\/pubeurope.com\/@fr\/115677187468694804","error":""},"_links":{"self":[{"href":"https:\/\/www.europesays.com\/fr\/wp-json\/wp\/v2\/posts\/583769","targetHints":{"allow":["GET"]}}],"collection":[{"href":"https:\/\/www.europesays.com\/fr\/wp-json\/wp\/v2\/posts"}],"about":[{"href":"https:\/\/www.europesays.com\/fr\/wp-json\/wp\/v2\/types\/post"}],"author":[{"embeddable":true,"href":"https:\/\/www.europesays.com\/fr\/wp-json\/wp\/v2\/users\/2"}],"replies":[{"embeddable":true,"href":"https:\/\/www.europesays.com\/fr\/wp-json\/wp\/v2\/comments?post=583769"}],"version-history":[{"count":0,"href":"https:\/\/www.europesays.com\/fr\/wp-json\/wp\/v2\/posts\/583769\/revisions"}],"wp:featuredmedia":[{"embeddable":true,"href":"https:\/\/www.europesays.com\/fr\/wp-json\/wp\/v2\/media\/583770"}],"wp:attachment":[{"href":"https:\/\/www.europesays.com\/fr\/wp-json\/wp\/v2\/media?parent=583769"}],"wp:term":[{"taxonomy":"category","embeddable":true,"href":"https:\/\/www.europesays.com\/fr\/wp-json\/wp\/v2\/categories?post=583769"},{"taxonomy":"post_tag","embeddable":true,"href":"https:\/\/www.europesays.com\/fr\/wp-json\/wp\/v2\/tags?post=583769"}],"curies":[{"name":"wp","href":"https:\/\/api.w.org\/{rel}","templated":true}]}}