{"id":583773,"date":"2025-12-07T07:51:21","date_gmt":"2025-12-07T07:51:21","guid":{"rendered":"https:\/\/www.europesays.com\/fr\/583773\/"},"modified":"2025-12-07T07:51:21","modified_gmt":"2025-12-07T07:51:21","slug":"daniel-balavoine-son-frere-guy-evoque-la-seule-femme-quil-ait-vraiment-aimee-elle-lui-a-meme-inspire-une-celebre-chanson-purepeople","status":"publish","type":"post","link":"https:\/\/www.europesays.com\/fr\/583773\/","title":{"rendered":"Daniel Balavoine : son fr\u00e8re Guy \u00e9voque \u201cla seule femme qu&#039;il ait vraiment aim\u00e9e\u201d, elle lui a m\u00eame inspir\u00e9 une c\u00e9l\u00e8bre chanson &#8211; Purepeople"},"content":{"rendered":"<ol>\n<li><a href=\"https:\/\/news.google.com\/rss\/articles\/CBMi-AFBVV95cUxObzk3dkducDFJcXZ1N0lWNnJqVmJuMXhUYnFPU21UQ2plTnBEV0lMa25abDFGRnVwQzZLTDFBMldvZ0g3X3F2TmxUbmVNMEg5ZVBhNUxNcEdRX3FWYU1jM0hZU0ZoS3JCNlZGTEliaTNLNE9sUVpJdUR0eDBLbW9Tb0VQZlNac185RU1LLVV5LUpaVGhkMTN5WGZVa05zV0JxUDI0Z1FkWEU4TVRHWXlkZHBZWmpUcHdHTm1hOHQyTE55bFdzbWVXNTVMdmFZYVpaWnZSeEEtM2ttaEZ5UW1nS0JLdFpuNnVjRFdTbk04LUU1cm1FSUppeg?oc=5\" target=\"_blank\" rel=\"noopener\">Daniel Balavoine : son fr\u00e8re Guy \u00e9voque \u201cla seule femme qu&rsquo;il ait vraiment aim\u00e9e\u201d, elle lui a m\u00eame inspir\u00e9 une c\u00e9l\u00e8bre chanson<\/a>&nbsp;&nbsp;Purepeople<\/li>\n<li><a href=\"https:\/\/news.google.com\/rss\/articles\/CBMi4AFBVV95cUxPWGJJQ19JVndfZ2tfTmdoS0VSQ0lpTE5GWHNsbkxNaXYxX3c4NkFKWGowMElsUFZiYkhnWm9vM3RzdzJSMUlKLTdXN3pLcUNBY1hGUUE2Vi1Nel9TU3B4U011S3JIUDR0WW1IMG9XeDRFUk55YmRKQ1NSWlFtcTNIekVMRWd0R0Q0TEpoamVFSkQxV3JCdjhOdWxha2VySEU4ZTB5VHZMUEVxQ1JLNzlRLWQweTZIZTQzOTdQeXJ5a3RhU0V0UWY5SUl5TzhSZWZpTG1yQ1VycnhMU3l0MWRkbQ?oc=5\" target=\"_blank\" rel=\"noopener\">\u00ab On a retrouv\u00e9 des seringues \u00bb : le fr\u00e8re de Daniel Balavoine r\u00e9pond aux rumeurs sur l&rsquo;accident d&rsquo;h\u00e9licopt\u00e8re<\/a>&nbsp;&nbsp;parismatch.com<\/li>\n<li><a href=\"https:\/\/news.google.com\/rss\/articles\/CBMipwJBVV95cUxQMjllZS0xMUU4cFBGcVhLaS1xa3hIUTdHV1RUNC1oVzV4R1VwT2REMlBqLXMxZlRuZDVTcUhicXl4eUFDQW9YeWsxV2o0OEh1Y25pM2wxajNJUFF5S2dvX0lKTlFaTmdRV3lJc1VZeGZ6VkhoWWlPTUFTY3F4cEVJZ0lfclQzTzhkd3BneFB2Y2RPdWpzMXZsdVFhdTFBUGJiQmNqZzF2eVplOFNhek43LTdvOGFTNU5RdXhCLVBDOTRUMFZobENzbUlpNlQxUi1mMUtrOURNNlpTSy1RQ1pfZldCWllpTUEyUkwwN2hqaXQ4ZXBOLU5aZHdjOFlzUHVURlpXOVpDaTVOeFdPZnRoWHQ3eU01UlE2NzNsVnQyenZmRmRmdHZr?oc=5\" target=\"_blank\" rel=\"noopener\">\u00ab\u00a0La seule femme qu&rsquo;il ait vraiment aim\u00e9e\u00a0\u00bb : Guy, le fr\u00e8re de Daniel Balavoine, se confie sur Linda Lecomte, qu&rsquo;il a quitt\u00e9e pour construire sa vie de famille<\/a>&nbsp;&nbsp;programme-tv.net<\/li>\n<li><a href=\"https:\/\/news.google.com\/rss\/articles\/CBMixwFBVV95cUxQSHJvMTR4anFoYzN5RWlMUFJrd1NLNFNwN0FGak5pSFduQ0FEWmE4SGxmS21iX3RjMXZfNWowYWJheXJjWTdnblFlUm52OUFILUsxOWFkU2R0d0xsdktndnBJbmdwb1BjdkJQbTVWMVZ3aHQ4b1dsUmFJNXNCNGRYelpPVlhWQVZkUjdJQVJKVWVOWGtnT1pVcnV1TnYxSUw3QmVUX3VuVFcwVWJEVy1ZekhGR2FIRHFuLTh1cXN0VXBuNl9PVUh3?oc=5\" target=\"_blank\" rel=\"noopener\">Lyon. Un spectacle rend hommage \u00e0 Daniel Balavoine, son fr\u00e8re : \u00ab On \u00e9tait ins\u00e9parables \u00bb<\/a>&nbsp;&nbsp;Le Progr\u00e8s<\/li>\n<li><a href=\"https:\/\/news.google.com\/rss\/articles\/CBMipgFBVV95cUxOUUpaNDJOWW15b2FCN0xuX0hveU9kUUIwS09vaUFTSTJrQXUwT01MSzVqMG9VaVdVdGU4TE5nWDJ5VENMTUROcXRBRFlsTm9JeEdUQmlxN1h0VkhlNTNBRjVOQ3NXbFRpeUtOTE44QXlnOHpkMGZlME5aRjhVV3dSOVlTeXpvbW1CY2lHVHM2OV9aa1hFdGEwUE80bE9vaU1vQ2FxR0JB?oc=5\" target=\"_blank\" rel=\"noopener\">Blaye-les-Mines. Gros succ\u00e8s pour le concert hommage \u00e0 Daniel Balavoine<\/a>&nbsp;&nbsp;ladepeche.fr<\/li>\n<\/ol>\n","protected":false},"excerpt":{"rendered":"Daniel Balavoine : son fr\u00e8re Guy \u00e9voque \u201cla seule femme qu&rsquo;il ait vraiment aim\u00e9e\u201d, elle lui a m\u00eame&hellip;\n","protected":false},"author":2,"featured_media":395849,"comment_status":"","ping_status":"","sticky":false,"template":"","format":"standard","meta":{"footnotes":""},"categories":[1355],"tags":[58,59,1011,27,1361,873],"class_list":{"0":"post-583773","1":"post","2":"type-post","3":"status-publish","4":"format-standard","5":"has-post-thumbnail","7":"category-musique","8":"tag-divertissement","9":"tag-entertainment","10":"tag-fr","11":"tag-france","12":"tag-music","13":"tag-musique"},"share_on_mastodon":{"url":"https:\/\/pubeurope.com\/@fr\/115677199448384443","error":""},"_links":{"self":[{"href":"https:\/\/www.europesays.com\/fr\/wp-json\/wp\/v2\/posts\/583773","targetHints":{"allow":["GET"]}}],"collection":[{"href":"https:\/\/www.europesays.com\/fr\/wp-json\/wp\/v2\/posts"}],"about":[{"href":"https:\/\/www.europesays.com\/fr\/wp-json\/wp\/v2\/types\/post"}],"author":[{"embeddable":true,"href":"https:\/\/www.europesays.com\/fr\/wp-json\/wp\/v2\/users\/2"}],"replies":[{"embeddable":true,"href":"https:\/\/www.europesays.com\/fr\/wp-json\/wp\/v2\/comments?post=583773"}],"version-history":[{"count":0,"href":"https:\/\/www.europesays.com\/fr\/wp-json\/wp\/v2\/posts\/583773\/revisions"}],"wp:featuredmedia":[{"embeddable":true,"href":"https:\/\/www.europesays.com\/fr\/wp-json\/wp\/v2\/media\/395849"}],"wp:attachment":[{"href":"https:\/\/www.europesays.com\/fr\/wp-json\/wp\/v2\/media?parent=583773"}],"wp:term":[{"taxonomy":"category","embeddable":true,"href":"https:\/\/www.europesays.com\/fr\/wp-json\/wp\/v2\/categories?post=583773"},{"taxonomy":"post_tag","embeddable":true,"href":"https:\/\/www.europesays.com\/fr\/wp-json\/wp\/v2\/tags?post=583773"}],"curies":[{"name":"wp","href":"https:\/\/api.w.org\/{rel}","templated":true}]}}