{"id":583774,"date":"2025-12-07T07:52:27","date_gmt":"2025-12-07T07:52:27","guid":{"rendered":"https:\/\/www.europesays.com\/fr\/583774\/"},"modified":"2025-12-07T07:52:27","modified_gmt":"2025-12-07T07:52:27","slug":"critique-tout-sur-la-mere","status":"publish","type":"post","link":"https:\/\/www.europesays.com\/fr\/583774\/","title":{"rendered":"critique Tout sur la m\u00e8re"},"content":{"rendered":"<p>        Charit\u00e9 bien ordonn\u00e9e\u2026<\/p>\n<p>En France, <strong>Teresa <\/strong>est forc\u00e9ment attendu avec m\u00e9fiance. Comment ne pas penser \u00e0 notre ic\u00f4ne de charit\u00e9 locale, dont le vrai visage a \u00e9t\u00e9 r\u00e9v\u00e9l\u00e9 en 2024, quelques mois \u00e0 peine apr\u00e8s la sortie d\u2019un biopic enti\u00e8rement \u00e0 sa gloire ?<strong> L\u2019Abb\u00e9 Pierre \u2013 Une vie de combat<\/strong> est d\u00e9sormais un v\u00e9ritable cas d\u2019\u00e9cole, d\u00e9montrant malgr\u00e9 lui les grosses limites des hagiographies que les studios affectionnent tant. <strong>Clairement, le cin\u00e9ma a plus int\u00e9r\u00eat \u00e0 s\u2019int\u00e9resser aux humains qu\u2019aux grands homme<\/strong>s. Ou aux grandes femmes.<\/p>\n<p><a href=\"https:\/\/www.ecranlarge.com\/content\/uploads\/2025\/12\/1f03433da0ec4bda347813325cc3748c.jpg\" target=\"_blank\" rel=\"noopener\"><\/p>\n<p><img loading=\"lazy\" decoding=\"async\" alt=\"Teresa\" src=\"https:\/\/www.europesays.com\/fr\/wp-content\/uploads\/2025\/12\/1f03433da0ec4bda347813325cc3748c-1260x681.jpg\" width=\"1260\" height=\"681\"  \/><\/p>\n<p><\/a>Tu es pauvre ? Arr\u00eate.<\/p>\n<p>Heureusement,<strong> le film consacr\u00e9 \u00e0 m\u00e8re Teresa n\u2019est pas du tout du m\u00eame tonneau<\/strong>. Pas question ici de conforter le spectateur dans son admiration aveugle d\u2019une figure quasi mystique. Et heureusement, car derri\u00e8re cette figure, il y a une personnalit\u00e9 dont les m\u00e9thodes ont \u00e9t\u00e9 tr\u00e8s critiqu\u00e9es, y compris par des volontaires choqu\u00e9s de constater l\u2019absence de soins prodigu\u00e9s dans ses fameux mouroirs. La souffrance, aurait-elle consid\u00e9r\u00e9, est une \u00e9preuve n\u00e9cessaire. Son confesseur aurait peut-\u00eatre su absoudre ses fautes s\u2019il n\u2019\u00e9tait pas lui-m\u00eame un agresseur sexuel p\u00e9dophile, qu\u2019elle s\u2019\u00e9vertua \u00e0 d\u00e9fendre avant qu\u2019il n\u2019\u00e9cope de 25 ans de prison.<\/p>\n<p>\u00c0 vrai dire, la d\u00e9marche de Teona Strugar Mitevska n\u2019est ni de la porter aux nues ni de clouer au pilori une femme qui a inspir\u00e9 tant de vocations, comme l\u2019a fait Christophe Hitchens en 1998. Elle choisit plut\u00f4t d\u2019affabuler sur l\u2019un des tournants de son existence : le moment o\u00f9 l\u2019\u00c9glise lui a permis de lancer son propre ordre, celui-l\u00e0 m\u00eame qui en a fait une superstar de la charit\u00e9. \u00c0 travers elle, et une histoire plus d\u00e9riv\u00e9e que v\u00e9ritablement inspir\u00e9e de la vie de la religieuse,<strong> elle s\u2019approche de l\u2019instant o\u00f9 le d\u00e9vouement et l\u2019ambition s\u2019entrechoquent<\/strong>.<\/p>\n<p><a href=\"https:\/\/www.ecranlarge.com\/content\/uploads\/2025\/12\/019b5996d68d212a88a697de6ae8ce0a.jpg\" target=\"_blank\" rel=\"noopener\"><\/p>\n<p><img loading=\"lazy\" decoding=\"async\" alt=\"Teresa\" src=\"https:\/\/www.europesays.com\/fr\/wp-content\/uploads\/2025\/12\/019b5996d68d212a88a697de6ae8ce0a-1260x709.jpg\" width=\"1260\" height=\"709\"  \/><\/p>\n<p><\/a>Vous allez vous aimer les uns les autres, bordel de merde ?\u2026commence par soi-m\u00eame<\/p>\n<p>Pendant la premi\u00e8re partie, le film se montre assez pertinent dans son examen, <strong>bien aid\u00e9 par la performance impeccable de Noomi Rapace<\/strong>. \u00c9vitant les gesticulations des acteurs en qu\u00eate d\u2019Oscar, l\u2019actrice affiche aussi bien sa fermet\u00e9 que son orgueil. Teresa parvient \u00e0 concilier l\u2019asc\u00e8se qu\u2019elle impose \u00e0 ses s\u0153urs, et qu\u2019elle confond parfois avec l\u2019exploitation quand elle cesse de les appeler par leur pr\u00e9nom, avec son envie profonde de s\u2019\u00e9manciper des murs de son couvent pour voler de ses propres ailes.<\/p>\n<p>L\u2019\u00e9v\u00e8nement qui vient perturber son num\u00e9ro d\u2019\u00e9quilibriste moral \u2013 sa potentielle successeuse est enceinte \u2013 n\u2019est pas choisi au hasard : \u00e0 Washington, m\u00e8re Teresa avait qualifi\u00e9 l\u2019avortement de \u00ab\u00a0plus grande menace pour la paix\u00a0\u00bb. Le sc\u00e9nario ne cesse de mettre en sc\u00e8ne <strong>l\u2019obsession contradictoire de la religion catholique pour la maternit\u00e9<\/strong>, qui vient encore embrouiller la vocation de notre h\u00e9ro\u00efne. D\u2019ailleurs, le titre original (<strong>Mother<\/strong>), certes moins \u00e9vocateur, fait r\u00e9f\u00e9rence \u00e0 ce d\u00e9sir de maternit\u00e9 plus ou moins larv\u00e9, ironiquement refus\u00e9 \u00e0 celle qu\u2019on appelle \u00ab\u00a0m\u00e8re\u00a0\u00bb \u00e0 longueur de journ\u00e9e.<\/p>\n<p><a href=\"https:\/\/www.ecranlarge.com\/content\/uploads\/2025\/12\/148371f4baf5d0ca3622c0af8da1fff5.jpg\" target=\"_blank\" rel=\"noopener\"><\/p>\n<p><img loading=\"lazy\" decoding=\"async\" alt=\"Teresa\" src=\"https:\/\/www.europesays.com\/fr\/wp-content\/uploads\/2025\/12\/148371f4baf5d0ca3622c0af8da1fff5-1260x681.jpg\" width=\"1260\" height=\"681\"  \/><\/p>\n<p><\/a>Deux mondes qui se supportent, puis se heurtent<\/p>\n<p>Qu\u2019il prenne la forme d\u2019une prot\u00e9g\u00e9e servile, de n\u00e9cessiteux nourris \u00e0 la main ou d\u2019un nouvel ordre qu\u2019elle pourra \u00e9duquer \u00e0 coups de pr\u00e9ceptes rigoristes,<strong> m\u00e8re Teresa est ici en qu\u00eate d\u2019un enfant sur lequel exercer son autorit\u00e9<\/strong>. Expos\u00e9s dans toute l\u2019horreur de leur pr\u00e9carit\u00e9, les pauvres dont elle s\u2019occupe disparaissent peu \u00e0 peu de l\u2019\u00e9quation, \u00e9crabouill\u00e9s par le paternalisme non pas seulement d\u2019une religieuse, mais de la hi\u00e9rarchie au sein de laquelle elle \u00e9volue p\u00e9niblement.<\/p>\n<p>Des id\u00e9es ressass\u00e9es en long, en large et en travers \u00e0 partir de la seconde partie, qui en rajoute huit couches plut\u00f4t que de creuser un peu plus loin. Ce qui alors se lisait sur le visage faussement impassible de Rapace est \u00e9tal\u00e9 sur l\u2019\u00e9cran \u00e0 grands coups de proc\u00e9d\u00e9s un poil lourds (contrepoints musicaux, d\u00e9cors qui r\u00e9tr\u00e9cissent\u2026). Coinc\u00e9e par sa fen\u00eatre temporelle tr\u00e8s r\u00e9duite,<strong> la cin\u00e9aste s\u2019y enferme et se d\u00e9bat un peu avec ses effets de style<\/strong>. On salue toutefois l\u2019effort, qui n\u2019a jamais revendiqu\u00e9 une quelconque subversion, n\u2019en d\u00e9plaise \u00e0 ceux qu\u2019il a irrit\u00e9s.<\/p>\n<p><a href=\"https:\/\/www.ecranlarge.com\/content\/uploads\/2025\/12\/affiche-1.jpg\" target=\"_blank\" rel=\"noopener\"><\/p>\n<p><img loading=\"lazy\" decoding=\"async\" alt=\"Affiche Teresa\" src=\"https:\/\/www.europesays.com\/fr\/wp-content\/uploads\/2025\/12\/affiche-1-1260x1712.jpg\" width=\"1260\" height=\"1712\"  \/><\/p>\n<p><\/a><\/p>\n","protected":false},"excerpt":{"rendered":"Charit\u00e9 bien ordonn\u00e9e\u2026 En France, Teresa est forc\u00e9ment attendu avec m\u00e9fiance. Comment ne pas penser \u00e0 notre ic\u00f4ne&hellip;\n","protected":false},"author":2,"featured_media":583775,"comment_status":"","ping_status":"","sticky":false,"template":"","format":"standard","meta":{"footnotes":""},"categories":[1354],"tags":[58,59,1346,1011,27,1360],"class_list":{"0":"post-583774","1":"post","2":"type-post","3":"status-publish","4":"format-standard","5":"has-post-thumbnail","7":"category-films","8":"tag-divertissement","9":"tag-entertainment","10":"tag-films","11":"tag-fr","12":"tag-france","13":"tag-movies"},"share_on_mastodon":{"url":"https:\/\/pubeurope.com\/@fr\/115677205015550512","error":""},"_links":{"self":[{"href":"https:\/\/www.europesays.com\/fr\/wp-json\/wp\/v2\/posts\/583774","targetHints":{"allow":["GET"]}}],"collection":[{"href":"https:\/\/www.europesays.com\/fr\/wp-json\/wp\/v2\/posts"}],"about":[{"href":"https:\/\/www.europesays.com\/fr\/wp-json\/wp\/v2\/types\/post"}],"author":[{"embeddable":true,"href":"https:\/\/www.europesays.com\/fr\/wp-json\/wp\/v2\/users\/2"}],"replies":[{"embeddable":true,"href":"https:\/\/www.europesays.com\/fr\/wp-json\/wp\/v2\/comments?post=583774"}],"version-history":[{"count":0,"href":"https:\/\/www.europesays.com\/fr\/wp-json\/wp\/v2\/posts\/583774\/revisions"}],"wp:featuredmedia":[{"embeddable":true,"href":"https:\/\/www.europesays.com\/fr\/wp-json\/wp\/v2\/media\/583775"}],"wp:attachment":[{"href":"https:\/\/www.europesays.com\/fr\/wp-json\/wp\/v2\/media?parent=583774"}],"wp:term":[{"taxonomy":"category","embeddable":true,"href":"https:\/\/www.europesays.com\/fr\/wp-json\/wp\/v2\/categories?post=583774"},{"taxonomy":"post_tag","embeddable":true,"href":"https:\/\/www.europesays.com\/fr\/wp-json\/wp\/v2\/tags?post=583774"}],"curies":[{"name":"wp","href":"https:\/\/api.w.org\/{rel}","templated":true}]}}