{"id":583778,"date":"2025-12-07T07:54:18","date_gmt":"2025-12-07T07:54:18","guid":{"rendered":"https:\/\/www.europesays.com\/fr\/583778\/"},"modified":"2025-12-07T07:54:18","modified_gmt":"2025-12-07T07:54:18","slug":"le-sacre-en-formule-1","status":"publish","type":"post","link":"https:\/\/www.europesays.com\/fr\/583778\/","title":{"rendered":"le sacre en formule 1"},"content":{"rendered":"<p>                     <img loading=\"lazy\" decoding=\"async\" src=\"https:\/\/www.europesays.com\/fr\/wp-content\/uploads\/2025\/12\/7ce3e4d_upload-1-2v8o8dfqcb3x-000-72wh2fb.jpg\" alt=\"Les pilotes de McLaren, Oscar Piastri (\u00e0 gauche) et Lando Norris, et leur rival de l\u2019\u00e9curie Red Bull, Max Verstappen, le 30\u00a0ao\u00fbt\u00a02025, en marge du Grand Prix des Pays-Bas, \u00e0 Zandvoort (Pays-Bas).\"   width=\"664\" height=\"443\"\/>    Les pilotes de McLaren, Oscar Piastri (\u00e0 gauche) et Lando Norris, et leur rival de l\u2019\u00e9curie Red Bull, Max Verstappen, le 30\u00a0ao\u00fbt\u00a02025, en marge du Grand Prix des Pays-Bas, \u00e0 Zandvoort (Pays-Bas).  JOHN THYS \/ AFP                 <\/p>\n<p class=\"article__paragraph  \">Le suspense est enfin de retour sur les circuits de formule 1. Apr\u00e8s trois saisons au cours desquelles Max Verstappen (Red Bull) aura exerc\u00e9 une domination sans partage, lui assurant un sacre pr\u00e9coce, il aura fallu attendre l\u2019ultime Grand Prix (GP) de la saison, dimanche 7\u00a0d\u00e9cembre, \u00e0 Abou Dhabi, pour savoir qui va d\u00e9crocher le titre de champion du monde 2025. A la diff\u00e9rence de 2021, lorsque le pilote n\u00e9erlandais avait surclass\u00e9 son rival Lewis Hamilton dans le dernier tour de l\u2019ultime course, ils sont encore trois \u00e0 r\u00eaver de cons\u00e9cration.<\/p>\n<p>   Lire plus tard  <\/p>\n<p class=\"article__paragraph  \">Leader du classement mondial, Lando Norris (McLaren) se pr\u00e9sente sur la ligne de d\u00e9part du GP \u00e9mirati \u2013 dont il occupe la deuxi\u00e8me place\u00a0\u2013 en position favorable. En effet, il dispose de 12\u00a0points d\u2019avance sur Max Verstappen, qui a fini premier des qualifications, et 16\u00a0sur son co\u00e9quipier, l\u2019Australien Oscar Piastri, troisi\u00e8me sur la grille. Le Britannique de 26\u00a0ans n\u2019a besoin que d\u2019un podium \u2013 qui serait son 18e de l\u2019ann\u00e9e \u2013 pour \u00eatre certain de devancer d\u00e9finitivement ses adversaires et de s\u2019adjuger une premi\u00e8re couronne mondiale. \u00ab\u00a0Mes r\u00e9sultats pr\u00e9c\u00e9dents m\u2019ont permis de me mettre dans cette position, rappelait-il, dimanche 30\u00a0novembre, au sortir d\u2019un Grand Prix du Qatar mal n\u00e9goci\u00e9 par son \u00e9quipe (il a termin\u00e9 4e). On encaisse le coup, et on verra bien ce que l\u2019on peut faire [dimanche].\u00a0\u00bb<\/p>\n<p class=\"reading-mode-only \"><strong>Il vous reste 77.31% de cet article \u00e0 lire. La suite est r\u00e9serv\u00e9e aux abonn\u00e9s.<\/strong><\/p>\n","protected":false},"excerpt":{"rendered":"Les pilotes de McLaren, Oscar Piastri (\u00e0 gauche) et Lando Norris, et leur rival de l\u2019\u00e9curie Red Bull,&hellip;\n","protected":false},"author":2,"featured_media":583779,"comment_status":"","ping_status":"","sticky":false,"template":"","format":"standard","meta":{"footnotes":""},"categories":[9],"tags":[1011,27,60],"class_list":{"0":"post-583778","1":"post","2":"type-post","3":"status-publish","4":"format-standard","5":"has-post-thumbnail","7":"category-sports","8":"tag-fr","9":"tag-france","10":"tag-sports"},"share_on_mastodon":{"url":"https:\/\/pubeurope.com\/@fr\/115677211448858658","error":""},"_links":{"self":[{"href":"https:\/\/www.europesays.com\/fr\/wp-json\/wp\/v2\/posts\/583778","targetHints":{"allow":["GET"]}}],"collection":[{"href":"https:\/\/www.europesays.com\/fr\/wp-json\/wp\/v2\/posts"}],"about":[{"href":"https:\/\/www.europesays.com\/fr\/wp-json\/wp\/v2\/types\/post"}],"author":[{"embeddable":true,"href":"https:\/\/www.europesays.com\/fr\/wp-json\/wp\/v2\/users\/2"}],"replies":[{"embeddable":true,"href":"https:\/\/www.europesays.com\/fr\/wp-json\/wp\/v2\/comments?post=583778"}],"version-history":[{"count":0,"href":"https:\/\/www.europesays.com\/fr\/wp-json\/wp\/v2\/posts\/583778\/revisions"}],"wp:featuredmedia":[{"embeddable":true,"href":"https:\/\/www.europesays.com\/fr\/wp-json\/wp\/v2\/media\/583779"}],"wp:attachment":[{"href":"https:\/\/www.europesays.com\/fr\/wp-json\/wp\/v2\/media?parent=583778"}],"wp:term":[{"taxonomy":"category","embeddable":true,"href":"https:\/\/www.europesays.com\/fr\/wp-json\/wp\/v2\/categories?post=583778"},{"taxonomy":"post_tag","embeddable":true,"href":"https:\/\/www.europesays.com\/fr\/wp-json\/wp\/v2\/tags?post=583778"}],"curies":[{"name":"wp","href":"https:\/\/api.w.org\/{rel}","templated":true}]}}