{"id":583782,"date":"2025-12-07T07:56:13","date_gmt":"2025-12-07T07:56:13","guid":{"rendered":"https:\/\/www.europesays.com\/fr\/583782\/"},"modified":"2025-12-07T07:56:13","modified_gmt":"2025-12-07T07:56:13","slug":"et-si-la-plus-grande-menace-pour-lhumanite-se-trouvait-au-pole-nord-et-que-nous-layons-deja-reveillee","status":"publish","type":"post","link":"https:\/\/www.europesays.com\/fr\/583782\/","title":{"rendered":"Et si la plus grande menace pour l&rsquo;humanit\u00e9 se trouvait au P\u00f4le Nord ? (Et que nous l&rsquo;ayons d\u00e9j\u00e0 r\u00e9veill\u00e9e)"},"content":{"rendered":"<p class=\"whitespace-normal break-words\"><strong>Les oc\u00e9ans polaires lib\u00e9raient autrefois des quantit\u00e9s massives de <a href=\"https:\/\/sciencepost.fr\/parmi-tous-les-emetteurs-de-gaz-a-effet-de-serre-sur-terre-cette-organisation-americaine-remporte-la-palme\/\" target=\"_blank\" rel=\"noopener\">gaz \u00e0 effet de serre<\/a>. Des chercheurs viennent de d\u00e9couvrir que ce m\u00e9canisme oubli\u00e9 pourrait se r\u00e9activer et acc\u00e9l\u00e9rer dramatiquement le r\u00e9chauffement de la plan\u00e8te. les d\u00e9tails de l\u2019\u00e9tude sont publi\u00e9s dans la revue <a class=\"hawk-link-parsed\" href=\"https:\/\/doi.org\/10.1038\/s41561-025-01784-3\" target=\"_blank\" rel=\"noopener\" data-analytics-id=\"inline-link\" data-url=\"https:\/\/doi.org\/10.1038\/s41561-025-01784-3\" data-hl-processed=\"none\" data-custom-tracking-id=\"1327481230755340623\" data-hawk-tracked=\"hawklinks\" data-google-interstitial=\"false\" data-mrf-recirculation=\"[Livescience] Article - Inline Link\" data-mrf-link=\"https:\/\/doi.org\/10.1038\/s41561-025-01784-3\">Nature Geoscience<\/a>.<\/strong><\/p>\n<p>Un pass\u00e9 qui revient nous hanter<\/p>\n<p class=\"whitespace-normal break-words\">Pour comprendre notre avenir climatique, les scientifiques regardent loin en arri\u00e8re. Il y a environ 56 millions d\u2019ann\u00e9es, la Terre a connu un \u00e9v\u00e9nement traumatisant appel\u00e9 le maximum thermique du Pal\u00e9oc\u00e8ne-\u00c9oc\u00e8ne. Durant cette p\u00e9riode, le climat s\u2019est r\u00e9chauff\u00e9 rapidement, les oc\u00e9ans se sont acidifi\u00e9s, et d\u2019immenses quantit\u00e9s de gaz \u00e0 effet de serre se sont \u00e9chapp\u00e9es dans l\u2019atmosph\u00e8re. Cet \u00e9v\u00e9nement ancien repr\u00e9sente en r\u00e9alit\u00e9 notre meilleur laboratoire pour \u00e9tudier le changement climatique : un syst\u00e8me d\u00e9r\u00e9gul\u00e9 par des perturbations du cycle du carbone, exactement comme aujourd\u2019hui.<\/p>\n<p class=\"whitespace-normal break-words\">Une \u00e9quipe de chercheurs a d\u00e9cid\u00e9 de remonter le fil du temps en \u00e9tudiant des s\u00e9diments marins for\u00e9s au c\u0153ur de l\u2019oc\u00e9an Arctique. Ces carottes g\u00e9antes, mesurant 15 m\u00e8tres de profondeur, constituent une sorte de machine \u00e0 remonter le temps gel\u00e9e : elles pr\u00e9servent intact le r\u00e9cit de cette p\u00e9riode lointaine, \u00e9crit dans les couches rocheuses.<\/p>\n<p>Le cycle du m\u00e9thane : quand les microbes jouent aux apprentis sorciers<\/p>\n<p class=\"whitespace-normal break-words\">Le m\u00e9thane intrigue les climatologues depuis des d\u00e9cennies. Ce gaz est le deuxi\u00e8me responsable du r\u00e9chauffement plan\u00e9taire apr\u00e8s le dioxyde de carbone, mais bien plus puissant \u00e0 court terme. Depuis 2020, ses \u00e9missions augmentent deux fois plus vite que celles du CO2. Pourtant, les scientifiques ne comprennent toujours pas vraiment comment ce gaz se comportera \u00e0 mesure que la plan\u00e8te se r\u00e9chauffe.<\/p>\n<p class=\"whitespace-normal break-words\">Sur le fond des oc\u00e9ans vivent des cr\u00e9atures microscopiques invisibles \u00e0 l\u2019\u0153il nu, mais redoutables par leur nombre et leur impact. Ces microbes sont les principaux gardiens du m\u00e9thane : ils le consomment selon deux m\u00e9canismes distincts. Le premier, appel\u00e9 oxydation ana\u00e9robie du m\u00e9thane, se d\u00e9roule en profondeur dans les s\u00e9diments, sans oxyg\u00e8ne. Le second, l\u2019oxydation a\u00e9robie, intervient dans la colonne d\u2019eau, l\u00e0 o\u00f9 il y a de l\u2019oxyg\u00e8ne. Cette distinction en apparence technique cache en r\u00e9alit\u00e9 une diff\u00e9rence cruciale : le premier processus produit du bicarbonate, qui stabilise les oc\u00e9ans, tandis que le second lib\u00e8re du CO2, le gaz responsable du r\u00e9chauffement.<\/p>\n<p>La catastrophe silencieuse d\u2019il y a 56 millions d\u2019ann\u00e9es<\/p>\n<p class=\"whitespace-normal break-words\">Voici o\u00f9 la d\u00e9couverte devient inqui\u00e9tante. En analysant les mol\u00e9cules organiques pr\u00e9serv\u00e9es dans les s\u00e9diments, les chercheurs ont identifi\u00e9 les signatures chimiques des microbes mangeurs de m\u00e9thane. Ils ont constat\u00e9 un changement radical au cours du PETM : les m\u00e9canismes habituels d\u2019absorption du m\u00e9thane se sont effondr\u00e9s.<\/p>\n<p class=\"whitespace-normal break-words\">Avant la crise thermique, le m\u00e9thane \u00e9tait efficacement captur\u00e9 par le premier processus, celui qui produit du bicarbonate. Mais d\u00e8s que le r\u00e9chauffement a d\u00e9but\u00e9, ce syst\u00e8me de filtrage naturel s\u2019est enray\u00e9. Les chercheurs pensent que le m\u00e9thane de fonds s\u2019est \u00e9chapp\u00e9 en quantit\u00e9s catastrophiques, surchargeant la capacit\u00e9 des microbes \u00e0 l\u2019absorber. Le m\u00e9thane s\u2019est alors propag\u00e9 dans la colonne d\u2019eau, o\u00f9 l\u2019oxyg\u00e8ne \u00e9tait disponible. L\u00e0, un autre groupe de microbes a pris le relais, mais avec un effet inverse : au lieu de stabiliser l\u2019oc\u00e9an, ils ont lib\u00e9r\u00e9 du CO2 dans l\u2019atmosph\u00e8re.<\/p>\n<p class=\"whitespace-normal break-words\">Cet encha\u00eenement a d\u00e9clench\u00e9 une r\u00e9action en cha\u00eene d\u00e9sastreuse. L\u2019augmentation de CO2 a amplifi\u00e9 le r\u00e9chauffement et l\u2019acidification. Parall\u00e8lement, la consommation d\u2019oxyg\u00e8ne par ces nouveaux microbes a \u00e9touff\u00e9 les fonds marins, permettant \u00e0 des organismes ana\u00e9robies de prolif\u00e9rer. Ces derniers ont absorb\u00e9 le sulfate disponible, affamant encore davantage les premiers microbes protecteurs. Un v\u00e9ritable cauchemar climatique auto-entretenu.<\/p>\n<p><img loading=\"lazy\" data-lazyloaded=\"1\" decoding=\"async\" class=\"aligncenter wp-image-317960 size-full\" src=\"https:\/\/www.europesays.com\/fr\/wp-content\/uploads\/2025\/12\/iStock-2163210400-scaled.jpg\" alt=\"Arctique m\u00e9thane\" width=\"2048\" height=\"1365\"  data-\/>Cr\u00e9dit : Mumemories\/istock<\/p>\n<p>L\u2019Arctique en 2025 : r\u00e9p\u00e9tera-t-il l\u2019histoire ?<\/p>\n<p class=\"whitespace-normal break-words\">La question qui terrorise les climatologues est simple mais terrifiante : ce sc\u00e9nario catastrophique se reproduira-t-il dans l\u2019Arctique moderne, o\u00f9 l\u2019oc\u00e9an se r\u00e9chauffe deux fois plus vite que la moyenne mondiale ?<\/p>\n<p class=\"whitespace-normal break-words\">Bumsoo Kim, l\u2019auteur principal de l\u2019\u00e9tude, r\u00e9pond sans d\u00e9tour : \u00ab Nous pensons que c\u2019est possible et tr\u00e8s probable. \u00bb L\u2019oc\u00e9an Arctique s\u2019ass\u00e8che et se r\u00e9chauffe, consommant davantage d\u2019oxyg\u00e8ne. Les conditions favorisant ce basculement se mettent lentement en place.<\/p>\n<p class=\"whitespace-normal break-words\">Cependant, d\u2019autres scientifiques appellent \u00e0 la prudence. Sandra Kirtland Turner, une experte en pal\u00e9oclimatologie, souligne que les oc\u00e9ans d\u2019aujourd\u2019hui ne sont pas exactement identiques \u00e0 ceux d\u2019il y a 56 millions d\u2019ann\u00e9es. L\u2019Arctique \u00e9tait autrefois plus isol\u00e9, et sa chimie oc\u00e9anique radicalement diff\u00e9rente.<\/p>\n<p class=\"whitespace-normal break-words\">Malgr\u00e9 ces nuances, tous les chercheurs s\u2019accordent sur un point : le cycle du carbone peut amplifier ou prolonger le r\u00e9chauffement bien au-del\u00e0 de nos pr\u00e9visions actuelles. Or, rares sont les mod\u00e8les climatiques qui int\u00e8grent pleinement ces r\u00e9troactions complexes au-del\u00e0 de 2100. Nous naviguons \u00e0 l\u2019aveugle face \u00e0 une menace que nous ne comprenons qu\u2019\u00e0 moiti\u00e9.<\/p>\n","protected":false},"excerpt":{"rendered":"Les oc\u00e9ans polaires lib\u00e9raient autrefois des quantit\u00e9s massives de gaz \u00e0 effet de serre. Des chercheurs viennent de&hellip;\n","protected":false},"author":2,"featured_media":583783,"comment_status":"","ping_status":"","sticky":false,"template":"","format":"standard","meta":{"footnotes":""},"categories":[7],"tags":[1011,27,43,40,41,39,42,44],"class_list":{"0":"post-583782","1":"post","2":"type-post","3":"status-publish","4":"format-standard","5":"has-post-thumbnail","7":"category-sciences-et-technologies","8":"tag-fr","9":"tag-france","10":"tag-science","11":"tag-science-and-technology","12":"tag-sciences","13":"tag-sciences-et-technologies","14":"tag-technologies","15":"tag-technology"},"share_on_mastodon":{"url":"https:\/\/pubeurope.com\/@fr\/115677219636966871","error":""},"_links":{"self":[{"href":"https:\/\/www.europesays.com\/fr\/wp-json\/wp\/v2\/posts\/583782","targetHints":{"allow":["GET"]}}],"collection":[{"href":"https:\/\/www.europesays.com\/fr\/wp-json\/wp\/v2\/posts"}],"about":[{"href":"https:\/\/www.europesays.com\/fr\/wp-json\/wp\/v2\/types\/post"}],"author":[{"embeddable":true,"href":"https:\/\/www.europesays.com\/fr\/wp-json\/wp\/v2\/users\/2"}],"replies":[{"embeddable":true,"href":"https:\/\/www.europesays.com\/fr\/wp-json\/wp\/v2\/comments?post=583782"}],"version-history":[{"count":0,"href":"https:\/\/www.europesays.com\/fr\/wp-json\/wp\/v2\/posts\/583782\/revisions"}],"wp:featuredmedia":[{"embeddable":true,"href":"https:\/\/www.europesays.com\/fr\/wp-json\/wp\/v2\/media\/583783"}],"wp:attachment":[{"href":"https:\/\/www.europesays.com\/fr\/wp-json\/wp\/v2\/media?parent=583782"}],"wp:term":[{"taxonomy":"category","embeddable":true,"href":"https:\/\/www.europesays.com\/fr\/wp-json\/wp\/v2\/categories?post=583782"},{"taxonomy":"post_tag","embeddable":true,"href":"https:\/\/www.europesays.com\/fr\/wp-json\/wp\/v2\/tags?post=583782"}],"curies":[{"name":"wp","href":"https:\/\/api.w.org\/{rel}","templated":true}]}}