{"id":583784,"date":"2025-12-07T07:57:11","date_gmt":"2025-12-07T07:57:11","guid":{"rendered":"https:\/\/www.europesays.com\/fr\/583784\/"},"modified":"2025-12-07T07:57:11","modified_gmt":"2025-12-07T07:57:11","slug":"vos-illuminations-de-noel-a-la-maison-sont-jolies-mais-voici-de-combien-elles-font-vraiment-grimper-votre-facture-delectricite","status":"publish","type":"post","link":"https:\/\/www.europesays.com\/fr\/583784\/","title":{"rendered":"Vos illuminations de No\u00ebl \u00e0 la maison sont jolies, mais voici de combien elles font vraiment grimper votre facture d&rsquo;\u00e9lectricit\u00e9"},"content":{"rendered":"<p>Les fa\u00e7ades qui scintillent, les balcons qui clignotent, le<br \/>\nsapin qui brille dans le salon\u2026 Les illuminations de No\u00ebl font<br \/>\npartie du d\u00e9cor, mais elles arrivent d\u00e9sormais dans un contexte de<br \/>\nprix de l\u2019\u00e9nergie en hausse et d\u2019appels \u00e0 la sobri\u00e9t\u00e9. Beaucoup de<br \/>\nm\u00e9nages se demandent si ces lumi\u00e8res de f\u00eate risquent de plomber la<br \/>\nfacture d\u2019\u00e9lectricit\u00e9 de d\u00e9cembre.<\/p>\n<p>Les principaux postes de d\u00e9penses restent le chauffage et<br \/>\nl\u2019\u00e9clairage du quotidien, pourtant la question revient chaque ann\u00e9e<br \/>\n: combien co\u00fbtent vraiment les guirlandes et personnages lumineux<br \/>\ninstall\u00e9s \u00e0 la maison, et \u00e0 partir de quand la note commence \u00e0<br \/>\ngrimper ? Les donn\u00e9es de l\u2019Ademe, de Hello Watt ou de Wattissime<br \/>\npermettent aujourd\u2019hui d\u2019y voir plus clair, chiffres \u00e0 l\u2019appui.<\/p>\n<p>Illuminations de No\u00ebl et facture d\u2019\u00e9lectricit\u00e9 : les vrais<br \/>\nordres de grandeur<\/p>\n<p>La consommation d\u2019une d\u00e9coration se calcule en multipliant sa<br \/>\npuissance en watts par le nombre d\u2019heures d\u2019utilisation et de<br \/>\njours, puis en convertissant en kWh. Un exemple donn\u00e9 par<br \/>\n<strong>Le Figaro Maison<\/strong> : une guirlande de 30 W utilis\u00e9e<br \/>\n4 heures par jour pendant 20 jours consomme 2,4 kWh, soit environ<br \/>\n0,60 \u20ac avec un prix moyen de 0,2516 \u20ac\/kWh. Selon Hello Watt, un<br \/>\nfoyer allume en moyenne ses d\u00e9corations 5 heures par jour pendant<br \/>\n20 jours.<\/p>\n<p>Dans ce sc\u00e9nario, \u00ab\u00a0Si vous installez une petite guirlande de 50<br \/>\nWatts durant cette p\u00e9riode, vous allez consommer 5 kWh soit 78<br \/>\ncentimes, si vous payez votre \u00e9lectricit\u00e9 au tarif r\u00e9glement\u00e9\u00a0\u00bb,<br \/>\nd\u00e9taille Hello Watt, cit\u00e9 par Le Figaro Immobilier. La m\u00eame \u00e9tude<br \/>\ndonne 0,39 \u20ac pour une d\u00e9coration de 25 W de type renne ou p\u00e8re No\u00ebl<br \/>\nclignotant, et 2,3 \u20ac environ pour une guirlande tubes \u00e0 LED de 9<br \/>\nm\u00e8tres et 147 W sur la fa\u00e7ade. Le barom\u00e8tre Wattissime, repris par<br \/>\nle m\u00eame article, chiffre \u00e0 environ 10 \u20ac la facture totale d\u2019un<br \/>\nensemble tr\u00e8s fourni (renne lumineux, p\u00e8re No\u00ebl, sapin, tubes LED<br \/>\nde fa\u00e7ade, d\u00e9corations de fen\u00eatres et guirlandes du sapin).<\/p>\n<p>Guirlandes LED, ext\u00e9rieurs et dur\u00e9e d\u2019allumage : ce qui p\u00e8se<br \/>\nvraiment<\/p>\n<p>Les illuminations ext\u00e9rieures repr\u00e9sentent la plus grande part<br \/>\nde la consommation. D\u2019apr\u00e8s une enqu\u00eate de l\u2019Ademe cit\u00e9e par<br \/>\nVattenfall, les guirlandes restent allum\u00e9es en moyenne 178 heures<br \/>\npendant les f\u00eates, et en moyenne 4 d\u00e9corations lumineuses<br \/>\next\u00e9rieures sont install\u00e9es par m\u00e9nage, soit 28,8 millions<br \/>\nd\u2019\u00e9l\u00e9ments lumineux. Dans 4,2 millions de foyers, ces d\u00e9corations<br \/>\nrestent allum\u00e9es toute la nuit, voire la journ\u00e9e. L\u2019Ademe rappelle<br \/>\nque les guirlandes ext\u00e9rieures \u00ab\u00a0consomment pr\u00e8s de trois fois plus<br \/>\nd\u2019\u00e9nergie que celles entourant le sapin\u00a0\u00bb, ce qui explique leur<br \/>\nimpact sur la consommation globale.<\/p>\n<p>Vattenfall propose un calcul type : une d\u00e9coration ext\u00e9rieure de<br \/>\n50 W laiss\u00e9e allum\u00e9e 7 heures par jour pendant 30 jours consomme<br \/>\n10,5 kWh, factur\u00e9s environ 2,64 \u20ac au tarif de 0,2516 \u20ac\/kWh. Le<br \/>\nFigaro Maison indique qu\u2019une grande installation ext\u00e9rieure<br \/>\ncompl\u00e8te, fonctionnant 5 heures par jour pendant 20 jours, peut<br \/>\nd\u00e9passer les 10 \u20ac sur la p\u00e9riode. Pour se rep\u00e9rer, quelques ordres<br \/>\nde grandeur se d\u00e9gagent :<\/p>\n<ul>\n<li>guirlande int\u00e9rieure de 30 W, 4 h\/jour pendant 20 jours :<br \/>\nenviron 0,60 \u20ac ;<\/li>\n<li>d\u00e9coration ext\u00e9rieure de 50 W, 7 h\/jour pendant 30 jours :<br \/>\nenviron 2,64 \u20ac ;<\/li>\n<li>fa\u00e7ade et jardin tr\u00e8s d\u00e9cor\u00e9s : autour de 10 \u20ac pour les<br \/>\nf\u00eates.<\/li>\n<\/ul>\n<p>Comment limiter le co\u00fbt de ses<br \/>\nilluminations de No\u00ebl \u00e0 la maison<\/p>\n<p>Les technologies LED changent la donne. Hello Watt rappelle<br \/>\nqu\u2019elles consomment environ dix fois moins qu\u2019une ampoule<br \/>\nclassique, et Le Figaro Maison \u00e9voque une baisse de 85 \u00e0 90 % de<br \/>\nconsommation par rapport aux mod\u00e8les \u00e0 incandescence. \u00c0 Troyes, le<br \/>\npassage \u00e0 100 % LED pour les d\u00e9corations publiques a fait passer le<br \/>\nbudget d\u2019illumination de 10 000 \u20ac \u00e0 3 500 \u20ac, selon Hello Watt.<br \/>\nL\u2019Ademe estime par ailleurs que les f\u00eates de fin d\u2019ann\u00e9e g\u00e9n\u00e8rent 6<br \/>\n294 kilotonnes de CO\u2082 \u00e9quivalent, soit 215 kg par m\u00e9nage, les<br \/>\nd\u00e9corations repr\u00e9sentant 2 % des \u00e9missions li\u00e9es aux f\u00eates, dont 22<br \/>\n% pour les seules d\u00e9corations lumineuses.<\/p>\n","protected":false},"excerpt":{"rendered":"Les fa\u00e7ades qui scintillent, les balcons qui clignotent, le sapin qui brille dans le salon\u2026 Les illuminations de&hellip;\n","protected":false},"author":2,"featured_media":583785,"comment_status":"","ping_status":"","sticky":false,"template":"","format":"standard","meta":{"footnotes":""},"categories":[6],"tags":[1003,35,21303,33,30492,34,579,893,1011,27,15830],"class_list":{"0":"post-583784","1":"post","2":"type-post","3":"status-publish","4":"format-standard","5":"has-post-thumbnail","7":"category-economie","8":"tag-budget","9":"tag-business","10":"tag-buzz_nonli","11":"tag-economie","12":"tag-economies","13":"tag-economy","14":"tag-electricite","15":"tag-energie","16":"tag-fr","17":"tag-france","18":"tag-noel"},"share_on_mastodon":{"url":"https:\/\/pubeurope.com\/@fr\/115677223052539339","error":""},"_links":{"self":[{"href":"https:\/\/www.europesays.com\/fr\/wp-json\/wp\/v2\/posts\/583784","targetHints":{"allow":["GET"]}}],"collection":[{"href":"https:\/\/www.europesays.com\/fr\/wp-json\/wp\/v2\/posts"}],"about":[{"href":"https:\/\/www.europesays.com\/fr\/wp-json\/wp\/v2\/types\/post"}],"author":[{"embeddable":true,"href":"https:\/\/www.europesays.com\/fr\/wp-json\/wp\/v2\/users\/2"}],"replies":[{"embeddable":true,"href":"https:\/\/www.europesays.com\/fr\/wp-json\/wp\/v2\/comments?post=583784"}],"version-history":[{"count":0,"href":"https:\/\/www.europesays.com\/fr\/wp-json\/wp\/v2\/posts\/583784\/revisions"}],"wp:featuredmedia":[{"embeddable":true,"href":"https:\/\/www.europesays.com\/fr\/wp-json\/wp\/v2\/media\/583785"}],"wp:attachment":[{"href":"https:\/\/www.europesays.com\/fr\/wp-json\/wp\/v2\/media?parent=583784"}],"wp:term":[{"taxonomy":"category","embeddable":true,"href":"https:\/\/www.europesays.com\/fr\/wp-json\/wp\/v2\/categories?post=583784"},{"taxonomy":"post_tag","embeddable":true,"href":"https:\/\/www.europesays.com\/fr\/wp-json\/wp\/v2\/tags?post=583784"}],"curies":[{"name":"wp","href":"https:\/\/api.w.org\/{rel}","templated":true}]}}