{"id":583791,"date":"2025-12-07T08:03:14","date_gmt":"2025-12-07T08:03:14","guid":{"rendered":"https:\/\/www.europesays.com\/fr\/583791\/"},"modified":"2025-12-07T08:03:14","modified_gmt":"2025-12-07T08:03:14","slug":"fin-dannee-pour-un-cadre-deirik-horneland","status":"publish","type":"post","link":"https:\/\/www.europesays.com\/fr\/583791\/","title":{"rendered":"Fin d&rsquo;ann\u00e9e pour un cadre d&rsquo;Eirik Horneland ?"},"content":{"rendered":"<p>L&rsquo;occasion \u00e9tait trop belle. Hier apr\u00e8s-midi, l&rsquo;ESTAC avait conc\u00e9d\u00e9 le nul face \u00e0 Rodez. Alors forc\u00e9ment, l&rsquo;excitation se faisait ressentir dans les rangs du groupe d&rsquo;Eirik Horneland. Pour la premi\u00e8re fois depuis la 7e journ\u00e9e de <a href=\"https:\/\/www.dailymercato.com\/ligue-2\" target=\"_blank\" rel=\"noopener\">Ligue 2<\/a>, <strong>l&rsquo;ASSE avait l&rsquo;occasion de reprendre la place de leader du championnat<\/strong>.<\/p>\n<p>Sauf que, comme souvent depuis le d\u00e9but de saison, les Verts ne sont pas r\u00e9guliers. Apr\u00e8s avoir remport\u00e9 la plus grande victoire de son histoire, <strong><a href=\"https:\/\/www.dailymercato.com\/club\/as-saint-etienne-20\" target=\"_blank\" rel=\"noopener\">l&rsquo;AS Saint-Etienne<\/a> s&rsquo;est inclin\u00e9e contre Dunkerque<\/strong>. Pire encore : Eirik Horneland s&rsquo;est montr\u00e9 tr\u00e8s inquiet au sujet d&rsquo;un de ses cadres.<\/p>\n<p>Ebenezer Annan rejoint l&rsquo;infirmerie de l&rsquo;ASSE<\/p>\n<p>Avant la rencontre USLD &#8211; ASSE, l&rsquo;infirmerie st\u00e9phanoise \u00e9tait compos\u00e9e de Chico Lamba, Lassana Traor\u00e9, Lucas Stassin, Djylian N&rsquo;Guessan et Joao Ferreira. D\u00e9sormais, <strong>Ebenezer Annan rejoint la liste des bless\u00e9s \u00e0 Saint-Etienne<\/strong>.<\/p>\n<p>Sorti avant la mi-temps, le Ghan\u00e9en semblait souffrir \u00e0 la cheville. Pr\u00e9sent en conf\u00e9rence de presse, Horneland a confirm\u00e9 une potentielle absence longue dur\u00e9e. <strong>\u00ab\u00a0On voit une grosse torsion au niveau de la cheville. Je pense qu&rsquo;on va devoir se passer de lui pendant un moment\u00a0\u00bb<\/strong>\u00a0a d\u00e9clar\u00e9 le Norv\u00e9gien.<\/p>\n<p>Un \u00e9norme coup dur pour l&rsquo;ASSE, alors que <a href=\"https:\/\/www.dailymercato.com\/news\/mercato-asse-2-nouvelles-recrues-debarquent-des-lundi\" target=\"_blank\" rel=\"noopener\">la recrue d\u00e9barqu\u00e9e en ao\u00fbt dernier<\/a> n&rsquo;avait loup\u00e9 que 2 rencontres depuis le d\u00e9but de saison. Mais c&rsquo;est ainsi. En plus de <a href=\"https:\/\/www.dailymercato.com\/news\/asse-labsence-de-chico-lamba-se-fait-terriblement-ressentir\" target=\"_blank\" rel=\"noopener\">Chico Lamba absent depuis d\u00e9but octobre<\/a>, la d\u00e9fense des Verts sera d\u00e9sormais priv\u00e9e de son lat\u00e9ral gauche. D\u00e9cid\u00e9ment, la d\u00e9faite contre Dunkerque va laisser des traces.<\/p>\n<blockquote class=\"twitter-tweet\"><p>&#13;<\/p>\n<p dir=\"ltr\" lang=\"fr\">\ud83d\udea8 Ebenezer Annan a quitt\u00e9 le terrain EN LARMES ! \ud83d\ude22<\/p>\n<p>(<a href=\"https:\/\/twitter.com\/beinsports_FR?ref_src=twsrc%5Etfw\" target=\"_blank\" rel=\"noopener\">@beinsports_FR<\/a>)<\/p>\n<p>Vive inqui\u00e9tude pour le Ghan\u00e9en et son club&#8230;<a href=\"https:\/\/twitter.com\/hashtag\/USLDASSE?src=hash&amp;ref_src=twsrc%5Etfw\" target=\"_blank\" rel=\"noopener\">#USLDASSE<\/a> 0-0 <a href=\"https:\/\/t.co\/hVYpO7ULTD\">pic.twitter.com\/hVYpO7ULTD<\/a><\/p>\n<p>&#13;<br \/>\n\u2014 Actu Ligue 2 (@L2Actu_) <a href=\"https:\/\/twitter.com\/L2Actu_\/status\/1997391010255556972?ref_src=twsrc%5Etfw\" target=\"_blank\" rel=\"noopener\">December 6, 2025<\/a><\/p><\/blockquote>\n<p>Supporter st\u00e9phanois, je ne perds pas espoir de revoir les Verts retrouver les sommets. En attendant, je m&rsquo;en remets aux autres clubs historiques du football fran\u00e7ais pour prendre mon mal en patience, et ainsi admirer des clubs comme le RC Lens.<\/p>\n<p>            <script async src=\"https:\/\/platform.twitter.com\/widgets.js\" charset=\"utf-8\"><\/script><\/p>\n","protected":false},"excerpt":{"rendered":"L&rsquo;occasion \u00e9tait trop belle. Hier apr\u00e8s-midi, l&rsquo;ESTAC avait conc\u00e9d\u00e9 le nul face \u00e0 Rodez. Alors forc\u00e9ment, l&rsquo;excitation se&hellip;\n","protected":false},"author":2,"featured_media":583792,"comment_status":"","ping_status":"","sticky":false,"template":"","format":"standard","meta":{"footnotes":""},"categories":[9653],"tags":[1111,11,2430,1777,674,1011,27,12,25,4001],"class_list":{"0":"post-583791","1":"post","2":"type-post","3":"status-publish","4":"format-standard","5":"has-post-thumbnail","7":"category-saint-etienne","8":"tag-actu","9":"tag-actualites","10":"tag-auvergne-rhone-alpes","11":"tag-eu","12":"tag-europe","13":"tag-fr","14":"tag-france","15":"tag-news","16":"tag-republique-francaise","17":"tag-saint-etienne"},"share_on_mastodon":{"url":"https:\/\/pubeurope.com\/@fr\/115677246478432263","error":""},"_links":{"self":[{"href":"https:\/\/www.europesays.com\/fr\/wp-json\/wp\/v2\/posts\/583791","targetHints":{"allow":["GET"]}}],"collection":[{"href":"https:\/\/www.europesays.com\/fr\/wp-json\/wp\/v2\/posts"}],"about":[{"href":"https:\/\/www.europesays.com\/fr\/wp-json\/wp\/v2\/types\/post"}],"author":[{"embeddable":true,"href":"https:\/\/www.europesays.com\/fr\/wp-json\/wp\/v2\/users\/2"}],"replies":[{"embeddable":true,"href":"https:\/\/www.europesays.com\/fr\/wp-json\/wp\/v2\/comments?post=583791"}],"version-history":[{"count":0,"href":"https:\/\/www.europesays.com\/fr\/wp-json\/wp\/v2\/posts\/583791\/revisions"}],"wp:featuredmedia":[{"embeddable":true,"href":"https:\/\/www.europesays.com\/fr\/wp-json\/wp\/v2\/media\/583792"}],"wp:attachment":[{"href":"https:\/\/www.europesays.com\/fr\/wp-json\/wp\/v2\/media?parent=583791"}],"wp:term":[{"taxonomy":"category","embeddable":true,"href":"https:\/\/www.europesays.com\/fr\/wp-json\/wp\/v2\/categories?post=583791"},{"taxonomy":"post_tag","embeddable":true,"href":"https:\/\/www.europesays.com\/fr\/wp-json\/wp\/v2\/tags?post=583791"}],"curies":[{"name":"wp","href":"https:\/\/api.w.org\/{rel}","templated":true}]}}