{"id":583794,"date":"2025-12-07T08:12:21","date_gmt":"2025-12-07T08:12:21","guid":{"rendered":"https:\/\/www.europesays.com\/fr\/583794\/"},"modified":"2025-12-07T08:12:21","modified_gmt":"2025-12-07T08:12:21","slug":"un-joueur-de-lubb-inspire-edimbourg-pour-defier-toulon","status":"publish","type":"post","link":"https:\/\/www.europesays.com\/fr\/583794\/","title":{"rendered":"Un joueur de l\u2019UBB inspire \u00c9dimbourg pour d\u00e9fier Toulon"},"content":{"rendered":"<p>L\u2019entra\u00eeneur sud-africain Sean Everitt sait que l\u2019entr\u00e9e en mati\u00e8re sera exigeante. Ceci notamment face \u00e0 une formation r\u00e9put\u00e9e pour sa puissance et sa capacit\u00e9 \u00e0 punir la moindre approximation. Interrog\u00e9 sur l\u2019\u00e9ventuel soutien de son fils Christian, jeune talonneur de 20 ans \u00e9voluant en Espoirs \u00e0 l\u2019Union Bordeaux-B\u00e8gles, Everitt temp\u00e8re.<\/p>\n<p>\u00a0<\/p>\n<p>\u00ab\u202fPas beaucoup, j\u2019avoue. Il travaille dur pour s\u2019imposer, mais il n\u2019a pas encore l\u2019exp\u00e9rience pour livrer des renseignements pr\u00e9cis sur Toulon\u202f\u00bb, a confi\u00e9 l&rsquo;entra\u00eeneur d&rsquo;Edimbourg. Le lien reste n\u00e9anmoins symbolique. Un Bordelais dans l\u2019entourage du staff \u00e9cossais, cela rappelle combien le Top 14 est scrut\u00e9 au-del\u00e0 des fronti\u00e8res. Mais il va falloir d\u00e9montrer les forces sur le terrain.<\/p>\n<p>\u00a0<\/p>\n<p>L\u2019\u0153il sur le Top 14<\/p>\n<p>\u00c0 \u00c9dimbourg, l\u2019observation du championnat fran\u00e7ais est r\u00e9guli\u00e8re. Everitt souligne la densit\u00e9 physique des \u00e9quipes hexagonales, leur solidit\u00e9 dans les phases de conqu\u00eate et leur efficacit\u00e9 dans les rucks. \u00ab\u202fVous avez de gros gabarits, d\u2019excellents athl\u00e8tes capables de gagner leur un-contre-un\u202f\u00bb, dit-il. Voil\u00e0 autant de caract\u00e9ristiques que le RC Toulon incarne pleinement. Pour l\u2019entra\u00eeneur, la cl\u00e9 r\u00e9side dans la capacit\u00e9 de son \u00e9quipe \u00e0 r\u00e9pondre \u00e0 l\u2019intensit\u00e9 toulonnaise. \u00ab\u202fNotre d\u00e9fense devra \u00eatre au niveau de Toulon, qui contre-attaque bien\u202f\u00bb, pr\u00e9vient-il.<\/p>\n<p>Partagez cette info avec vos amis et vos proches en cliquant ici<br \/>Pour r\u00e9sumer<\/p>\n<p>\u00c9dimbourg se pr\u00e9pare \u00e0 d\u00e9fier Toulon en Champions Cup. Sean Everitt souligne la puissance du Top 14 et l\u2019importance d\u2019une d\u00e9fense solide. Le lien avec son fils Christian, jeune talonneur de l\u2019UBB, reste symbolique mais nourrit l\u2019inspiration \u00e9cossaise.<\/p>\n<p> <img decoding=\"async\" width=\"76\" height=\"76\" loading=\"lazy\" src=\"https:\/\/www.europesays.com\/fr\/wp-content\/uploads\/2025\/04\/avatar-quinze.png\" alt=\"Voldi Fr\u00e9jus\u00a0Hounvio\"\/><\/p>\n","protected":false},"excerpt":{"rendered":"L\u2019entra\u00eeneur sud-africain Sean Everitt sait que l\u2019entr\u00e9e en mati\u00e8re sera exigeante. Ceci notamment face \u00e0 une formation r\u00e9put\u00e9e&hellip;\n","protected":false},"author":2,"featured_media":583795,"comment_status":"","ping_status":"","sticky":false,"template":"","format":"standard","meta":{"footnotes":""},"categories":[9619],"tags":[1111,11,3460,1777,674,1011,27,12,882,25,478,2310],"class_list":{"0":"post-583794","1":"post","2":"type-post","3":"status-publish","4":"format-standard","5":"has-post-thumbnail","7":"category-toulon","8":"tag-actu","9":"tag-actualites","10":"tag-champions-cup","11":"tag-eu","12":"tag-europe","13":"tag-fr","14":"tag-france","15":"tag-news","16":"tag-provence-alpes-cote-dazur","17":"tag-republique-francaise","18":"tag-top-14","19":"tag-toulon"},"share_on_mastodon":{"url":"https:\/\/pubeurope.com\/@fr\/115677282854869998","error":""},"_links":{"self":[{"href":"https:\/\/www.europesays.com\/fr\/wp-json\/wp\/v2\/posts\/583794","targetHints":{"allow":["GET"]}}],"collection":[{"href":"https:\/\/www.europesays.com\/fr\/wp-json\/wp\/v2\/posts"}],"about":[{"href":"https:\/\/www.europesays.com\/fr\/wp-json\/wp\/v2\/types\/post"}],"author":[{"embeddable":true,"href":"https:\/\/www.europesays.com\/fr\/wp-json\/wp\/v2\/users\/2"}],"replies":[{"embeddable":true,"href":"https:\/\/www.europesays.com\/fr\/wp-json\/wp\/v2\/comments?post=583794"}],"version-history":[{"count":0,"href":"https:\/\/www.europesays.com\/fr\/wp-json\/wp\/v2\/posts\/583794\/revisions"}],"wp:featuredmedia":[{"embeddable":true,"href":"https:\/\/www.europesays.com\/fr\/wp-json\/wp\/v2\/media\/583795"}],"wp:attachment":[{"href":"https:\/\/www.europesays.com\/fr\/wp-json\/wp\/v2\/media?parent=583794"}],"wp:term":[{"taxonomy":"category","embeddable":true,"href":"https:\/\/www.europesays.com\/fr\/wp-json\/wp\/v2\/categories?post=583794"},{"taxonomy":"post_tag","embeddable":true,"href":"https:\/\/www.europesays.com\/fr\/wp-json\/wp\/v2\/tags?post=583794"}],"curies":[{"name":"wp","href":"https:\/\/api.w.org\/{rel}","templated":true}]}}