{"id":583796,"date":"2025-12-07T08:13:15","date_gmt":"2025-12-07T08:13:15","guid":{"rendered":"https:\/\/www.europesays.com\/fr\/583796\/"},"modified":"2025-12-07T08:13:15","modified_gmt":"2025-12-07T08:13:15","slug":"sortir-a-montpellier-resistances-daniel-guichard-marie-flore-des-idees-du-lundi-8-au-mercredi-10-decembre","status":"publish","type":"post","link":"https:\/\/www.europesays.com\/fr\/583796\/","title":{"rendered":"Sortir \u00e0 Montpellier\u00a0: R\u00e9sistance(s), Daniel Guichard, Marie-Flore\u2026 des id\u00e9es du lundi\u00a08 au mercredi 10\u00a0d\u00e9cembre"},"content":{"rendered":"<p>\n                                                                L\u2019art de la R\u00e9sistance avec Uni\u2019sons, \u00ab\u00a0Love Me Tender\u00a0\u00bb au Diagonal, Quartz \u00e0 la Vista, burlesque histoire du jazz au Kiasma, Daniel Guichard au Pasino, \u00ab\u00a0Jordan, itin\u00e9raire d\u2019un pionnier\u00a0\u00bb \u00e0 Zola, Agora des savoirs \u00e0 Rabelais, \u00ab\u00a0Bienvenue \u00e0 Gattaca\u00a0\u00bb \u00e0 Pierresvives ou Marie-Flore \u00e0 Victoire 2.\n                            <\/p>\n<p>D\u00e9couvrez notre s\u00e9lection de sorties pour ce d\u00e9but de semaine du c\u00f4t\u00e9 de <a href=\"https:\/\/www.midilibre.fr\/herault\/montpellier\/\" target=\"_blank\" rel=\"noopener\">Montpellier<\/a> et faites le plein d\u2019id\u00e9es avec notre <a href=\"https:\/\/www.midilibre.fr\/agenda\/?path=&amp;q=&amp;where=herault%3Amontpellier&amp;insee=34172&amp;from=2025-12-08&amp;to=2025-12-10&amp;agendapg=32#1664155\" target=\"_blank\" rel=\"noopener\">agenda en ligne<\/a>.<\/p>\n<p>Lundi 8\u00a0d\u00e9cembre<\/p>\n<p>L\u2019art de la R\u00e9sistance<\/p>\n<p><strong>Exposition.<\/strong> Par Demaone\u00a0: \u00ab\u00a0R\u00e9sister, c\u2019est cr\u00e9er. Et cr\u00e9er, c\u2019est d\u00e9j\u00e0 r\u00e9sister. Cette exposition est n\u00e9e de cette tension-l\u00e0. Entre urgence et silence. Entre les cris du mur et le souffle du pinceau. Entre les gestes de la rue et ceux du c\u0153ur. Depuis plus de 30 ans, je trace. J\u2019inscris des mots. Des formes. Des col\u00e8res. Des espoirs. Je cherche dans la mati\u00e8re \u2013 la peinture, le plexi, la lumi\u00e8re, les reflets \u2013 des chemins pour dire ce qui ne se dit pas toujours.\u00a0\u00bb<\/p>\n<p>&gt;\u00a0Du lundi au vendredi jusqu\u2019au 4\u00a0avril de <strong>14\u00a0h\u00a030 \u00e0 18\u00a0heures<\/strong> \u00e0 la\u00a0Galerie l\u2019Art est Public (<a href=\"https:\/\/www.unisons.fr\/\" target=\"_blank\" rel=\"noopener\">Uni\u2019sons<\/a>), 475\u00a0avenue du Comt\u00e9 de Nice \u00e0 <a href=\"https:\/\/www.midilibre.fr\/herault\/montpellier\/\" target=\"_blank\" rel=\"noopener\">Montpellier<\/a>. Gratuit, entr\u00e9e libre. Contact au\u00a004\u00a099\u00a077\u00a028\u00a009.<\/p>\n<p>Avant-premi\u00e8re\u00a0: \u00ab\u00a0Love Me Tender\u00a0\u00bb<\/p>\n<p><strong>Cin\u00e9ma.<\/strong> S\u00e9ance suivie d\u2019une discussion avec l\u2019\u00e9quipe du Rainbow Screen et les Alli\u00e9s du Barreau de Montpellier. Drame (2h13) d\u2019Anna Cazenave Cambet, avec Vicky Krieps, Antoine Reinartz, Monia Chokri. Une fin d\u2019\u00e9t\u00e9, Cl\u00e9mence annonce \u00e0 son ex-mari qu\u2019elle a des histoires d\u2019amour avec des femmes. Sa vie bascule lorsqu\u2019il lui retire la garde de son fils. Cl\u00e9mence va devoir lutter pour rester m\u00e8re, femme, libre.<\/p>\n<p>&gt;\u00a0Lundi 8\u00a0d\u00e9cembre \u00e0 <strong>20\u00a0heures <\/strong>au <a href=\"https:\/\/www.cinediagonal.com\/\" target=\"_blank\" rel=\"noopener\">cin\u00e9ma Diagonal<\/a>, 5 rue de Verdun \u00e0 <a href=\"https:\/\/www.midilibre.fr\/herault\/montpellier\/\" target=\"_blank\" rel=\"noopener\">Montpellier<\/a>. Tarif normal 8\u00a0\u20ac, \u00e9tudiant 6\u00a0\u20ac. Contact au\u00a004\u00a067\u00a058\u00a058\u00a010. <\/p>\n<p>Mardi 9\u00a0d\u00e9cembre<\/p>\n<p>Quartz<\/p>\n<p><strong><a href=\"https:\/\/www.mouvementssurlaville.com\/fr\/\" target=\"_blank\" rel=\"noopener\">Mouvements sur la ville.<\/a><\/strong> Cette pi\u00e8ce se veut le t\u00e9moin du temps qui passe, comme les horloges \u00e0 quartz qui mesurent le temps. Sur le plateau, du quartz ambr\u00e9, une danseuse, une \u00e9clairagiste et un musicien vont interagir \u00e9troitement sur le temps qui s\u2019\u00e9coule. Au c\u0153ur du dispositif, Deborah Lary incarne les m\u00e9tamorphoses qu\u2019il impose aux corps et aux \u00eatres.<\/p>\n<p>&gt;\u00a0Mardi 9\u00a0d\u00e9cembre \u00e0 <strong>19\u00a0h\u00a030<\/strong> au <a href=\"https:\/\/www.theatrelavista.fr\/\" target=\"_blank\" rel=\"noopener\">th\u00e9\u00e2tre La Vista \u2013 La Chapelle<\/a>, 170 rue Joachim du Bellay \u00e0 <a href=\"https:\/\/www.midilibre.fr\/herault\/montpellier\/\" target=\"_blank\" rel=\"noopener\">Montpellier<\/a>. Plein tarif 10\u00a0\u20ac, tarif r\u00e9duit 5\u00a0\u20ac. Contact au\u00a004\u00a099\u00a052\u00a099\u00a031.<\/p>\n<p>ZZAJ, La burlesque histoire du jazz<\/p>\n<p><strong>Humour musical.<\/strong>\u00a0Vous allez \u00eatre le premier public \u00e0 assister \u00e0 l\u2019\u00e9mission musicale Voyage aux pays du Jazz, qui retrace l\u2019histoire de cette musique. Sans les pr\u00e9venir, le patron de deux animateurs d\u2019une \u00e9mission de radio invite par surprise un public dans leur studio. Selon le succ\u00e8s, il d\u00e9cidera de la poursuite de l\u2019\u00e9mission ou non.<\/p>\n<p>&gt;\u00a0Mardi 9\u00a0d\u00e9cembre \u00e0 <strong>20\u00a0heures <\/strong>au <a href=\"https:\/\/lekiasma.vostickets.fr\/Billet\/FR\/representation-LE_KIASMA-29928-0.wb?REFID=2HY3AAAAAADpAA\" target=\"_blank\" rel=\"noopener\">Kiasma<\/a>, 1 rue de la Crouzette \u00e0\u00a0<a href=\"https:\/\/www.midilibre.fr\/herault\/castelnau-le-lez\/\" target=\"_blank\" rel=\"noopener\">Castelnau-le-Lez<\/a>. Plein tarif 19\u00a0\u20ac, r\u00e9duit 16\u00a0\u20ac, 12-25 ans 10\u00a0\u20ac. Contact au\u00a004\u00a067\u00a014\u00a019\u00a006.<\/p>\n<p>Daniel Guichard<\/p>\n<p><strong>Concert.\u00a0<\/strong>Daniel Guichard, authentique chanteur populaire qui a accompagn\u00e9 plusieurs g\u00e9n\u00e9rations, interpr\u00e9tera ses incontournables chansons empreintes de nostalgie et toujours ancr\u00e9es dans les m\u00e9moires collectives (Mon Vieux, Le Gitan, La Tendresse, Je t\u2019aime tu vois\u2026).<\/p>\n<p>&gt;\u00a0Mardi 9\u00a0d\u00e9cembre \u00e0 <strong>20\u00a0h\u00a030<\/strong> au <a href=\"https:\/\/casino-grandemotte.partouche.com\/spectacles\/11213\/daniel-guichard\" target=\"_blank\" rel=\"noopener\">Pasino<\/a>, 335 all\u00e9e\u00a0des Parcs \u00e0<a href=\"https:\/\/www.midilibre.fr\/herault\/la-grande-motte\/\" target=\"_blank\" rel=\"noopener\">\u00a0La Grande-Motte<\/a>. De 49\u00a0\u20ac \u00e0 65\u00a0\u20ac. Contact au\u00a004\u00a067\u00a056\u00a046\u00a046.<\/p>\n<p>Mercredi 10\u00a0d\u00e9cembre<\/p>\n<p>Avant-premi\u00e8re\u00a0: \u00ab\u00a0Jordan, itin\u00e9raire d\u2019un pionnier\u00a0\u00bb<\/p>\n<p>        <img decoding=\"async\" class=\"std-img__img responsive-img\" src=\"https:\/\/www.europesays.com\/fr\/wp-content\/uploads\/2025\/12\/image.webp\" alt=\"Avant-premi\u00e8re avec le soutien du CNC, de la R\u00e9gion Occitanie, de Montpellier M\u00e9diterran\u00e9e M\u00e9tropole, de la Procirep \u2013 Soci\u00e9t\u00e9 des producteurs et de l\u2019Angoa.\"\/><\/p>\n<p>                Avant-premi\u00e8re avec le soutien du CNC, de la R\u00e9gion Occitanie, de Montpellier M\u00e9diterran\u00e9e M\u00e9tropole, de la Procirep \u2013 Soci\u00e9t\u00e9 des producteurs et de l\u2019Angoa.<br \/>\n                                    D.R.<\/p>\n<p><strong>Projection.<\/strong>\u00a0Cr\u00e9ateur de \u00ab\u00a0Prince of Persia\u00a0\u00bb, Jordan Mechner, originaire de New York, vit et travaille depuis 2016 \u00e0 Montpellier. Le documentaire de 52 minutes sign\u00e9 de Marc Az\u00e9ma propose un portrait immersif de l\u2019artiste m\u00ealant images r\u00e9elles, extraits de jeux vid\u00e9o, planches de BD et animations. Le spectateur y d\u00e9couvre l\u2019univers transm\u00e9dia de cet explorateur de narrations, \u00e9pris de libert\u00e9, partag\u00e9 entre deux continents et en qu\u00eate de racines.<\/p>\n<p>&gt;\u00a0Mercredi 10\u00a0d\u00e9cembre \u00e0 <strong>17\u00a0h\u00a030<\/strong> \u00e0 la\u00a0<a href=\"https:\/\/mediatheques.montpellier3m.fr\/default\/mediatheque-emile-zola.aspx?_lg=fr-FR\" target=\"_blank\" rel=\"noopener\">M\u00e9diath\u00e8que \u00c9mile-Zola<\/a>, salle de cin\u00e9ma et de rencontres, 218 boulevard de l\u2019A\u00e9roport international \u00e0<a href=\"https:\/\/www.midilibre.fr\/herault\/montpellier\/\" target=\"_blank\" rel=\"noopener\"> Montpellier<\/a>. Gratuit, entr\u00e9e libre. Contact au\u00a004\u00a067\u00a034\u00a087\u00a000.<\/p>\n<p>\u00ab\u00a0Penser en r\u00e9sistance\u00a0: du contr\u00f4le int\u00e9rieur chinois aux r\u00e9cits mus\u00e9aux\u00a0\u00bb<\/p>\n<p><a href=\"https:\/\/www.montpellier.fr\/campagnes\/agora-des-savoirs#agenda-slider-193948219-agendaSlide3\" target=\"_blank\" rel=\"noopener\"><strong>Agora des savoirs.<\/strong><\/a>\u00a0Chlo\u00e9 Froissart est professeure d\u2019histoire et de science politique au d\u00e9partement d\u2019\u00e9tudes chinoises de l\u2019Institut National des Langues et Civilisations Orientales (Langues\u2019O) \u00e0 Paris. Katia Buffetrille, est ethnologue, sp\u00e9cialiste des \u00e9tudes tib\u00e9taines. Elle \u00e9tudie les rituels \u00ab\u00a0populaires\u00a0\u00bb, et les transformations qu\u2019ils connaissent au sein de la R\u00e9publique populaire de Chine.<\/p>\n<p>&gt;\u00a0Mercredi 10\u00a0d\u00e9cembre \u00e0 <strong>19\u00a0heures<\/strong> au centre Rabelais, 27 boulevard Sarrail \u00e0 <a href=\"https:\/\/www.midilibre.fr\/herault\/montpellier\/\" target=\"_blank\" rel=\"noopener\">Montpellier<\/a>. Gratuit, entr\u00e9e libre. Les conf\u00e9rences sont retransmises en direct et en diff\u00e9r\u00e9 sur la<a href=\"https:\/\/www.youtube.com\/channel\/UCl8XXEKOg3r9du5Xb8zFcYQ\" target=\"_blank\" rel=\"noopener\"> cha\u00eene YouTube de l\u2019Agora des Savoirs<\/a>.<\/p>\n<p>\u00ab\u00a0\u200bBienvenue \u00e0 Gattaca\u00a0\u00bb<\/p>\n<p><strong>Cin\u00e9ma.<\/strong> Dans le cadre du cycle Science-fiction, en partenariat avec ARTFX, projection suivie d\u2019une analyse filmique par Franck Basset, enseignant cin\u00e9ma de l\u2019\u00e9cole ARTFX, et d\u2019un \u00e9change avec la salle. Film (1h46, VOST) d\u2019Andrew Niccol. Dans un futur proche, notre soci\u00e9t\u00e9 pratique l\u2019eug\u00e9nisme \u00e0 grande \u00e9chelle\u00a0: les gam\u00e8tes des parents sont tri\u00e9s et s\u00e9lectionn\u00e9s afin de concevoir in vitro des enfants quasi parfaits.<\/p>\n<p>&gt;\u00a0Mercredi 10\u00a0d\u00e9cembre \u00e0 <strong>20\u00a0heures<\/strong> \u00e0 <a href=\"https:\/\/pierresvives.herault.fr\/\" target=\"_blank\" rel=\"noopener\">Pierresvives<\/a>, 907 rue du Professeur Blayac \u00e0 <a href=\"https:\/\/www.midilibre.fr\/herault\/montpellier\/\" target=\"_blank\" rel=\"noopener\">Montpellier<\/a>.\u00a0Billetterie gratuite ouverte 2\u00a0heures avant. Contact au\u00a004\u00a067\u00a067\u00a030\u00a000.<\/p>\n<p>Marie-Flore +\u00a0no\u00e9 extrat<\/p>\n<p><strong>Concert. <\/strong>\u00c0 la fois brute de d\u00e9coffrage et sophistiqu\u00e9e, pourvue d\u2019un humour piquant, souvent \u00e0 contre-courant, ou en tout cas ancr\u00e9e dans son temps, Marie-Flore, auteure, compositrice, interpr\u00e8te, multi-instrumentiste, manipule une pop franche, imm\u00e9diate, plus sensuelle que jamais.\u00a0Autrice, compositrice et interpr\u00e8te, no\u00e9 extrat s\u2019approprie la chanson fran\u00e7aise.<\/p>\n<p>&gt;\u00a0Mercredi 10\u00a0d\u00e9cembre \u00e0 <strong>20\u00a0heures<\/strong> \u00e0 <a href=\"https:\/\/www.victoire2.com\/\" target=\"_blank\" rel=\"noopener\">Victoire 2<\/a>, 2 rue Th\u00e9ophraste Renaudot \u00e0 <a href=\"https:\/\/www.midilibre.fr\/herault\/saint-jean-de-vedas\/\" target=\"_blank\" rel=\"noopener\">Saint-Jean-de-V\u00e9das<\/a>. Tarif unique 14,60\u00a0\u20ac. Contact au\u00a004\u00a067\u00a047\u00a091\u00a000.<\/p>\n","protected":false},"excerpt":{"rendered":"L\u2019art de la R\u00e9sistance avec Uni\u2019sons, \u00ab\u00a0Love Me Tender\u00a0\u00bb au Diagonal, Quartz \u00e0 la Vista, burlesque histoire du&hellip;\n","protected":false},"author":2,"featured_media":583797,"comment_status":"","ping_status":"","sticky":false,"template":"","format":"standard","meta":{"footnotes":""},"categories":[9599],"tags":[1111,11,872,1777,674,1011,27,7089,2208,12,2680,25],"class_list":{"0":"post-583796","1":"post","2":"type-post","3":"status-publish","4":"format-standard","5":"has-post-thumbnail","7":"category-montpellier","8":"tag-actu","9":"tag-actualites","10":"tag-culture-et-loisirs","11":"tag-eu","12":"tag-europe","13":"tag-fr","14":"tag-france","15":"tag-herault","16":"tag-montpellier","17":"tag-news","18":"tag-occitanie","19":"tag-republique-francaise"},"share_on_mastodon":{"url":"https:\/\/pubeurope.com\/@fr\/115677286802878916","error":""},"_links":{"self":[{"href":"https:\/\/www.europesays.com\/fr\/wp-json\/wp\/v2\/posts\/583796","targetHints":{"allow":["GET"]}}],"collection":[{"href":"https:\/\/www.europesays.com\/fr\/wp-json\/wp\/v2\/posts"}],"about":[{"href":"https:\/\/www.europesays.com\/fr\/wp-json\/wp\/v2\/types\/post"}],"author":[{"embeddable":true,"href":"https:\/\/www.europesays.com\/fr\/wp-json\/wp\/v2\/users\/2"}],"replies":[{"embeddable":true,"href":"https:\/\/www.europesays.com\/fr\/wp-json\/wp\/v2\/comments?post=583796"}],"version-history":[{"count":0,"href":"https:\/\/www.europesays.com\/fr\/wp-json\/wp\/v2\/posts\/583796\/revisions"}],"wp:featuredmedia":[{"embeddable":true,"href":"https:\/\/www.europesays.com\/fr\/wp-json\/wp\/v2\/media\/583797"}],"wp:attachment":[{"href":"https:\/\/www.europesays.com\/fr\/wp-json\/wp\/v2\/media?parent=583796"}],"wp:term":[{"taxonomy":"category","embeddable":true,"href":"https:\/\/www.europesays.com\/fr\/wp-json\/wp\/v2\/categories?post=583796"},{"taxonomy":"post_tag","embeddable":true,"href":"https:\/\/www.europesays.com\/fr\/wp-json\/wp\/v2\/tags?post=583796"}],"curies":[{"name":"wp","href":"https:\/\/api.w.org\/{rel}","templated":true}]}}