{"id":583802,"date":"2025-12-07T08:16:13","date_gmt":"2025-12-07T08:16:13","guid":{"rendered":"https:\/\/www.europesays.com\/fr\/583802\/"},"modified":"2025-12-07T08:16:13","modified_gmt":"2025-12-07T08:16:13","slug":"pres-de-rouen-des-etudiants-au-secours-denfants-victimes-du-plus-gros-seisme-de-lhistoire-du-maroc","status":"publish","type":"post","link":"https:\/\/www.europesays.com\/fr\/583802\/","title":{"rendered":"Pr\u00e8s de Rouen, des \u00e9tudiants au secours d&rsquo;enfants victimes du plus gros s\u00e9isme de l&rsquo;histoire du Maroc"},"content":{"rendered":"<p>                    Par<br \/>\n        <strong><br \/>\n            <a href=\"https:\/\/actu.fr\/auteur\/emilien-jacques\" title=\"Consulter tous les articles de Emilien Jacques\" target=\"_blank\" rel=\"noopener\">Emilien Jacques<\/a><br \/>\n                    <\/strong><\/p>\n<p>        Publi\u00e9 le<\/p>\n<p>            7 d\u00e9c. 2025 \u00e0 8h56        <\/p>\n<p>Trois jours de voyage, autant de pays \u00e0 traverser et une distance de<b> 5 000 km<\/b> \u00e0 parcourir en camion. C\u2019est ce que devront accomplir sept \u00e9l\u00e8ves du Greta d\u2019<a href=\"https:\/\/actu.fr\/normandie\/elbeuf_76231\" target=\"_blank\" rel=\"noopener\">Elbeuf (Seine-Maritime)<\/a> avec leur formatrice r\u00e9f\u00e9rente pour r\u00e9aliser leur objectif d\u2019apporter une<b> aide humanitaire<\/b> dans le petit village d\u2019Anerni, au sud de Marrakech, d\u00e9vast\u00e9 par le <a href=\"https:\/\/actu.fr\/monde\/maroc-plusieurs-centaines-de-morts-dans-un-puissant-tremblement-de-terre_60061704.html\" target=\"_blank\" rel=\"noopener\">terrible<b> <\/b>tremblement de terre qui a touch\u00e9 une partie du Maroc<\/a> il y a deux ans.<\/p>\n<p>Un voyage humanitaire et p\u00e9dagogique<\/p>\n<p class=\" wall-content\">Ils sont \u00e2g\u00e9s de 19 \u00e0 35 ans, sont en premi\u00e8re ann\u00e9e de BTS Gestion de la petite moyenne entreprise au Greta d\u2019Elbeuf et sont d\u00e9sormais anim\u00e9s par une cause commune : celle de venir en aide aux<b> 28 enfants<\/b> de l\u2019\u00e9cole primaire d\u2019Anerni, un village marocain en partie <b>d\u00e9truit <\/b>par le plus <b>grand s\u00e9isme<\/b> de l\u2019histoire du pays.<\/p>\n<p class=\" wall-content\">Sous l\u2019impulsion de Martine Duret, leur formatrice r\u00e9f\u00e9rente, Andr\u00e9a, Laure, Jade, Celian, Ya\u00eblle, Math\u00e9o et G\u00f6khan s\u2019appr\u00eatent \u00e0 vivre une exp\u00e9rience forte, humanitaire, mais aussi \u00e0 caract\u00e8re <b>p\u00e9dagogique<\/b>.<\/p>\n<p class=\" wall-content\">\u00ab Ce projet englobe quasiment la totalit\u00e9 de leur formation, assure Martine Duret, qui organise l\u00e0 son troisi\u00e8me voyage de ce type au Maroc. La meilleure formation, c\u2019est sur le terrain \u00bb,\u00a0<\/p>\n<p>Le village et son \u00e9cole en partie d\u00e9truits<\/p>\n<p class=\" wall-content\">\u00c0 travers l\u2019organisation d\u2019un tel projet, les \u00e9tudiants vont apprendre, certes, mais ils vont aussi et surtout aider. Aider des habitants dont la quasi-totalit\u00e9 du village a \u00e9t\u00e9 d\u00e9truit et qui n\u2019ont pas re\u00e7u de la part du gouvernement marocain le <b>soutien <\/b>auquel ont eu droit certaines grandes villes aussi durement touch\u00e9es.<\/p>\n<p>Vid\u00e9os : en ce moment sur Actu<\/p>\n<p class=\" wall-content\">\u00ab Ces gens-l\u00e0 ont \u00e9t\u00e9 <b>abandonn\u00e9s <\/b>\u00bb, exprime Math\u00e9o, en contact avec un habitant d\u2019Anerni.<\/p>\n<p>    <a href=\"https:\/\/maps.google.com\/maps?q=31.1194909,-8.3160302&amp;z=15&amp;output=embed\" title=\"Ouvrie le lien\" target=\"_blank\" rel=\"noopener\">Cliquez ici pour visualiser le contenu<\/a><\/p>\n<p>Votre r\u00e9gion, votre actu !<\/p>\n<p>Recevez chaque jour les infos qui comptent pour vous.<\/p>\n<p>\t<a href=\"https:\/\/actu.fr\/newsletter\" class=\"ac-btn ac-btn--corner ac-btn--medium ac-btn--blue800\" target=\"_blank\" rel=\"noopener\">S&rsquo;incrire<\/a><\/p>\n<p class=\" wall-content\">Parmi les structures qui n\u2019ont pas \u00e9t\u00e9 reconstruites : <b>l\u2019\u00e9cole<\/b>, dont les 28 \u00e9l\u00e8ves de 6 \u00e0 12 ans font cours dans des pr\u00e9fabriqu\u00e9s depuis 2023. \u00ab Ils font avec le strict minimum en termes <b>d\u2019\u00e9ducation<\/b>, assure Math\u00e9o. Il faut qu\u2019on les aide. \u00bb<\/p>\n<p>\u00c0 la recherche de sponsors et de mat\u00e9riel<\/p>\n<p class=\" wall-content\">Avant de prendre la direction d\u2019Anerni, l\u2019objectif est donc de r\u00e9colter tout ce qui pourra servir \u00e0 subvenir aux besoins des \u00e9coliers. \u00ab Leur ma\u00eetresse nous a donn\u00e9 une liste de <b>fournitures<\/b>, explique Jade. Ils ont besoin d\u2019un projecteur, d\u2019une imprimante, d\u2019un dictionnaire, d\u2019un planisph\u00e8re et de fournitures scolaires \u00bb, d\u00e9taille-t-elle.<\/p>\n<p class=\" wall-content\">Les \u00e9tudiants sont aussi \u00e0 la recherche de mat\u00e9riel sportif et de<b> v\u00eatements chauds<\/b>.<\/p>\n<p class=\" wall-content\">Autre condition n\u00e9cessaire \u00e0 la r\u00e9alisation du projet : trouver les <b>financements<\/b> qui leur permettront d\u2019acheminer le mat\u00e9riel r\u00e9colt\u00e9. \u00ab On recherche des <b>sponsors<\/b> qui pourront faire un don financier pour le trajet en camion \u00bb, poursuit Jade.<\/p>\n<p class=\" wall-content\">Camion qui sera floqu\u00e9 des noms des soci\u00e9t\u00e9s participantes, dont certaines de la zone de l\u2019Oison de Caudebec-l\u00e8s-Elbeuf (Seine-Maritime), entre autres, se sont d\u00e9j\u00e0 manifest\u00e9es.<\/p>\n<p>\u00ab C\u2019est une grande fiert\u00e9 \u00bb<\/p>\n<p class=\" wall-content\">Gr\u00e2ce \u00e0 une <b>cagnotte en ligne<\/b> et a des lieux de collecte de dons au sein de leur \u00e9tablissement, les \u00e9l\u00e8ves du Greta constatent, depuis l\u2019annonce du projet en septembre dernier, un certain <b>engouement<\/b>.<\/p>\n<p class=\" wall-content\">\u00ab On s\u2019attendait \u00e0 moins ! \u00bb, reconna\u00eet Jade. \u00ab On en esp\u00e8re davantage \u00bb, ajoute cependant Laure, car le voyage, pr\u00e9vu pour le d\u00e9but du mois d\u2019avril 2026, arrive \u00e0 grand pas.<\/p>\n<blockquote class=\"ac-article-quote wall-content\">\n<p>C\u2019est un stress car on veut respecter nos engagements pour la ma\u00eetresse sur place.<\/p>\n<p>Laure, \u00e9l\u00e8ve au Greta d\u2019Elbeuf<\/p><\/blockquote>\n<p class=\" wall-content\">Malgr\u00e9 la course contre-la-montre dans laquelle le groupe s\u2019est lanc\u00e9, le plaisir d\u2019y participer prend largement le pas sur le reste. \u00ab C\u2019est une <b>grande fiert\u00e9<\/b>. On est fier de pouvoir aider, de rendre service \u00bb, confie Ya\u00eblle.<\/p>\n<p class=\" wall-content\">Un sentiment partag\u00e9 par Martine Duret, ravie de pouvoir mener son groupe au bout de son objectif : \u00ab On est heureux de pouvoir faire quelque chose, c\u2019est b\u00e9n\u00e9fique pour tout le monde ! \u00bb\u00a0 Avant d\u2019observer pour son plus grand bonheur : \u00ab Il y a un vrai engouement, je trouve \u00e7a assez <b>extraordinaire<\/b>. \u00bb<\/p>\n<p>Contact : Mail : <a href=\"https:\/\/actu.fr\/cdn-cgi\/l\/email-protection\" class=\"__cf_email__\" data-cfemail=\"a591c994d3cac9c4cbd1e5c2c8c4ccc98bc6cac8\" target=\"_blank\" rel=\"noopener\">[email\u00a0protected]<\/a> Facebook\/Instagram\/Tiktok : 4l1volant Linkedin : 4L et 1 Volant<\/p>\n<p class=\" wall-content\">Personnalisez votre actualit\u00e9 en ajoutant vos villes et m\u00e9dias en favori avec <a href=\"https:\/\/moncompte.actu.fr\" title=\"D\u00e9couvez Mon Actu\" rel=\"nofollow noopener\" data-trk=\"{&quot;cta&quot;:{&quot;action&quot;:&quot;https:\\\/\\\/moncompte.actu.fr&quot;,&quot;category&quot;:&quot;mon compte&quot;,&quot;from&quot;:&quot;article footer&quot;,&quot;name&quot;:&quot;Mon actu&quot;,&quot;type&quot;:&quot;cta&quot;}}\" target=\"_blank\">Mon Actu<\/a>.<\/p>\n","protected":false},"excerpt":{"rendered":"Par Emilien Jacques Publi\u00e9 le 7 d\u00e9c. 2025 \u00e0 8h56 Trois jours de voyage, autant de pays \u00e0&hellip;\n","protected":false},"author":2,"featured_media":583803,"comment_status":"","ping_status":"","sticky":false,"template":"","format":"standard","meta":{"footnotes":""},"categories":[9587],"tags":[1111,11,4019,1719,1777,674,1011,27,10264,12,5161,25,9590,104],"class_list":{"0":"post-583802","1":"post","2":"type-post","3":"status-publish","4":"format-standard","5":"has-post-thumbnail","7":"category-rouen","8":"tag-actu","9":"tag-actualites","10":"tag-ecoles","11":"tag-enfants","12":"tag-eu","13":"tag-europe","14":"tag-fr","15":"tag-france","16":"tag-humanitaire","17":"tag-news","18":"tag-normandie","19":"tag-republique-francaise","20":"tag-rouen","21":"tag-societe"},"share_on_mastodon":{"url":"https:\/\/pubeurope.com\/@fr\/115677297571569874","error":""},"_links":{"self":[{"href":"https:\/\/www.europesays.com\/fr\/wp-json\/wp\/v2\/posts\/583802","targetHints":{"allow":["GET"]}}],"collection":[{"href":"https:\/\/www.europesays.com\/fr\/wp-json\/wp\/v2\/posts"}],"about":[{"href":"https:\/\/www.europesays.com\/fr\/wp-json\/wp\/v2\/types\/post"}],"author":[{"embeddable":true,"href":"https:\/\/www.europesays.com\/fr\/wp-json\/wp\/v2\/users\/2"}],"replies":[{"embeddable":true,"href":"https:\/\/www.europesays.com\/fr\/wp-json\/wp\/v2\/comments?post=583802"}],"version-history":[{"count":0,"href":"https:\/\/www.europesays.com\/fr\/wp-json\/wp\/v2\/posts\/583802\/revisions"}],"wp:featuredmedia":[{"embeddable":true,"href":"https:\/\/www.europesays.com\/fr\/wp-json\/wp\/v2\/media\/583803"}],"wp:attachment":[{"href":"https:\/\/www.europesays.com\/fr\/wp-json\/wp\/v2\/media?parent=583802"}],"wp:term":[{"taxonomy":"category","embeddable":true,"href":"https:\/\/www.europesays.com\/fr\/wp-json\/wp\/v2\/categories?post=583802"},{"taxonomy":"post_tag","embeddable":true,"href":"https:\/\/www.europesays.com\/fr\/wp-json\/wp\/v2\/tags?post=583802"}],"curies":[{"name":"wp","href":"https:\/\/api.w.org\/{rel}","templated":true}]}}