{"id":583806,"date":"2025-12-07T08:19:56","date_gmt":"2025-12-07T08:19:56","guid":{"rendered":"https:\/\/www.europesays.com\/fr\/583806\/"},"modified":"2025-12-07T08:19:56","modified_gmt":"2025-12-07T08:19:56","slug":"ligue-2-la-reussite-a-ete-avec-nous-service-minimum-pour-le-gf38-vainqueur-sans-la-maniere-de-nancy","status":"publish","type":"post","link":"https:\/\/www.europesays.com\/fr\/583806\/","title":{"rendered":"Ligue 2. \u00ab\u00a0La r\u00e9ussite a \u00e9t\u00e9 avec nous\u00a0\u00bb : service minimum pour le GF38, vainqueur sans la mani\u00e8re de Nancy"},"content":{"rendered":"<p class=\"insetTitle\">R\u00e9actions<\/p>\n<p><strong>Franck Rizzetto (entra\u00eeneur de Grenoble)\u00a0:<\/strong> \u00ab\u00a0Les trois points, c\u2019\u00e9tait l\u2019objectif de la semaine. Aucun match n\u2019est simple, on a fait l\u2019essentiel. On devait avoir une meilleure ma\u00eetrise et \u00eatre plus juste dans les derni\u00e8res passes. On devait tuer ce match \u00e0 la fin. On a \u00e9t\u00e9 souvent en retard pour r\u00e9cup\u00e9rer le ballon. La r\u00e9ussite a \u00e9t\u00e9 avec nous ce soir, c\u2019est tant mieux. On peut toujours mieux faire mais l\u2019essentiel est l\u00e0. Il y a eu des matchs o\u00f9 on a \u00e9t\u00e9 bien meilleurs et on n\u2019a pas gagn\u00e9. Ca donne de la confiance et une bonne bouff\u00e9e d\u2019oxyg\u00e8ne. C\u2019est la troisi\u00e8me \u00e9quipe derri\u00e8re nous qu\u2019on arrive \u00e0 battre dans ce championnat. \u00bb\u00a0<\/p>\n<p><strong>Bobby Allain (gardien de but de Grenoble)\u00a0:<\/strong> \u00ab\u00a0Peu importe le sc\u00e9nario, le puis important c\u2019\u00e9tait les trois points ce soir. Pour une fois, \u00e7a a tourn\u00e9 dans notre sens. On c\u00e9l\u00e8bre et on pense aussi \u00e0 Montpellier. Maintenant, on en a un peu marre de regarder derri\u00e8re. On a saisi cette nouvelle chance pour l\u2019emporter. J\u2019avais \u00e9norm\u00e9ment envie de soulager la d\u00e9fense avec mes sorties \u00e0 la fin. On va savourer les 20 points, c\u2019\u00e9tait notre objectif.\u00a0\u00bb<\/p>\n<p><strong>Pablo Correa (entra\u00eeneur de Nancy)\u00a0:<\/strong> \u00ab\u00a0On a fait le match qu\u2019on voulait faire avec des manques d\u2019agressivit\u00e9 dans les deux surfaces. Sur le penalty, il y a quelque chose qui se r\u00e9p\u00e8te chez nous. On est \u00e0 10 et on a eu un handicap. Avec le r\u00e9sultat n\u00e9gatif, la confiance se perd. M\u00e9riter un but, \u00e7a veut dire marquer et on ne l\u2019a pas fait. On doit encore travailler dans la frustration. On se jette avec toutes nos forces dans les derni\u00e8res minutes et c\u2019est logique. Je constate qu\u2019aujourd\u2019hui, \u00e7a s\u2019est jou\u00e9 sur quelque chose qu\u2019on ne ma\u00eetrise pas. On n\u2019a que nos yeux pour pleurer.\u00a0\u00bb<\/p>\n<p class=\"insetSignature\">L.A.<\/p>\n","protected":false},"excerpt":{"rendered":"R\u00e9actions Franck Rizzetto (entra\u00eeneur de Grenoble)\u00a0: \u00ab\u00a0Les trois points, c\u2019\u00e9tait l\u2019objectif de la semaine. Aucun match n\u2019est simple,&hellip;\n","protected":false},"author":2,"featured_media":583807,"comment_status":"","ping_status":"","sticky":false,"template":"","format":"standard","meta":{"footnotes":""},"categories":[9566],"tags":[1111,11,2430,112,1777,674,107,1701,63,1011,27,12637,2731,2732,108,12636,12,25,517,1947],"class_list":{"0":"post-583806","1":"post","2":"type-post","3":"status-publish","4":"format-standard","5":"has-post-thumbnail","7":"category-grenoble","8":"tag-actu","9":"tag-actualites","10":"tag-auvergne-rhone-alpes","11":"tag-edition-grenoble-agglomeration","12":"tag-eu","13":"tag-europe","14":"tag-fil-info","15":"tag-fil-info-sport","16":"tag-football","17":"tag-fr","18":"tag-france","19":"tag-gf38-grenoble-foot-38","20":"tag-grenoble","21":"tag-grenoble-bassin","22":"tag-isere","23":"tag-ligue-2-football","24":"tag-news","25":"tag-republique-francaise","26":"tag-sport","27":"tag-sport-national"},"share_on_mastodon":{"url":"https:\/\/pubeurope.com\/@fr\/115677313310163292","error":""},"_links":{"self":[{"href":"https:\/\/www.europesays.com\/fr\/wp-json\/wp\/v2\/posts\/583806","targetHints":{"allow":["GET"]}}],"collection":[{"href":"https:\/\/www.europesays.com\/fr\/wp-json\/wp\/v2\/posts"}],"about":[{"href":"https:\/\/www.europesays.com\/fr\/wp-json\/wp\/v2\/types\/post"}],"author":[{"embeddable":true,"href":"https:\/\/www.europesays.com\/fr\/wp-json\/wp\/v2\/users\/2"}],"replies":[{"embeddable":true,"href":"https:\/\/www.europesays.com\/fr\/wp-json\/wp\/v2\/comments?post=583806"}],"version-history":[{"count":0,"href":"https:\/\/www.europesays.com\/fr\/wp-json\/wp\/v2\/posts\/583806\/revisions"}],"wp:featuredmedia":[{"embeddable":true,"href":"https:\/\/www.europesays.com\/fr\/wp-json\/wp\/v2\/media\/583807"}],"wp:attachment":[{"href":"https:\/\/www.europesays.com\/fr\/wp-json\/wp\/v2\/media?parent=583806"}],"wp:term":[{"taxonomy":"category","embeddable":true,"href":"https:\/\/www.europesays.com\/fr\/wp-json\/wp\/v2\/categories?post=583806"},{"taxonomy":"post_tag","embeddable":true,"href":"https:\/\/www.europesays.com\/fr\/wp-json\/wp\/v2\/tags?post=583806"}],"curies":[{"name":"wp","href":"https:\/\/api.w.org\/{rel}","templated":true}]}}