{"id":583813,"date":"2025-12-07T08:25:12","date_gmt":"2025-12-07T08:25:12","guid":{"rendered":"https:\/\/www.europesays.com\/fr\/583813\/"},"modified":"2025-12-07T08:25:12","modified_gmt":"2025-12-07T08:25:12","slug":"strasbourg-le-dessin-de-la-semaine-de-yannick-lefrancois-charite-bien-ordonnee","status":"publish","type":"post","link":"https:\/\/www.europesays.com\/fr\/583813\/","title":{"rendered":"Strasbourg. Le dessin de la semaine de Yannick Lefran\u00e7ois : charit\u00e9 bien ordonn\u00e9e&#8230;"},"content":{"rendered":"<p>La proposition du candidat LFI \u00e0 Strasbourg Florian Kobryn de faire <a href=\"https:\/\/www.dna.fr\/economie\/2025\/12\/02\/surtourisme-au-marche-de-noel-de-strasbourg-lfi-propose-une-entree-payante-les-week-ends\" target=\"_blank\" rel=\"noopener\">payer l&rsquo;acc\u00e8s au march\u00e9 de No\u00ebl le week-end<\/a> a marqu\u00e9 l&rsquo;actualit\u00e9 cette semaine&#8230; et \u00e9videmment livr\u00e9 une source d&rsquo;inspiration toute trouv\u00e9e \u00e0 notre illustrateur Yannick Lefran\u00e7ois. Prompt \u00e0 relever que les moins ais\u00e9s seraient sans doute les plus g\u00ean\u00e9s par une telle mesure touchant le porte-monnaie&#8230;<\/p>\n","protected":false},"excerpt":{"rendered":"La proposition du candidat LFI \u00e0 Strasbourg Florian Kobryn de faire payer l&rsquo;acc\u00e8s au march\u00e9 de No\u00ebl le&hellip;\n","protected":false},"author":2,"featured_media":583814,"comment_status":"","ping_status":"","sticky":false,"template":"","format":"standard","meta":{"footnotes":""},"categories":[2820],"tags":[1111,11,2880,1777,674,107,1011,27,775,12,15830,25,104,640,2879],"class_list":{"0":"post-583813","1":"post","2":"type-post","3":"status-publish","4":"format-standard","5":"has-post-thumbnail","7":"category-strasbourg","8":"tag-actu","9":"tag-actualites","10":"tag-edition-strasbourg","11":"tag-eu","12":"tag-europe","13":"tag-fil-info","14":"tag-fr","15":"tag-france","16":"tag-grand-est","17":"tag-news","18":"tag-noel","19":"tag-republique-francaise","20":"tag-societe","21":"tag-strasbourg","22":"tag-strasbourg-ville"},"share_on_mastodon":{"url":"https:\/\/pubeurope.com\/@fr\/115677333046143858","error":""},"_links":{"self":[{"href":"https:\/\/www.europesays.com\/fr\/wp-json\/wp\/v2\/posts\/583813","targetHints":{"allow":["GET"]}}],"collection":[{"href":"https:\/\/www.europesays.com\/fr\/wp-json\/wp\/v2\/posts"}],"about":[{"href":"https:\/\/www.europesays.com\/fr\/wp-json\/wp\/v2\/types\/post"}],"author":[{"embeddable":true,"href":"https:\/\/www.europesays.com\/fr\/wp-json\/wp\/v2\/users\/2"}],"replies":[{"embeddable":true,"href":"https:\/\/www.europesays.com\/fr\/wp-json\/wp\/v2\/comments?post=583813"}],"version-history":[{"count":0,"href":"https:\/\/www.europesays.com\/fr\/wp-json\/wp\/v2\/posts\/583813\/revisions"}],"wp:featuredmedia":[{"embeddable":true,"href":"https:\/\/www.europesays.com\/fr\/wp-json\/wp\/v2\/media\/583814"}],"wp:attachment":[{"href":"https:\/\/www.europesays.com\/fr\/wp-json\/wp\/v2\/media?parent=583813"}],"wp:term":[{"taxonomy":"category","embeddable":true,"href":"https:\/\/www.europesays.com\/fr\/wp-json\/wp\/v2\/categories?post=583813"},{"taxonomy":"post_tag","embeddable":true,"href":"https:\/\/www.europesays.com\/fr\/wp-json\/wp\/v2\/tags?post=583813"}],"curies":[{"name":"wp","href":"https:\/\/api.w.org\/{rel}","templated":true}]}}