{"id":583815,"date":"2025-12-07T08:26:12","date_gmt":"2025-12-07T08:26:12","guid":{"rendered":"https:\/\/www.europesays.com\/fr\/583815\/"},"modified":"2025-12-07T08:26:12","modified_gmt":"2025-12-07T08:26:12","slug":"pres-de-nice-un-restaurant-kfc-ouvre-dans-ce-centre-commercial-ce-que-lon-sait","status":"publish","type":"post","link":"https:\/\/www.europesays.com\/fr\/583815\/","title":{"rendered":"Pr\u00e8s de Nice. Un restaurant KFC ouvre dans ce centre commercial, ce que l&rsquo;on sait"},"content":{"rendered":"<p>                    Par<br \/>\n        <strong><br \/>\n            <a href=\"https:\/\/actu.fr\/auteur\/ugo-maillard\" title=\"Consulter tous les articles de Ugo Maillard\" target=\"_blank\" rel=\"noopener\">Ugo Maillard<\/a><br \/>\n                    <\/strong><\/p>\n<p>        Publi\u00e9 le<\/p>\n<p>            7 d\u00e9c. 2025 \u00e0 8h12        <\/p>\n<p>L\u2019enseigne <strong>KFC<\/strong> annonce un nouveau <a href=\"https:\/\/actu.fr\/tag\/restaurant\" target=\"_blank\" rel=\"noopener\">restaurant<\/a> dans les <a href=\"https:\/\/actu.fr\/provence-alpes-cote-d-azur\/alpes-maritimes_06\" target=\"_blank\" rel=\"noopener\">Alpes-Maritimes<\/a>. Lors de ce mois de d\u00e9cembre, la franchise de <a href=\"https:\/\/actu.fr\/tag\/street-food\" target=\"_blank\" rel=\"noopener\">fast-food<\/a> sp\u00e9cialis\u00e9e dans le poulet frit va inaugurer <a href=\"https:\/\/actu.fr\/tag\/nouveaux-commerces\" target=\"_blank\" rel=\"noopener\">un nouveau point de vente<\/a>.\u00a0<\/p>\n<p class=\" wall-content\">Rendez-vous dans les all\u00e9es du centre commercial<strong> Shopping Promenade Riviera<\/strong>, situ\u00e9 \u00e0 Cagnes-sur-Mer, \u00e0 l\u2019ouest de <a href=\"https:\/\/actu.fr\/nice\/\" target=\"_blank\" rel=\"noopener\">Nice<\/a>.<\/p>\n<p>    <a href=\"https:\/\/www.google.com\/maps\/embed?pb=!1m18!1m12!1m3!1d35337.0174686377!2d7.15303644827202!3d43.667548606551755!2m3!1f0!2f0!3f0!3m2!1i1024!2i768!4f13.1!3m3!1m2!1s0x12cdd375bc830ea3%3A0xb68b5bb9bf4018cd!2sShopping%20Promenade!5e0!3m2!1sfr!2sfr!4v1764605816245!5m2!1sfr!2sfr\" title=\"Ouvrie le lien\" target=\"_blank\" rel=\"noopener\">Cliquez ici pour visualiser le contenu<\/a><\/p>\n<p class=\" wall-content\">Il s\u2019agit de la<strong> 9e ouverture dans les Alpes-Maritimes<\/strong> et de la 400\u1d49 en France.<\/p>\n<p>Ouverture pr\u00e9vue le 16 d\u00e9cembre<\/p>\n<p class=\" wall-content\">Selon les \u00e9quipes du centre commercial de Shopping Promenade Riviera, le restaurant ouvrira le mardi 16 d\u00e9cembre 2025 \u00e0 ses premiers clients.<\/p>\n<p class=\" wall-content\">Le fast-food KFC sera ouvert tous les jours de 11h \u00e0 23h.<\/p>\n<p class=\" wall-content\">Personnalisez votre actualit\u00e9 en ajoutant vos villes et m\u00e9dias en favori avec <a href=\"https:\/\/moncompte.actu.fr\" title=\"D\u00e9couvez Mon Actu\" rel=\"nofollow noopener\" data-trk=\"{&quot;cta&quot;:{&quot;action&quot;:&quot;https:\\\/\\\/moncompte.actu.fr&quot;,&quot;category&quot;:&quot;mon compte&quot;,&quot;from&quot;:&quot;article footer&quot;,&quot;name&quot;:&quot;Mon actu&quot;,&quot;type&quot;:&quot;cta&quot;}}\" target=\"_blank\">Mon Actu<\/a>.<\/p>\n","protected":false},"excerpt":{"rendered":"Par Ugo Maillard Publi\u00e9 le 7 d\u00e9c. 2025 \u00e0 8h12 L\u2019enseigne KFC annonce un nouveau restaurant dans les&hellip;\n","protected":false},"author":2,"featured_media":583816,"comment_status":"","ping_status":"","sticky":false,"template":"","format":"standard","meta":{"footnotes":""},"categories":[2819],"tags":[1111,11,33,1777,674,1011,27,12,2401,3147,882,25,1340,10479],"class_list":{"0":"post-583815","1":"post","2":"type-post","3":"status-publish","4":"format-standard","5":"has-post-thumbnail","7":"category-nice","8":"tag-actu","9":"tag-actualites","10":"tag-economie","11":"tag-eu","12":"tag-europe","13":"tag-fr","14":"tag-france","15":"tag-news","16":"tag-nice","17":"tag-nouveaux-commerces","18":"tag-provence-alpes-cote-dazur","19":"tag-republique-francaise","20":"tag-restaurant","21":"tag-street-food"},"share_on_mastodon":{"url":"https:\/\/pubeurope.com\/@fr\/115677336923212121","error":""},"_links":{"self":[{"href":"https:\/\/www.europesays.com\/fr\/wp-json\/wp\/v2\/posts\/583815","targetHints":{"allow":["GET"]}}],"collection":[{"href":"https:\/\/www.europesays.com\/fr\/wp-json\/wp\/v2\/posts"}],"about":[{"href":"https:\/\/www.europesays.com\/fr\/wp-json\/wp\/v2\/types\/post"}],"author":[{"embeddable":true,"href":"https:\/\/www.europesays.com\/fr\/wp-json\/wp\/v2\/users\/2"}],"replies":[{"embeddable":true,"href":"https:\/\/www.europesays.com\/fr\/wp-json\/wp\/v2\/comments?post=583815"}],"version-history":[{"count":0,"href":"https:\/\/www.europesays.com\/fr\/wp-json\/wp\/v2\/posts\/583815\/revisions"}],"wp:featuredmedia":[{"embeddable":true,"href":"https:\/\/www.europesays.com\/fr\/wp-json\/wp\/v2\/media\/583816"}],"wp:attachment":[{"href":"https:\/\/www.europesays.com\/fr\/wp-json\/wp\/v2\/media?parent=583815"}],"wp:term":[{"taxonomy":"category","embeddable":true,"href":"https:\/\/www.europesays.com\/fr\/wp-json\/wp\/v2\/categories?post=583815"},{"taxonomy":"post_tag","embeddable":true,"href":"https:\/\/www.europesays.com\/fr\/wp-json\/wp\/v2\/tags?post=583815"}],"curies":[{"name":"wp","href":"https:\/\/api.w.org\/{rel}","templated":true}]}}