{"id":583821,"date":"2025-12-07T08:29:16","date_gmt":"2025-12-07T08:29:16","guid":{"rendered":"https:\/\/www.europesays.com\/fr\/583821\/"},"modified":"2025-12-07T08:29:16","modified_gmt":"2025-12-07T08:29:16","slug":"luis-castro-isole-ses-jours-sont-comptes","status":"publish","type":"post","link":"https:\/\/www.europesays.com\/fr\/583821\/","title":{"rendered":"Luis Castro isol\u00e9, ses jours sont compt\u00e9s"},"content":{"rendered":"<p><b>La d\u00e9faite de Nantes contre Lens samedi apr\u00e8s-midi (1-2) pourrait \u00eatre celle de trop pour Luis Castro, isol\u00e9 comme rarement depuis son arriv\u00e9e chez les Canaris et qui pourrait vivre ses derniers jours en Loire-Atlantique.<\/b><\/p>\n<p>Une d\u00e9faite de plus pour le FC Nantes. Oppos\u00e9e au leader lensois samedi apr\u00e8s-midi, l\u2019\u00e9quipe de Luis Castro n\u2019a pas \u00e9t\u00e9 ridicule, mais elle a fini par s\u2019incliner \u00e0 La Beaujoire (1-2). Une huiti\u00e8me d\u00e9faite en <a href=\"https:\/\/www.foot01.com\/ligue1\" title=\"Ligue 1\" target=\"_blank\" rel=\"noopener\">Ligue 1<\/a> cette saison qui fragilise logiquement la position de l\u2019entra\u00eeneur Luis Castro. Le technicien portugais, arriv\u00e9 en provenance de Dunkerque cet \u00e9t\u00e9, est dans une situation p\u00e9rilleuse. <a href=\"https:\/\/www.foot01.com\/nantes\/nantes-promet-un-mercato-bouillant-cet-hiver\" target=\"_self\" rel=\"noopener\">Un point sur son avenir sera fait \u00e0 No\u00ebl<\/a> mais en cas de nouvelle contre-performance \u00e0 Angers le week-end prochain, son limogeage pourrait devenir in\u00e9vitable, ce que confirme L\u2019Equipe.<\/p>\n<p>Le quotidien national va plus loin en affirmant que Luis Castro est isol\u00e9 comme jamais actuellement au FC Nantes. \u00ab Cette semaine, il se disait qu&rsquo;un point serait \u00e9tabli \u00e0 la tr\u00eave de No\u00ebl sur la situation et donc la sienne, que le Portugais avait donc deux matches pour convaincre, Lens et Angers, pour redresser la situation. Mais elle empire, il aurait tendance \u00e0 s&rsquo;isoler en interne et son discours \u00e9volue, aussi\u00a0\u00bb \u00e9crit notre confr\u00e8re Johan Rigaud, correspondant de L\u2019Equipe \u00e0 Nantes.<\/p>\n<p>Le mois de janvier se rapproche et les Canaris seront actifs sur le march\u00e9 des transferts afin de renforcer l\u2019effectif, alors qu\u2019ils seront forc\u00e9ment rel\u00e9gables apr\u00e8s le match entre Auxerre et Metz ce dimanche apr\u00e8s-midi. La question est maintenant de savoir si Luis Castro sera toujours en poste pour profiter des potentielles recrues. \u00ab Comme je l\u2019ai d\u00e9j\u00e0 dit, le club sera attentif lors du mercato. Parce que si on regarde les r\u00e9sultats \u00e0 la mi-temps, avant les changements, on est souvent dans le match\u00a0\u00bb s\u2019est content\u00e9 de commenter l\u2019entra\u00eeneur portugais de 45 ans apr\u00e8s le match. L\u2019avenir de l\u2019ancien coach de Dunkerque s\u2019\u00e9crit plus que jamais en pointill\u00e9s alors que Nantes ne compte que deux victoires en Ligue 1 depuis le d\u00e9but de la saison.<\/p>\n","protected":false},"excerpt":{"rendered":"La d\u00e9faite de Nantes contre Lens samedi apr\u00e8s-midi (1-2) pourrait \u00eatre celle de trop pour Luis Castro, isol\u00e9&hellip;\n","protected":false},"author":2,"featured_media":583822,"comment_status":"","ping_status":"","sticky":false,"template":"","format":"standard","meta":{"footnotes":""},"categories":[2818],"tags":[1111,11,1777,674,462,1011,27,66,766,12,2636,25],"class_list":{"0":"post-583821","1":"post","2":"type-post","3":"status-publish","4":"format-standard","5":"has-post-thumbnail","7":"category-nantes","8":"tag-actu","9":"tag-actualites","10":"tag-eu","11":"tag-europe","12":"tag-fc-nantes","13":"tag-fr","14":"tag-france","15":"tag-ligue-1","16":"tag-nantes","17":"tag-news","18":"tag-pays-de-la-loire","19":"tag-republique-francaise"},"share_on_mastodon":{"url":"https:\/\/pubeurope.com\/@fr\/115677348923604503","error":""},"_links":{"self":[{"href":"https:\/\/www.europesays.com\/fr\/wp-json\/wp\/v2\/posts\/583821","targetHints":{"allow":["GET"]}}],"collection":[{"href":"https:\/\/www.europesays.com\/fr\/wp-json\/wp\/v2\/posts"}],"about":[{"href":"https:\/\/www.europesays.com\/fr\/wp-json\/wp\/v2\/types\/post"}],"author":[{"embeddable":true,"href":"https:\/\/www.europesays.com\/fr\/wp-json\/wp\/v2\/users\/2"}],"replies":[{"embeddable":true,"href":"https:\/\/www.europesays.com\/fr\/wp-json\/wp\/v2\/comments?post=583821"}],"version-history":[{"count":0,"href":"https:\/\/www.europesays.com\/fr\/wp-json\/wp\/v2\/posts\/583821\/revisions"}],"wp:featuredmedia":[{"embeddable":true,"href":"https:\/\/www.europesays.com\/fr\/wp-json\/wp\/v2\/media\/583822"}],"wp:attachment":[{"href":"https:\/\/www.europesays.com\/fr\/wp-json\/wp\/v2\/media?parent=583821"}],"wp:term":[{"taxonomy":"category","embeddable":true,"href":"https:\/\/www.europesays.com\/fr\/wp-json\/wp\/v2\/categories?post=583821"},{"taxonomy":"post_tag","embeddable":true,"href":"https:\/\/www.europesays.com\/fr\/wp-json\/wp\/v2\/tags?post=583821"}],"curies":[{"name":"wp","href":"https:\/\/api.w.org\/{rel}","templated":true}]}}