{"id":583823,"date":"2025-12-07T08:30:15","date_gmt":"2025-12-07T08:30:15","guid":{"rendered":"https:\/\/www.europesays.com\/fr\/583823\/"},"modified":"2025-12-07T08:30:15","modified_gmt":"2025-12-07T08:30:15","slug":"le-salon-international-dart-contemporain-vaut-le-coup-doeil","status":"publish","type":"post","link":"https:\/\/www.europesays.com\/fr\/583823\/","title":{"rendered":"le Salon international d\u2019art contemporain vaut le coup d\u2019\u0153il"},"content":{"rendered":"<p>Visuellement, l\u2019ensemble des \u0153uvres de <a href=\"https:\/\/miquaseo.com\/collections\/les-oeuvres-miquaseo?srsltid=AfmBOoqmbijUuxJcU0AfMIeXbdKfZANoScWLSXSOoNRYm57uNojqVWOr\" target=\"_blank\" rel=\"nofollow noopener\">Miquaseo<\/a>, qui a fait le d\u00e9placement au <a href=\"https:\/\/www.art3f.fr\/bordeaux\/\" target=\"_blank\" rel=\"nofollow noopener\">Salon international d\u2019art contemporain de Bordeaux<\/a> depuis Saint-Paul-de-Vence, fonctionnent sur le m\u00eame principe. Il y a d\u2019ailleurs une loupe \u00e0 disposition. L\u2019une des \u00ab\u00a0Marilyn Monroe\u00a0\u00bb inspir\u00e9es de la c\u00e9l\u00e8bre s\u00e9rigraphie d\u2019Andy Warhol est faite d\u2019une multitude de visages qui nous regardent en faisant des grimaces. Jouant \u00e9galement de la contradiction, \u00ab\u00a0Le Cri\u00a0\u00bb d\u2019Edvard Munch devient joyeux \u00e0 mesure qu\u2019on se rapproche.<\/p>\n<p>        <img decoding=\"async\" id=\"26996564\" src=\"https:\/\/www.europesays.com\/fr\/wp-content\/uploads\/2025\/12\/zanellato.jpg\" alt=\"Les origamis de Zanellato.\" itemprop=\"contentURL\"\/><\/p>\n<p>    Les origamis de Zanellato.<\/p>\n<p>Emmanuel Commissaire<\/p>\n<p>    Cocottes en papier<\/p>\n<p>\u00c0 l\u2019autre bout du Parc des expositions, le visiteur retrouvera cette malice esth\u00e9tique dans le travail de <a href=\"https:\/\/www.giselezanellato.com\/\" target=\"_blank\" rel=\"nofollow noopener\">Zanellato<\/a>. \u00ab\u00a0Les Fran\u00e7ais parlent souvent de cocottes en papier, mais chez moi, en Belgique, on dit origamis\u00a0\u00bb, remarque l\u2019artiste. Ses pliages align\u00e9s par dizaines dans des cadres noirs attirent l\u2019\u0153il par la subtilit\u00e9 de leurs couleurs. L\u00e0 aussi, il faut les observer en d\u00e9tail. Chaque cocotte est une r\u00e9f\u00e9rence \u00e0 un peintre, jamais le m\u00eame. Ici, une \u00e9l\u00e9gante dame pr\u00e9rapha\u00e9lite. L\u00e0, du Modigliani. Tiens, revoil\u00e0 \u00ab\u00a0Le Cri\u00a0\u00bb. \u00ab\u00a0Avec ces mini-mus\u00e9es\u00a0en bo\u00eete, je fais un survol de l\u2019histoire de l\u2019art, en commen\u00e7ant par les primitifs flamands et la Renaissance\u00a0\u00bb, remarque-t-elle. On croise ensuite David Hockney, Pablo Picasso ou encore Gustav Klimt.<\/p>\n<p>Ce salon regroupe au total quelque 150 exposants, peintres, sculpteurs ou photographes, pr\u00e9sents pour la plupart, soit plus de 3\u00a0000 \u0153uvres, toutes \u00e0 vendre. Tous les styles sont repr\u00e9sent\u00e9s. Chaque stand m\u00e9rite qu\u2019on s\u2019y arr\u00eate. Organis\u00e9e par la soci\u00e9t\u00e9 art3f, cette manifestation est appel\u00e9e \u00e0 faire \u00e9tape en 2026 dans une vingtaine de villes, dont Paris, Milan et Barcelone.<\/p>\n","protected":false},"excerpt":{"rendered":"Visuellement, l\u2019ensemble des \u0153uvres de Miquaseo, qui a fait le d\u00e9placement au Salon international d\u2019art contemporain de Bordeaux&hellip;\n","protected":false},"author":2,"featured_media":583824,"comment_status":"","ping_status":"","sticky":false,"template":"","format":"standard","meta":{"footnotes":""},"categories":[2817],"tags":[1111,11,1997,1777,674,1011,27,12,2219,25],"class_list":{"0":"post-583823","1":"post","2":"type-post","3":"status-publish","4":"format-standard","5":"has-post-thumbnail","7":"category-bordeaux","8":"tag-actu","9":"tag-actualites","10":"tag-bordeaux","11":"tag-eu","12":"tag-europe","13":"tag-fr","14":"tag-france","15":"tag-news","16":"tag-nouvelle-aquitaine","17":"tag-republique-francaise"},"share_on_mastodon":{"url":"https:\/\/pubeurope.com\/@fr\/115677353456002961","error":""},"_links":{"self":[{"href":"https:\/\/www.europesays.com\/fr\/wp-json\/wp\/v2\/posts\/583823","targetHints":{"allow":["GET"]}}],"collection":[{"href":"https:\/\/www.europesays.com\/fr\/wp-json\/wp\/v2\/posts"}],"about":[{"href":"https:\/\/www.europesays.com\/fr\/wp-json\/wp\/v2\/types\/post"}],"author":[{"embeddable":true,"href":"https:\/\/www.europesays.com\/fr\/wp-json\/wp\/v2\/users\/2"}],"replies":[{"embeddable":true,"href":"https:\/\/www.europesays.com\/fr\/wp-json\/wp\/v2\/comments?post=583823"}],"version-history":[{"count":0,"href":"https:\/\/www.europesays.com\/fr\/wp-json\/wp\/v2\/posts\/583823\/revisions"}],"wp:featuredmedia":[{"embeddable":true,"href":"https:\/\/www.europesays.com\/fr\/wp-json\/wp\/v2\/media\/583824"}],"wp:attachment":[{"href":"https:\/\/www.europesays.com\/fr\/wp-json\/wp\/v2\/media?parent=583823"}],"wp:term":[{"taxonomy":"category","embeddable":true,"href":"https:\/\/www.europesays.com\/fr\/wp-json\/wp\/v2\/categories?post=583823"},{"taxonomy":"post_tag","embeddable":true,"href":"https:\/\/www.europesays.com\/fr\/wp-json\/wp\/v2\/tags?post=583823"}],"curies":[{"name":"wp","href":"https:\/\/api.w.org\/{rel}","templated":true}]}}