{"id":583825,"date":"2025-12-07T08:31:19","date_gmt":"2025-12-07T08:31:19","guid":{"rendered":"https:\/\/www.europesays.com\/fr\/583825\/"},"modified":"2025-12-07T08:31:19","modified_gmt":"2025-12-07T08:31:19","slug":"national-2-a-les-girondins-de-bordeaux-seuls-en-tete","status":"publish","type":"post","link":"https:\/\/www.europesays.com\/fr\/583825\/","title":{"rendered":"National 2 A. Les Girondins de Bordeaux seuls en t\u00eate !"},"content":{"rendered":"<p><img loading=\"lazy\" decoding=\"async\" width=\"696\" height=\"464\" class=\"lazyload entry-thumb\" src=\"https:\/\/www.europesays.com\/fr\/wp-content\/uploads\/2025\/11\/Girondins-Bordeaux-696x464.jpg\" alt=\"Girondins Bordeaux\" title=\"Girondins Bordeaux\"\/>Les Bordelais au Matmut Atlantique. (Photo Fr\u00e9d\u00e9ric Braz)<\/p>\n<p style=\"font-size:20px\"><strong>La Roche Vend\u00e9e tenue en \u00e9chec et Bayonne battu, les Girondins de Bordeaux ont pris seuls la t\u00eate du groupe A \u00e0 l\u2019issue de la douzi\u00e8me journ\u00e9e.<\/strong><\/p>\n<p>Vendredi soir, La Roche Vend\u00e9e avait ramen\u00e9 le match nul nul d\u2019Angoul\u00eame Charente FC (1-1) tandis que l\u2019Aviron Bayonnais FC s\u2019\u00e9tait inclin\u00e9 au Vend\u00e9e Les Herbiers Football (0-2). En s\u2019imposant contre Dinan L\u00e9hon FC \u2013 avec un doubl\u00e9 de Royce Openda  (2-0) \u2013 les Girondins de Bordeaux ont pris seuls la t\u00eate du groupe A. Ils comptent deux longueurs d\u2019avance sur les Yonnais et trois sur les Bayonnais.<\/p>\n<p>En bas de classement, c\u2019est toujours aussi compliqu\u00e9 pour l\u2019US Granville \u2013 qui a encaiss\u00e9 un neuvi\u00e8me revers de rang au Stade Poitevin  (0-1) \u2013 et pour la Saint-Colomban Locmin\u00e9 qui reste bon dernier apr\u00e8s sa d\u00e9faite \u00e0 l\u2019Olympique Saumur (1-3).<\/p>\n<p><strong>La r\u00e9action : Gr\u00e9gory Scaffa (US Granville)<\/strong><\/p>\n<p><strong>\u00ab\u00a0On m\u00e9ritait mieux, les joueurs ont affich\u00e9 une belle personnalit\u00e9, ils ont r\u00e9pondu dans l\u2019agressivit\u00e9. Mais c\u2019est s\u00fbr que cette \u00e9quipe manque de confiance \u00e0 l\u2019image du but qui intervient sur une s\u00e9quence que nous devons mieux g\u00e9rer. On est mal r\u00e9compens\u00e9s.\u00a0\u00bb<\/strong> Source : <a href=\"https:\/\/www.ouest-france.fr\/sport\/football\/granville-us\/football-national-2-granville-cede-dans-le-temps-additionnel-contre-poitiers-11926e9c-d223-11f0-9e33-11f0fa5dcfce\" target=\"_blank\" rel=\"noreferrer noopener\">Ouest-France<\/a><br \/>Arriv\u00e9 en d\u00e9but de semaine sur le banc de l\u2019US Granville, Gr\u00e9gory Scaffa n\u2019a pu \u00e9viter le neuvi\u00e8me d\u00e9faite cons\u00e9cutive de son \u00e9quipe vendredi soir.<\/p>\n<p><strong>Le chiffre : 6<\/strong><\/p>\n<p>Ar\u00e8s leur match nul contre Angoul\u00eame Charente FC le 20 septembre (1-1), les Girondins de Bordeaux viennent d\u2019encha\u00eener avec six succ\u00e8s de rang dans le groupe A de National 2. Une s\u00e9rie qui leur permet ainsi de prendre seuls la t\u00eate \u00e0 l\u2019issue de cette douzi\u00e8me journ\u00e9e, avec deux points d\u2019avance sur La Roche Vend\u00e9e et trois points sur l\u2019Aviron Bayonnais.<\/p>\n<p><strong>Les r\u00e9sultats et buteurs de la douzi\u00e8me journ\u00e9e<\/strong><\/p>\n<p><strong>Vend\u00e9e Les Herbiers Football \u2013 Aviron Bayonnais FC : 2-0 (0-0)<br \/>Buts :\u00a0<\/strong>Rissonga Lemboma (62\u2032), Fiquet (90\u2032) pour Les Herbiers<\/p>\n<p><strong>Angoul\u00eame Charente FC \u2013 Vend\u00e9e Football Club La Roche-sur-Yon : 1-1 (0-1)<br \/>Buts :\u00a0<\/strong>Escarpit (89\u2032) pour Angoul\u00eame ; Morel (13\u2032) pour La Roche-sur-Yon<\/p>\n<p><strong>Stade Poitevin FC \u2013 US Granville : 1-0 (0-0)<br \/>But :\u00a0<\/strong>Houmadi (90\u2019+2) pour Poitiers<br \/><strong><br \/>US Avranches Mont Saint-Michel \u2013 FC Montlouis : 3-3 (0-1)<br \/>Buts : <\/strong>Pi (46\u2032), Lamrabette (48\u2032), Duduit (90+9) pour Avranches ; \u00a0Bouhoutt (4\u2032), Marie-Louise Henriet (62\u2032), Hidasse (77\u2032) pour Montlouis-sur-Loire<\/p>\n<p><strong>FC Girondins de Bordeaux \u2013 Dinan L\u00e9hon FC : 2-0 (0-0)<br \/>Buts :<\/strong> Openda (63\u2032, 90+5) pour Bordeaux<\/p>\n<p><strong>Voltigeurs de Ch\u00e2teaubriant \u2013 FC Lorient 2 : 2-1 (2-0)<br \/>Buts : <\/strong>Ndiaye (12\u2032), Ramanamahefa (18\u2032) pour Ch\u00e2teaubriant ; Kon\u00e9 (82\u2032) pour Lorient<\/p>\n<p><strong>Olympique Saumur FC \u2013 Saint-Colomban Locmin\u00e9 : 3-1 (0-0)<br \/>Buts : <\/strong>Blanchard (49, 50\u2032), Le Coz (89\u2032) ; Didot (55\u2032 sp) pour Locmin\u00e9<\/p>\n<p><strong>US Saint-Malo \u2013 FC Chauray : 4-2 (3-1)<br \/>Buts :<\/strong> Capoue (10\u2032, 35\u2032), Bangoura (20\u2032), Burban (74\u2032) pour Saint-Malo ; ? (5\u2032), ? (85\u2032) pour Chauray<\/p>\n<p><strong><a href=\"https:\/\/footamateur.ouest-france.fr\/national-2-les-resultats-et-buteurs-de-la-douzieme-journee-2025\/\" target=\"_blank\" rel=\"noreferrer noopener\">&gt;&gt;&gt; Tous les r\u00e9sultats et les buteurs de la douzi\u00e8me journ\u00e9e<\/a><\/strong><\/p>\n<p><strong>Le classement \u00e0 l\u2019issue de la douzi\u00e8me journ\u00e9e<\/strong><a href=\"https:\/\/footamateur.ouest-france.fr\/author\/jerome\/\" class=\"url\" title=\"J\u00e9rome Bouchacourt\" target=\"_blank\" rel=\"noopener\"> <img decoding=\"async\" src=\"https:\/\/www.europesays.com\/fr\/wp-content\/uploads\/2025\/04\/moi.jpg\" class=\"lazyload photo\" width=\"250\" alt=\"J\u00e9rome Bouchacourt\"\/><\/a><\/p>\n<p>SEO et r\u00e9dacteur en chef chez Sports M\u00e9dia<\/p>\n<p>Petit Suisse originaire de Lausanne, au bord du Lac L\u00e9man, biberonn\u00e9 au Beaujolais depuis ses deux ans, J\u00e9r\u00f4me a migr\u00e9 dans la r\u00e9gion nantaise au d\u00e9but des ann\u00e9es 2000. Fan de football amateur, de ses rencontres, ses terrains bossel\u00e9s, ses buvettes conviviales, il est aussi un bon vivant qui adore la cuisine lyonnaise ! Fondateur de Footamateur.fr en mai 2014.<\/p>\n<p><a href=\"https:\/\/footamateur.ouest-france.fr\/author\/jerome\/\" class=\"url\" title=\"J\u00e9rome Bouchacourt\" target=\"_blank\" rel=\"noopener\"><img decoding=\"async\" src=\"https:\/\/www.europesays.com\/fr\/wp-content\/uploads\/2025\/04\/moi.jpg\" class=\"lazyload photo\" width=\"250\" alt=\"J\u00e9rome Bouchacourt\"\/><\/a>Les derniers articles par J\u00e9rome Bouchacourt (<a href=\"https:\/\/footamateur.ouest-france.fr\/author\/jerome\/\" target=\"_blank\" rel=\"noopener\">tout voir<\/a>)<\/p>\n","protected":false},"excerpt":{"rendered":"Les Bordelais au Matmut Atlantique. (Photo Fr\u00e9d\u00e9ric Braz) La Roche Vend\u00e9e tenue en \u00e9chec et Bayonne battu, les&hellip;\n","protected":false},"author":2,"featured_media":543102,"comment_status":"","ping_status":"","sticky":false,"template":"","format":"standard","meta":{"footnotes":""},"categories":[2817],"tags":[1111,11,1997,1777,674,1011,27,12,2219,25],"class_list":{"0":"post-583825","1":"post","2":"type-post","3":"status-publish","4":"format-standard","5":"has-post-thumbnail","7":"category-bordeaux","8":"tag-actu","9":"tag-actualites","10":"tag-bordeaux","11":"tag-eu","12":"tag-europe","13":"tag-fr","14":"tag-france","15":"tag-news","16":"tag-nouvelle-aquitaine","17":"tag-republique-francaise"},"share_on_mastodon":{"url":"https:\/\/pubeurope.com\/@fr\/115677357333392178","error":""},"_links":{"self":[{"href":"https:\/\/www.europesays.com\/fr\/wp-json\/wp\/v2\/posts\/583825","targetHints":{"allow":["GET"]}}],"collection":[{"href":"https:\/\/www.europesays.com\/fr\/wp-json\/wp\/v2\/posts"}],"about":[{"href":"https:\/\/www.europesays.com\/fr\/wp-json\/wp\/v2\/types\/post"}],"author":[{"embeddable":true,"href":"https:\/\/www.europesays.com\/fr\/wp-json\/wp\/v2\/users\/2"}],"replies":[{"embeddable":true,"href":"https:\/\/www.europesays.com\/fr\/wp-json\/wp\/v2\/comments?post=583825"}],"version-history":[{"count":0,"href":"https:\/\/www.europesays.com\/fr\/wp-json\/wp\/v2\/posts\/583825\/revisions"}],"wp:featuredmedia":[{"embeddable":true,"href":"https:\/\/www.europesays.com\/fr\/wp-json\/wp\/v2\/media\/543102"}],"wp:attachment":[{"href":"https:\/\/www.europesays.com\/fr\/wp-json\/wp\/v2\/media?parent=583825"}],"wp:term":[{"taxonomy":"category","embeddable":true,"href":"https:\/\/www.europesays.com\/fr\/wp-json\/wp\/v2\/categories?post=583825"},{"taxonomy":"post_tag","embeddable":true,"href":"https:\/\/www.europesays.com\/fr\/wp-json\/wp\/v2\/tags?post=583825"}],"curies":[{"name":"wp","href":"https:\/\/api.w.org\/{rel}","templated":true}]}}