{"id":583826,"date":"2025-12-07T08:32:12","date_gmt":"2025-12-07T08:32:12","guid":{"rendered":"https:\/\/www.europesays.com\/fr\/583826\/"},"modified":"2025-12-07T08:32:12","modified_gmt":"2025-12-07T08:32:12","slug":"le-calendrier-saffine-voici-quand-le-debut-du-chantier-est-envisage","status":"publish","type":"post","link":"https:\/\/www.europesays.com\/fr\/583826\/","title":{"rendered":"le calendrier s&rsquo;affine, voici quand le d\u00e9but du chantier est envisag\u00e9"},"content":{"rendered":"<p>                    Par<br \/>\n        <strong><br \/>\n            <a href=\"https:\/\/actu.fr\/auteur\/lucie-2\" title=\"Consulter tous les articles de Lucie Fraisse\" target=\"_blank\" rel=\"noopener\">Lucie Fraisse<\/a><br \/>\n                    <\/strong><\/p>\n<p>        Publi\u00e9 le<\/p>\n<p>            7 d\u00e9c. 2025 \u00e0 8h08        <\/p>\n<p>Ce sera<a href=\"https:\/\/actu.fr\/occitanie\/toulouse_31555\/toulouse-comment-le-chu-va-construire-l-un-des-plus-grands-hopitaux-pediatriques-d-europe_61598930.html\" target=\"_blank\" rel=\"noopener\"> l\u2019un des plus grands h\u00f4pitaux europ\u00e9ens dans le domaine de la p\u00e9diatrie<\/a>. Dans les tuyaux depuis de nombreuses ann\u00e9es, le<strong> grand h\u00f4pital r\u00e9gional des enfants<\/strong> (GHRE) sur le site Purpan est l\u2019un des futurs tr\u00e8s gros chantiers du <strong>CHU de Toulouse<\/strong>. Un projet qui a \u00e9t\u00e9 pr\u00e9sent\u00e9 aux \u00e9quipes en juillet dernier et dont le calendrier s\u2019affine. On vous dit quand le chantier doit d\u00e9buter.<\/p>\n<p>Un projet de longue date\u00a0<\/p>\n<p class=\" wall-content\">L\u2019h\u00f4pital des enfants de Toulouse a accueilli ses premiers patients en 1988. Mais la <a href=\"https:\/\/actu.fr\/occitanie\/toulouse_31555\/chu-de-toulouse-avec-des-milliers-d-admissions-en-plus-chaque-annee-les-urgences-vont-elles-tenir_63006893.html\" target=\"_blank\" rel=\"noopener\">population \u00e0 Toulouse et aux alentours ne cessant d\u2019augmenter<\/a>, la structure a vite montr\u00e9 ses limites en terme d\u2019accueil.<strong> B\u00e2timents trop exigus, services \u00e9parpill\u00e9s<\/strong>\u2026 La situation se montre particuli\u00e8rement critique pour les urgences p\u00e9diatriques et la n\u00e9onatologie.<\/p>\n<p class=\" wall-content\">Repenser l\u2019h\u00f4pital des enfants, on en parle depuis le d\u00e9but des ann\u00e9es 2020. <a href=\"https:\/\/actu.fr\/occitanie\/toulouse_31555\/chu-de-toulouse-un-tout-nouveau-projet-pour-l-hopital-des-enfants_58671802.html\" target=\"_blank\" rel=\"noopener\">Un premier projet est mis sur la table en 2021<\/a>, la livraison des premi\u00e8res extensions est alors envisag\u00e9e pour\u2026 2025.<\/p>\n<p>Doubler la surface\u00a0<\/p>\n<p class=\" wall-content\">Entre temps, le projet initial a \u00e9t\u00e9 rebatonn\u00e9 et pr\u00e9voit d\u00e9sormais de plus que doubler la surface de l\u2019h\u00f4pital des enfants, via notamment <strong>la construction de deux extensions<\/strong> : l\u2019une sur le parking des urgences p\u00e9diatriques, la seconde sur le parking situ\u00e9 derri\u00e8re le service de r\u00e9animation n\u00e9onatale.<\/p>\n<p>    <img   decoding=\"async\" loading=\"lazy\" src=\"https:\/\/www.europesays.com\/fr\/wp-content\/uploads\/2025\/12\/urgences-enfant-toulouse-lf-960x640.jpeg\" alt=\"L'entr\u00e9e des urgences p\u00e9diatriques a d\u00e9j\u00e0 fait l'objet d'un agrandissement et d'une r\u00e9novation en 2024.\" width=\"960\" height=\"640\"\/><br \/>\n    L\u2019entr\u00e9e des urgences p\u00e9diatriques a d\u00e9j\u00e0 fait l\u2019objet d\u2019un agrandissement et d\u2019une r\u00e9novation en 2024. (\u00a9L.F\/actu Toulouse)Choix des architectes\u00a0<\/p>\n<p class=\" wall-content\">Avec 23 500 m\u00b2 de nouvelles extensions, le GHRE ferait alors plus de 45 000 m\u00b2 contre 21 000 m\u00b2 actuellement. Le b\u00e2timent existant sera aussi r\u00e9habilit\u00e9. L\u2019ensemble doit permettre notamment de moderniser et d\u2019agrandir les urgences p\u00e9diatriques mais \u00e9galement d\u2019\u00e9tendre la r\u00e9animation n\u00e9onatale.<\/p>\n<p>Votre r\u00e9gion, votre actu !<\/p>\n<p>Recevez chaque jour les infos qui comptent pour vous.<\/p>\n<p>\t<a href=\"https:\/\/actu.fr\/newsletter\" class=\"ac-btn ac-btn--corner ac-btn--medium ac-btn--blue800\" target=\"_blank\" rel=\"noopener\">S&rsquo;incrire<\/a><\/p>\n<p class=\" wall-content\">Le projet d\u00e9finitif, avec choix des architectes et ma\u00eetres d\u2019\u0153uvre, devrait \u00eatre connu au <strong>premier semestre 2026<\/strong>.<\/p>\n<p class=\" wall-content\">\u00ab\u00a0On signera ensuite le march\u00e9 pour lancer les \u00e9tudes et le permis de construire, explique Abdelaali Gaidi, directeur du P\u00f4le patrimoine et ressources op\u00e9rationnelles du CHU de Toulouse. <strong>La partie travaux devrait ensuite commencer en 2027<\/strong>.\u00a0\u00bb<\/p>\n<p>416 lits \u00e0 terme<\/p>\n<p class=\" wall-content\">\u00c0 ce stade, <strong>le CHU de Toulouse<\/strong> estime qu\u2019il faudra environ deux ans et demi pour construire les extensions, avant de passer \u00e0 la r\u00e9habilitation de l\u2019existant. Le co\u00fbt de l\u2019ensemble du projet est estim\u00e9 \u00e0 180 millions d\u2019euros financ\u00e9s avec le soutien de l\u2019\u00c9tat et de l\u2019Union europ\u00e9enne. Les travaux doivent permettre de passer de 336 lits d\u2019hospitalisation actuellement \u00e0 416 \u00e0 la fin des travaux.<\/p>\n<p class=\" wall-content\">Personnalisez votre actualit\u00e9 en ajoutant vos villes et m\u00e9dias en favori avec <a href=\"https:\/\/moncompte.actu.fr\" title=\"D\u00e9couvez Mon Actu\" rel=\"nofollow noopener\" data-trk=\"{&quot;cta&quot;:{&quot;action&quot;:&quot;https:\\\/\\\/moncompte.actu.fr&quot;,&quot;category&quot;:&quot;mon compte&quot;,&quot;from&quot;:&quot;article footer&quot;,&quot;name&quot;:&quot;Mon actu&quot;,&quot;type&quot;:&quot;cta&quot;}}\" target=\"_blank\">Mon Actu<\/a>.<\/p>\n","protected":false},"excerpt":{"rendered":"Par Lucie Fraisse Publi\u00e9 le 7 d\u00e9c. 2025 \u00e0 8h08 Ce sera l\u2019un des plus grands h\u00f4pitaux europ\u00e9ens&hellip;\n","protected":false},"author":2,"featured_media":583827,"comment_status":"","ping_status":"","sticky":false,"template":"","format":"standard","meta":{"footnotes":""},"categories":[2816],"tags":[1111,11,2630,1777,674,1011,27,12,2680,25,104,2312],"class_list":{"0":"post-583826","1":"post","2":"type-post","3":"status-publish","4":"format-standard","5":"has-post-thumbnail","7":"category-toulouse","8":"tag-actu","9":"tag-actualites","10":"tag-chu-de-toulouse","11":"tag-eu","12":"tag-europe","13":"tag-fr","14":"tag-france","15":"tag-news","16":"tag-occitanie","17":"tag-republique-francaise","18":"tag-societe","19":"tag-toulouse"},"share_on_mastodon":{"url":"https:\/\/pubeurope.com\/@fr\/115677360703157477","error":""},"_links":{"self":[{"href":"https:\/\/www.europesays.com\/fr\/wp-json\/wp\/v2\/posts\/583826","targetHints":{"allow":["GET"]}}],"collection":[{"href":"https:\/\/www.europesays.com\/fr\/wp-json\/wp\/v2\/posts"}],"about":[{"href":"https:\/\/www.europesays.com\/fr\/wp-json\/wp\/v2\/types\/post"}],"author":[{"embeddable":true,"href":"https:\/\/www.europesays.com\/fr\/wp-json\/wp\/v2\/users\/2"}],"replies":[{"embeddable":true,"href":"https:\/\/www.europesays.com\/fr\/wp-json\/wp\/v2\/comments?post=583826"}],"version-history":[{"count":0,"href":"https:\/\/www.europesays.com\/fr\/wp-json\/wp\/v2\/posts\/583826\/revisions"}],"wp:featuredmedia":[{"embeddable":true,"href":"https:\/\/www.europesays.com\/fr\/wp-json\/wp\/v2\/media\/583827"}],"wp:attachment":[{"href":"https:\/\/www.europesays.com\/fr\/wp-json\/wp\/v2\/media?parent=583826"}],"wp:term":[{"taxonomy":"category","embeddable":true,"href":"https:\/\/www.europesays.com\/fr\/wp-json\/wp\/v2\/categories?post=583826"},{"taxonomy":"post_tag","embeddable":true,"href":"https:\/\/www.europesays.com\/fr\/wp-json\/wp\/v2\/tags?post=583826"}],"curies":[{"name":"wp","href":"https:\/\/api.w.org\/{rel}","templated":true}]}}