{"id":583830,"date":"2025-12-07T08:36:18","date_gmt":"2025-12-07T08:36:18","guid":{"rendered":"https:\/\/www.europesays.com\/fr\/583830\/"},"modified":"2025-12-07T08:36:18","modified_gmt":"2025-12-07T08:36:18","slug":"bruno-genesio-compare-thomas-meunier-a-achraf-hakimi","status":"publish","type":"post","link":"https:\/\/www.europesays.com\/fr\/583830\/","title":{"rendered":"Bruno Genesio compare Thomas Meunier \u00e0 Achraf Hakimi"},"content":{"rendered":"<p>Gr\u00e2ce \u00e0 un joli but d\u2019Ethan Mbapp\u00e9, le LOSC s\u2019est offert l\u2019Olympique de Marseille et revient \u00e0 deux points du leader lensois au classement. Un r\u00e9sultat de taille pour les Dogues, qui tiennent leur premier match r\u00e9f\u00e9rence de la saison gr\u00e2ce \u00e0 un effectif soud\u00e9, dans lequel <a href=\"https:\/\/www.footmercato.net\/joueur\/thomas-meunier\/\" target=\"_blank\" rel=\"noopener\">Thomas Meunier<\/a> (34 ans) s\u2019implique de plus en plus. \u00c0 tel point que Bruno Genesio a os\u00e9 la comparaison avec Achraf Hakimi, le lat\u00e9ral du Paris Saint-Germain. <\/p>\n<p>            La suite apr\u00e8s cette publicit\u00e9<\/p>\n<p>\u00abThomas Meunier ? C\u2019est un profil similaire \u00e0 Achraf Hakimi. On doit s\u2019inspirer des meilleurs, donc de ce qu\u2019ils font (du PSG), mais avec nos caract\u00e9ristiques. Il a de l\u2019exp\u00e9rience au tr\u00e8s haut niveau, je lui laisse beaucoup de libert\u00e9, car il a une certaine capacit\u00e9 \u00e0 d\u00e9zoner. Techniquement, il est tr\u00e8s \u00e0 l\u2019aise\u00bb, a-t-il l\u00e2ch\u00e9 sur BeIN Sports. De quoi faire plaisir \u00e0 l\u2019ex-joueur pass\u00e9 par le PSG. <\/p>\n<p>\n    Pub. le 05\/12\/2025 23:30<br \/>\n            &#8211; MAJ le 06\/12\/2025 17:48\n    <\/p>\n","protected":false},"excerpt":{"rendered":"Gr\u00e2ce \u00e0 un joli but d\u2019Ethan Mbapp\u00e9, le LOSC s\u2019est offert l\u2019Olympique de Marseille et revient \u00e0 deux&hellip;\n","protected":false},"author":2,"featured_media":583831,"comment_status":"","ping_status":"","sticky":false,"template":"","format":"standard","meta":{"footnotes":""},"categories":[2815],"tags":[1111,11,1777,674,1011,27,811,1307,12,25],"class_list":{"0":"post-583830","1":"post","2":"type-post","3":"status-publish","4":"format-standard","5":"has-post-thumbnail","7":"category-lille","8":"tag-actu","9":"tag-actualites","10":"tag-eu","11":"tag-europe","12":"tag-fr","13":"tag-france","14":"tag-hauts-de-france","15":"tag-lille","16":"tag-news","17":"tag-republique-francaise"},"share_on_mastodon":{"url":"https:\/\/pubeurope.com\/@fr\/115677376906426101","error":""},"_links":{"self":[{"href":"https:\/\/www.europesays.com\/fr\/wp-json\/wp\/v2\/posts\/583830","targetHints":{"allow":["GET"]}}],"collection":[{"href":"https:\/\/www.europesays.com\/fr\/wp-json\/wp\/v2\/posts"}],"about":[{"href":"https:\/\/www.europesays.com\/fr\/wp-json\/wp\/v2\/types\/post"}],"author":[{"embeddable":true,"href":"https:\/\/www.europesays.com\/fr\/wp-json\/wp\/v2\/users\/2"}],"replies":[{"embeddable":true,"href":"https:\/\/www.europesays.com\/fr\/wp-json\/wp\/v2\/comments?post=583830"}],"version-history":[{"count":0,"href":"https:\/\/www.europesays.com\/fr\/wp-json\/wp\/v2\/posts\/583830\/revisions"}],"wp:featuredmedia":[{"embeddable":true,"href":"https:\/\/www.europesays.com\/fr\/wp-json\/wp\/v2\/media\/583831"}],"wp:attachment":[{"href":"https:\/\/www.europesays.com\/fr\/wp-json\/wp\/v2\/media?parent=583830"}],"wp:term":[{"taxonomy":"category","embeddable":true,"href":"https:\/\/www.europesays.com\/fr\/wp-json\/wp\/v2\/categories?post=583830"},{"taxonomy":"post_tag","embeddable":true,"href":"https:\/\/www.europesays.com\/fr\/wp-json\/wp\/v2\/tags?post=583830"}],"curies":[{"name":"wp","href":"https:\/\/api.w.org\/{rel}","templated":true}]}}