{"id":583833,"date":"2025-12-07T08:38:13","date_gmt":"2025-12-07T08:38:13","guid":{"rendered":"https:\/\/www.europesays.com\/fr\/583833\/"},"modified":"2025-12-07T08:38:13","modified_gmt":"2025-12-07T08:38:13","slug":"de-jean-claude-dusse-a-bernard-tapie-la-foire-aux-santons-bat-son-plein-a-marseille","status":"publish","type":"post","link":"https:\/\/www.europesays.com\/fr\/583833\/","title":{"rendered":"De Jean-Claude Dusse \u00e0 Bernard Tapie, la foire aux santons bat son plein \u00e0 Marseille"},"content":{"rendered":"<p>\n    <strong>EN IMAGES<\/strong> &#8211; Jusqu\u2019au 4 janvier 2026, 21 santonniers sont pr\u00e9sents le long du Vieux-Port de Marseille pour pr\u00e9senter leurs cr\u00e9ations. Une tradition qui se perp\u00e9tue depuis plus de 220 ans et avait rassembl\u00e9 400.000 visiteurs l\u2019an dernier.<\/p>\n<p class=\"fig-paragraph\">\u00abLes santons, je suis n\u00e9 dedans. Mon grand-p\u00e8re en a fait \u00e0 partir de 1922, puis c\u2019\u00e9tait au tour de ma m\u00e8re, qui m\u2019a pass\u00e9 le relais en 2022\u00bb, rembobine Michel Bouvier, pr\u00e9sident de l\u2019union des Fabricants de santons de Provence, pour Le\u00a0Figaro. Depuis un peu plus de deux semaines, l\u2019artisan expose fi\u00e8rement ses cr\u00e9ations peintes \u00e0 la main \u00e0 l\u2019occasion de la 223e foire aux\u00a0<a href=\"http:\/\/www.lefigaro.fr\/voyages\/guides\/traditions-de-noel-de-marseille-en-arles-nos-activites-preferees-sur-le-theme-des-santons-20241208\" data-fig-type=\"Article\" data-gtm-custom-categorie=\"navigation\" data-gtm-custom-action=\"crossclick\" data-gtm-custom-label=\"Contextuel\" data-gtm-event=\"customEventSPE\" data-fig-domain=\"LEFIGARO\" target=\"_blank\" rel=\"noopener\">santons de Marseille<\/a>.<\/p>\n<p class=\"fig-paragraph\">Cr\u00e9\u00e9e en 1803, la foire est un \u00e9v\u00e8nement incontournable de la cit\u00e9 phoc\u00e9enne, r\u00e9put\u00e9e pour ses santons d\u2019argile r\u00e9alis\u00e9s et peints \u00e0 la main. 400.000 personnes s\u2019y \u00e9taient rendues l\u2019an dernier pour d\u00e9couvrir les plus belles cr\u00e9ations des santonniers proven\u00e7aux. \u00abJ\u2019en ai des dizaines chez moi, je reviens chaque ann\u00e9e avec \u00e9merveillement\u00bb, assure une Marseillaise venue observer les petites figurines color\u00e9es que l\u2019on retrouve dans la cr\u00e8che de No\u00ebl \u00e0 l\u2019approche des f\u00eates de fin d\u2019ann\u00e9e.<\/p>\n<p class=\"fig-slideshow__title\">\n                    Les cr\u00e9ations de la foire aux santons \u00e0 Marseille 2025\n                <\/p>\n<p>Acc\u00e9der au diaporama (4)<\/p>\n<p>                                            <a class=\"fig-a11y-skip\" href=\"#fig-a11y-skip-main-inarticle\" data-module=\"a11y-skip\" data-context=\"was @visible\"><br \/>\n    Passer la publicit\u00e9<br \/>\n<\/a>            <\/p>\n<p class=\"fig-paragraph\">\u00abLes parents et les grands-parents en ach\u00e8tent pour compl\u00e9ter leur cr\u00e8che, mais cela int\u00e9resse aussi les jeunes. On voit aussi beaucoup de collectionneurs\u00bb, t\u00e9moigne Cl\u00e9mentine, pr\u00e9sente sur le stand des\u00a0<a href=\"http:\/\/www.lefigaro.fr\/marseille\/la-collection-de-santons-de-marcel-carbonel-vendue-aux-encheres-a-marseille-20231128\" data-fig-type=\"NewsFlash\" data-gtm-custom-categorie=\"navigation\" data-gtm-custom-action=\"crossclick\" data-gtm-custom-label=\"Contextuel\" data-gtm-event=\"customEventSPE\" data-fig-domain=\"LEFIGARO\" target=\"_blank\" rel=\"noopener\">ateliers Marcel Carbonel<\/a>\u00a0implant\u00e9s dans le 7e arrondissement de Marseille. \u00abC\u2019est une activit\u00e9 tr\u00e8s saisonni\u00e8re. On en produit des milliers tout au long de l\u2019ann\u00e9e en vue de la foire. Il me faut une journ\u00e9e pour en peindre quatre\u00bb, t\u00e9moigne Michel Bouvier en montrant fi\u00e8rement son santon pistachier.<\/p>\n<p>                                            Ateliers pour les enfants chaque mercredi<\/p>\n<p class=\"fig-paragraph\">D\u2019autres cr\u00e9ations attirent \u00e9galement l\u2019\u0153il des visiteurs, comme ces figurines \u00e0 l\u2019effigie de Jean-Claude Dusse en combinaison orange &#8211;\u00a0incarn\u00e9 par Michel Blanc dans Les Bronz\u00e9s font du ski\u00a0-, du professeur Raoult ou encore de Bernard Tapie\u00a0! \u00abC\u2019est un march\u00e9 \u00e0 forte concurrence, il faut \u00eatre fort pour les vendre. On essaye donc de laisser libre cours \u00e0 la cr\u00e9ativit\u00e9 des santonniers. C\u2019est vivant et \u00e7a se renouvelle\u00bb, poursuit Michel Bouvier. \u00abChaque ann\u00e9e, les sculpteurs en fabriquent de nouveaux moules. Les peintres travaillent toute l\u2019ann\u00e9e\u00bb, confie Claude, qui expose pour les santons Truffier-Douzon et propose des figurines de Napol\u00e9on et de Charles de\u00a0Gaulle.<\/p>\n<p class=\"fig-paragraph\">\u00abIl faut rappeler que tout est fait en Provence. Il faut les mouler puis les faire cuire, avant de les peindre \u00e0 la main. Cela prend un certain temps\u00bb, poursuit le vendeur en d\u00e9signant une pancarte qui certifie la qualit\u00e9 de fabrication de ses santons. Ce savoir-faire unique se transmet souvent de parents en enfants, de fa\u00e7on que le secret de fabrication et la tradition se perp\u00e9tuent en famille.<\/p>\n<p>    21 santonniers exposent leurs cr\u00e9ations tout au long de la semaine et les week-ends.<br \/>\n                Nicolas Farmine \/ Le Figaro<\/p>\n<p class=\"fig-paragraph\">\u00abC\u2019est mon grand-p\u00e8re qui sculptait. J\u2019utilise ses moules encore aujourd\u2019hui. Il reste d\u2019ailleurs tr\u00e8s peu de sculpteurs\u00bb, assure Michel Bouvier, qui s\u2019organise pour donner go\u00fbt \u00e0 la jeunesse et transmettre le m\u00e9tier de ses a\u00efeux. Tous les mercredis, une santonni\u00e8re vient \u00e0 la foire pour apprendre aux enfants \u00e0 mouler leurs propres santons. Une mani\u00e8re de transmettre le flambeau et de partager la passion du santon au plus grand nombre. La foire aux santons 2025 est ouverte de 10 heures \u00e0 19 heures du dimanche au jeudi, et de 10 heures \u00e0 20 heures les vendredis et samedis\u00a0<a href=\"https:\/\/foire-aux-santons-de-marseille.fr\/\" target=\"_blank\" rel=\"sponsored noopener\" data-gtm-custom-categorie=\"navigation\" data-gtm-custom-action=\"crossclick\" data-gtm-custom-label=\"Contextuel\" data-gtm-event=\"customEventSPE\">jusqu\u2019au 4 janvier 2026<\/a>.<\/p>\n","protected":false},"excerpt":{"rendered":"EN IMAGES &#8211; Jusqu\u2019au 4 janvier 2026, 21 santonniers sont pr\u00e9sents le long du Vieux-Port de Marseille pour&hellip;\n","protected":false},"author":2,"featured_media":583834,"comment_status":"","ping_status":"","sticky":false,"template":"","format":"standard","meta":{"footnotes":""},"categories":[2814],"tags":[1111,11,1477,2695,1777,674,1011,27,884,12,882,25],"class_list":{"0":"post-583833","1":"post","2":"type-post","3":"status-publish","4":"format-standard","5":"has-post-thumbnail","7":"category-marseille","8":"tag-actu","9":"tag-actualites","10":"tag-artisanat","11":"tag-creche","12":"tag-eu","13":"tag-europe","14":"tag-fr","15":"tag-france","16":"tag-marseille","17":"tag-news","18":"tag-provence-alpes-cote-dazur","19":"tag-republique-francaise"},"share_on_mastodon":{"url":"https:\/\/pubeurope.com\/@fr\/115677384091328859","error":""},"_links":{"self":[{"href":"https:\/\/www.europesays.com\/fr\/wp-json\/wp\/v2\/posts\/583833","targetHints":{"allow":["GET"]}}],"collection":[{"href":"https:\/\/www.europesays.com\/fr\/wp-json\/wp\/v2\/posts"}],"about":[{"href":"https:\/\/www.europesays.com\/fr\/wp-json\/wp\/v2\/types\/post"}],"author":[{"embeddable":true,"href":"https:\/\/www.europesays.com\/fr\/wp-json\/wp\/v2\/users\/2"}],"replies":[{"embeddable":true,"href":"https:\/\/www.europesays.com\/fr\/wp-json\/wp\/v2\/comments?post=583833"}],"version-history":[{"count":0,"href":"https:\/\/www.europesays.com\/fr\/wp-json\/wp\/v2\/posts\/583833\/revisions"}],"wp:featuredmedia":[{"embeddable":true,"href":"https:\/\/www.europesays.com\/fr\/wp-json\/wp\/v2\/media\/583834"}],"wp:attachment":[{"href":"https:\/\/www.europesays.com\/fr\/wp-json\/wp\/v2\/media?parent=583833"}],"wp:term":[{"taxonomy":"category","embeddable":true,"href":"https:\/\/www.europesays.com\/fr\/wp-json\/wp\/v2\/categories?post=583833"},{"taxonomy":"post_tag","embeddable":true,"href":"https:\/\/www.europesays.com\/fr\/wp-json\/wp\/v2\/tags?post=583833"}],"curies":[{"name":"wp","href":"https:\/\/api.w.org\/{rel}","templated":true}]}}