{"id":583835,"date":"2025-12-07T08:39:16","date_gmt":"2025-12-07T08:39:16","guid":{"rendered":"https:\/\/www.europesays.com\/fr\/583835\/"},"modified":"2025-12-07T08:39:16","modified_gmt":"2025-12-07T08:39:16","slug":"un-vehicule-pris-dassaut-a-coup-de-barre-de-fer-en-plein-apres-midi","status":"publish","type":"post","link":"https:\/\/www.europesays.com\/fr\/583835\/","title":{"rendered":"un v\u00e9hicule pris d\u2019assaut \u00e0 coup de barre de fer en plein apr\u00e8s-midi"},"content":{"rendered":"<p>Une sc\u00e8ne hallucinante s&rsquo;est produite en milieu d\u2019apr\u00e8s-midi, samedi 6 d\u00e9cembre, dans le centre de Saint-Didier-au-Mont-d\u2019Or.\u00a0<\/p>\n<p>Alors que le secteur \u00e9tait particuli\u00e8rement fr\u00e9quent\u00e9, plusieurs individus ont fracass\u00e9 les vitres d\u2019un v\u00e9hicule \u00e0 l\u2019aide d\u2019une barre de fer, blessant son conducteur \u00e0 la main.<\/p>\n<p>Selon les \u00e9l\u00e9ments recueillis sur place, les protagonistes ne semblaient pas li\u00e9s entre eux, pr\u00e9cise le Progr\u00e8s. Apr\u00e8s l\u2019attaque, les individus ont rapidement regagn\u00e9 une camionnette avant de quitter les lieux en direction de Champagne-au-Mont-d\u2019Or.<\/p>\n<p>Pr\u00e9sente sur site au moment des faits, la maire de Saint-Didier-au-Mont-d\u2019Or,\u00a0Marie-H\u00e9l\u00e8ne Mathieu, s\u2019est entretenue avec les gendarmes de la brigade de Limonest et avec les t\u00e9moins imm\u00e9diats de la sc\u00e8ne. La victime, encore sous le choc, a d\u00e9pos\u00e9 plainte dans la foul\u00e9e.<\/p>\n<p>Une enqu\u00eate a \u00e9t\u00e9 ouverte afin d\u2019identifier les auteurs et de d\u00e9terminer les circonstances exactes de cette agression en pleine rue.<\/p>\n","protected":false},"excerpt":{"rendered":"Une sc\u00e8ne hallucinante s&rsquo;est produite en milieu d\u2019apr\u00e8s-midi, samedi 6 d\u00e9cembre, dans le centre de Saint-Didier-au-Mont-d\u2019Or.\u00a0 Alors que&hellip;\n","protected":false},"author":2,"featured_media":583836,"comment_status":"","ping_status":"","sticky":false,"template":"","format":"standard","meta":{"footnotes":""},"categories":[1889],"tags":[1111,11,2813,2190,2430,1109,251,1112,2811,1777,674,118,1011,27,1922,1110,1114,2428,2810,12,241,316,25,2812,517,800],"class_list":{"0":"post-583835","1":"post","2":"type-post","3":"status-publish","4":"format-standard","5":"has-post-thumbnail","7":"category-lyon","8":"tag-actu","9":"tag-actualites","10":"tag-article","11":"tag-asvel","12":"tag-auvergne-rhone-alpes","13":"tag-breves","14":"tag-culture","15":"tag-depeches","16":"tag-economique","17":"tag-eu","18":"tag-europe","19":"tag-faits-divers","20":"tag-fr","21":"tag-france","22":"tag-info","23":"tag-informations","24":"tag-infos","25":"tag-lyon","26":"tag-lyonmag","27":"tag-news","28":"tag-ol","29":"tag-politique","30":"tag-republique-francaise","31":"tag-sociale","32":"tag-sport","33":"tag-transports"},"share_on_mastodon":{"url":"https:\/\/pubeurope.com\/@fr\/115677388170017363","error":""},"_links":{"self":[{"href":"https:\/\/www.europesays.com\/fr\/wp-json\/wp\/v2\/posts\/583835","targetHints":{"allow":["GET"]}}],"collection":[{"href":"https:\/\/www.europesays.com\/fr\/wp-json\/wp\/v2\/posts"}],"about":[{"href":"https:\/\/www.europesays.com\/fr\/wp-json\/wp\/v2\/types\/post"}],"author":[{"embeddable":true,"href":"https:\/\/www.europesays.com\/fr\/wp-json\/wp\/v2\/users\/2"}],"replies":[{"embeddable":true,"href":"https:\/\/www.europesays.com\/fr\/wp-json\/wp\/v2\/comments?post=583835"}],"version-history":[{"count":0,"href":"https:\/\/www.europesays.com\/fr\/wp-json\/wp\/v2\/posts\/583835\/revisions"}],"wp:featuredmedia":[{"embeddable":true,"href":"https:\/\/www.europesays.com\/fr\/wp-json\/wp\/v2\/media\/583836"}],"wp:attachment":[{"href":"https:\/\/www.europesays.com\/fr\/wp-json\/wp\/v2\/media?parent=583835"}],"wp:term":[{"taxonomy":"category","embeddable":true,"href":"https:\/\/www.europesays.com\/fr\/wp-json\/wp\/v2\/categories?post=583835"},{"taxonomy":"post_tag","embeddable":true,"href":"https:\/\/www.europesays.com\/fr\/wp-json\/wp\/v2\/tags?post=583835"}],"curies":[{"name":"wp","href":"https:\/\/api.w.org\/{rel}","templated":true}]}}