{"id":583837,"date":"2025-12-07T08:40:25","date_gmt":"2025-12-07T08:40:25","guid":{"rendered":"https:\/\/www.europesays.com\/fr\/583837\/"},"modified":"2025-12-07T08:40:25","modified_gmt":"2025-12-07T08:40:25","slug":"a-lyon-une-fresque-sauvage-anti-rn-et-anti-police-projetee-a-la-fete-des-lumieres","status":"publish","type":"post","link":"https:\/\/www.europesays.com\/fr\/583837\/","title":{"rendered":"\u00c0 Lyon, une fresque sauvage anti-RN et anti-police projet\u00e9e \u00e0 la F\u00eate des Lumi\u00e8res"},"content":{"rendered":"<p>        <img decoding=\"async\" loading=\"lazy\" src=\"https:\/\/www.europesays.com\/fr\/wp-content\/uploads\/2025\/12\/c0b245a_upload-1-ia3cpoxf41l0-g7gelbkxoaay783.jfif.jpeg\"  width=\"728\" height=\"410\" alt=\"Un message lumineux \u00ab\u00a0on d\u00e9gage le RN\u00a0\u00bb apparait lors de la F\u00eate des Lumi\u00e8res, \u00e0 Lyon, dans la soir\u00e9e du samedi 6\u00a0d\u00e9cembre.\"\/>  <\/p>\n<p>@EliottD5\u00a0via X<\/p>\n<p>Un message lumineux \u00ab\u00a0on d\u00e9gage le RN\u00a0\u00bb apparait lors de la F\u00eate des Lumi\u00e8res, \u00e0 Lyon, dans la soir\u00e9e du samedi 6\u00a0d\u00e9cembre.<\/p>\n<p>      <strong>EN BREF<\/strong> <strong>\u2022 <\/strong>Des slogans militants ont \u00e9t\u00e9 projet\u00e9s lors de la F\u00eate des Lumi\u00e8res \u00e0 Lyon, ciblant le RN et la police.<br \/><strong>\u2022 <\/strong>Les autorit\u00e9s locales et le syndicat policier ont condamn\u00e9 ces messages, les jugeant inacceptables.<br \/><strong>\u2022 <\/strong>Ces projections interviennent avant les \u00e9lections municipales et rappellent notamment les violences polici\u00e8res de Sainte-Soline.                         <\/p>\n<p class=\"asset asset-text\">Des messages politiques, en lettres capitales. La F\u00eate des Lumi\u00e8res, qui se d\u00e9roule chaque ann\u00e9e d\u00e9but d\u00e9cembre dans la ville de<a href=\"https:\/\/www.huffingtonpost.fr\/france\/article\/face-au-froid-cette-eglise-de-lyon-est-devenue-un-refuge-vital-pour-des-dizaines-de-migrants_257456.html\" target=\"_blank\" rel=\"noopener\"> Lyon<\/a>, a \u00e9t\u00e9 perturb\u00e9e ce samedi 6\u00a0d\u00e9cembre au soir par plusieurs messages militants, visant le Rassemblement national et d\u00e9non\u00e7ant les <a href=\"https:\/\/www.huffingtonpost.fr\/france\/article\/agression-de-michel-zecler-le-rapport-accablant-de-la-defenseure-des-droits-quatre-ans-apres-les-faits_256910.html\" target=\"_blank\" rel=\"noopener\">violences polici\u00e8res.<\/a><\/p>\n<p class=\"asset asset-text\">Alors que le public \u00e9tait invit\u00e9 \u00e0 quitter la place \u00e0 l\u2019issue des illuminations, plusieurs slogans militants se sont affich\u00e9s sur les murs du Mus\u00e9e des Beaux-Arts, se superposant aux messages officiels. Parmi eux figuraient notamment \u00ab\u00a0On d\u00e9gage le RN\u00a0\u00bb, ainsi que divers slogans d\u00e9non\u00e7ant les forces de l\u2019ordre.<\/p>\n<p class=\"asset asset-text\">Des photos diffus\u00e9es sur les r\u00e9seaux sociaux montrent \u00e9galement d\u2019autres inscriptions, telles que \u00ab\u00a0la violence polici\u00e8re est partout\u00a0\u00bb, \u00ab\u00a0la police blesse et tue\u00a0\u00bb, \u00ab\u00a0<a href=\"https:\/\/www.huffingtonpost.fr\/france\/article\/sainte-soline-ces-images-chocs-revelent-les-derives-des-gendarmes-lors-des-affrontements-contre-les-manifestants_256819.html\" target=\"_blank\" rel=\"noopener\">Sainte-Soline<\/a>, ni oubli ni pardon\u00a0\u00bb ou encore \u00ab\u00a0non \u00e0 l\u2019\u00c9tat policier\u00a0\u00bb. \u00c0 ce stade, aucune organisation n\u2019a revendiqu\u00e9 cette action, et les auteurs de la projection sont recherch\u00e9s par les autorit\u00e9s.<\/p>\n<p class=\"asset asset-text\">La pr\u00e9fecture du Rh\u00f4ne a d\u00e9nonc\u00e9 un \u00ab\u00a0insupportable message de haine\u00a0\u00bb. De son c\u00f4t\u00e9, le <a href=\"https:\/\/www.huffingtonpost.fr\/politique\/article\/fache-contre-fachorama-le-ministere-de-l-interieur-porte-plainte-contre-l-editeur-du-jeu_257797.html\" target=\"_blank\" rel=\"noopener\">syndicat policier Alliance<\/a> a d\u00e9plor\u00e9 sur les r\u00e9seaux sociaux qu\u2019\u00ab\u00a0accuser la Police de \u00ab\u00a0tuer\u00a0\u00bb pendant que nous prot\u00e9geons des milliers de personnes, c\u2019est diffamer et attiser la haine contre ceux qui assurent votre s\u00e9curit\u00e9\u00a0\u00bb.<\/p>\n<p> La lecture de ce contenu est susceptible d\u2019entra\u00eener un d\u00e9p\u00f4t de cookies de la part de l\u2019op\u00e9rateur tiers qui l\u2019h\u00e9berge. Compte-tenu des choix que vous avez exprim\u00e9s en mati\u00e8re de d\u00e9p\u00f4t de cookies, nous avons bloqu\u00e9 l\u2019affichage de ce contenu. Si vous souhaitez y acc\u00e9der, vous devez accepter la cat\u00e9gorie de cookies \u201cContenus tiers\u201d en cliquant sur le bouton ci-dessous. <\/p>\n<p> Lire la Vid\u00e9o        <\/p>\n<p class=\"asset asset-text\">Ces messages interviennent alors que les \u00e9lections municipales doivent se tenir dans quelques semaines, le 15\u00a0mars prochain. Ce dimanche 7\u00a0d\u00e9cembre, un meeting organis\u00e9 \u00e0 Villeurbanne par le Rassemblement national doit justement d\u00e9voiler les t\u00eates de liste du parti d\u2019extr\u00eame droite pour chacune des circonscriptions de la m\u00e9tropole lyonnaise. Plusieurs syndicats et associations locales ont d\u2019ores et d\u00e9j\u00e0 appel\u00e9 \u00e0 un \u00ab\u00a0contre-rassemblement\u00a0\u00bb, destin\u00e9 \u00e0 \u00ab\u00a0toutes celles et tous ceux qui s\u2019opposent \u00e0 l\u2019id\u00e9ologie du RN\u00a0\u00bb.<\/p>\n<p class=\"asset asset-text\">Ces projections sauvages font \u00e9galement \u00e9cho aux r\u00e9centes r\u00e9v\u00e9lations publi\u00e9es d\u00e9but novembre par Mediapart et Lib\u00e9ration concernant les manifestations de Sainte-Soline. Les deux m\u00e9dias ont diffus\u00e9 des images capt\u00e9es par les cam\u00e9ras-pi\u00e9tons de gendarmes d\u00e9ploy\u00e9s sur place, montrant l\u2019ampleur des violences survenues lors de la dispersion des manifestants, notamment \u00e0 travers des tirs dangereux.<\/p>\n<p>                     Le maire de la ville d\u00e9nonce des \u00ab\u00a0propos violents\u00a0\u00bb    <\/p>\n<p class=\"asset asset-text\">Le\u00a0maire (EELV) de Lyon <a href=\"https:\/\/www.huffingtonpost.fr\/politique\/article\/municipales-2026-la-carte-de-tous-les-sondages-a-100-jours-du-premier-tour_257812.html\" target=\"_blank\" rel=\"noopener\">Gr\u00e9gory Doucet<\/a>\u00a0a pour sa part point\u00e9 des \u00ab\u00a0propos violents envers les forces de police qui participent \u00e0 la s\u00e9curit\u00e9 des Lyonnais et des visiteurs pour la F\u00eate des Lumi\u00e8res\u00a0\u00bb. Il a par ailleurs adress\u00e9 sa \u00ab\u00a0pleine solidarit\u00e9\u00a0\u00bb aux policiers municipaux et nationaux en d\u00e9clarant\u00a0: \u00ab\u00a0n\u2019oublions pas que ce sont ces m\u00eames agents qui veillent \u00e0 notre s\u00e9curit\u00e9 pendant ces quatre jours et tout le reste de l\u2019ann\u00e9e.\u00a0\u00bb<\/p>\n<p class=\"asset asset-text\">\u00ab\u00a0Plus de 500 policiers nationaux ainsi que des militaires de la gendarmerie\u00a0\u00bb \u00e9taient mobilis\u00e9s ce samedi soir pour s\u00e9curiser la F\u00eate des Lumi\u00e8re, a de son c\u00f4t\u00e9 rappel\u00e9 la pr\u00e9f\u00e8te du Rh\u00f4ne, Fabienne Buccio. Elle a assur\u00e9 \u00ab\u00a0son ind\u00e9fectible soutien\u00a0\u00bb aux forces de l\u2019ordre.<\/p>\n<p class=\"asset asset-text\">La F\u00eate des Lumi\u00e8res qui se d\u00e9roule chaque ann\u00e9e \u00e0 Lyon d\u00e9coule d\u2019une tradition catholique, visant \u00e0 remercier la Vierge Marie, protectrice de la cit\u00e9, chaque 8\u00a0d\u00e9cembre en d\u00e9posant un lumignon \u00e0 sa fen\u00eatre. Depuis une quarantaine d\u2019ann\u00e9es, elle donne lieu \u00e0 des cr\u00e9ations artistiques lumineuses, qui attirent pr\u00e8s de deux millions de spectateurs. L\u2019\u00e9v\u00e8nement avait d\u00e9but\u00e9 ce jeudi, et doit se poursuivre jusqu\u2019\u00e0 lundi soir.<\/p>\n","protected":false},"excerpt":{"rendered":"@EliottD5\u00a0via X Un message lumineux \u00ab\u00a0on d\u00e9gage le RN\u00a0\u00bb apparait lors de la F\u00eate des Lumi\u00e8res, \u00e0 Lyon,&hellip;\n","protected":false},"author":2,"featured_media":583838,"comment_status":"","ping_status":"","sticky":false,"template":"","format":"standard","meta":{"footnotes":""},"categories":[1889],"tags":[1111,11,2430,1777,674,1011,27,2428,10239,12,1072,1078,25],"class_list":{"0":"post-583837","1":"post","2":"type-post","3":"status-publish","4":"format-standard","5":"has-post-thumbnail","7":"category-lyon","8":"tag-actu","9":"tag-actualites","10":"tag-auvergne-rhone-alpes","11":"tag-eu","12":"tag-europe","13":"tag-fr","14":"tag-france","15":"tag-lyon","16":"tag-manifestants","17":"tag-news","18":"tag-police","19":"tag-rassemblement-national","20":"tag-republique-francaise"},"share_on_mastodon":{"url":"https:\/\/pubeurope.com\/@fr\/115677392993149696","error":""},"_links":{"self":[{"href":"https:\/\/www.europesays.com\/fr\/wp-json\/wp\/v2\/posts\/583837","targetHints":{"allow":["GET"]}}],"collection":[{"href":"https:\/\/www.europesays.com\/fr\/wp-json\/wp\/v2\/posts"}],"about":[{"href":"https:\/\/www.europesays.com\/fr\/wp-json\/wp\/v2\/types\/post"}],"author":[{"embeddable":true,"href":"https:\/\/www.europesays.com\/fr\/wp-json\/wp\/v2\/users\/2"}],"replies":[{"embeddable":true,"href":"https:\/\/www.europesays.com\/fr\/wp-json\/wp\/v2\/comments?post=583837"}],"version-history":[{"count":0,"href":"https:\/\/www.europesays.com\/fr\/wp-json\/wp\/v2\/posts\/583837\/revisions"}],"wp:featuredmedia":[{"embeddable":true,"href":"https:\/\/www.europesays.com\/fr\/wp-json\/wp\/v2\/media\/583838"}],"wp:attachment":[{"href":"https:\/\/www.europesays.com\/fr\/wp-json\/wp\/v2\/media?parent=583837"}],"wp:term":[{"taxonomy":"category","embeddable":true,"href":"https:\/\/www.europesays.com\/fr\/wp-json\/wp\/v2\/categories?post=583837"},{"taxonomy":"post_tag","embeddable":true,"href":"https:\/\/www.europesays.com\/fr\/wp-json\/wp\/v2\/tags?post=583837"}],"curies":[{"name":"wp","href":"https:\/\/api.w.org\/{rel}","templated":true}]}}