{"id":583839,"date":"2025-12-07T08:42:17","date_gmt":"2025-12-07T08:42:17","guid":{"rendered":"https:\/\/www.europesays.com\/fr\/583839\/"},"modified":"2025-12-07T08:42:17","modified_gmt":"2025-12-07T08:42:17","slug":"trajet-au-tarif-metro-bus-inclus-dans-navigo","status":"publish","type":"post","link":"https:\/\/www.europesays.com\/fr\/583839\/","title":{"rendered":"trajet au tarif m\u00e9tro-bus, inclus dans Navigo"},"content":{"rendered":"<p>ParisSelectBook &#8211; C\u00e2ble C1 \u00cele-de-France: trajet au tarif m\u00e9tro-bus, inclus dans Navigo &#8211; Cr\u00e9dit photo \u00a9 Paris Select Book<\/p>\n<p>Un nouveau souffle arrive dans le sud-est francilien. Le C\u00e2ble C1, <a href=\"https:\/\/www.parisselectbook.com\/2025\/12\/06\/premier-telepherique-dile-de-france-sinaugure-a-creteil-avec-animations-gratuites\/\" target=\"_blank\" rel=\"noopener\">premier t\u00e9l\u00e9ph\u00e9rique urbain d\u2019\u00cele-de-France<\/a>, se pr\u00e9pare. D\u2019ici fin 2025, il promet un trajet fiable et apais\u00e9.<\/p>\n<p>Mobilit\u00e9s du quotidien\u00a0: ce que change le C\u00e2ble C1<\/p>\n<p>Pens\u00e9 pour les habitants du Val-de-Marne, ce lien a\u00e9rien simplifie les \u00e9changes. Ainsi, il reliera <a href=\"https:\/\/www.parisselectbook.com\/2025\/12\/06\/premier-telepherique-dile-de-france-sinaugure-a-creteil-avec-animations-gratuites\/\" target=\"_blank\" rel=\"noopener\">Cr\u00e9teil<\/a> \u00e0 Villeneuve-Saint-Georges en survolant les axes satur\u00e9s. Le C\u00e2ble C1 vise des parcours plus r\u00e9guliers, m\u00eame aux heures de pointe. Par cons\u00e9quent, les d\u00e9placements deviennent plus lisibles pour familles et travailleurs.<\/p>\n<p>La ligne a\u00e9rienne desservira <strong>cinq stations<\/strong> sur un corridor d\u00e9j\u00e0 tr\u00e8s fr\u00e9quent\u00e9. Ainsi, la station Pointe-du-Lac connectera directement la <strong>ligne 8<\/strong> du m\u00e9tro. Puis, Limeil-Br\u00e9vannes, Valenton et Villeneuve-Saint-Georges profiteront d\u2019un <a href=\"https:\/\/www.parisselectbook.com\/2025\/12\/06\/champs-elysees-reveillon-du-nouvel-an-31-decembre-infos-pratiques-horaires-acces-et-transports\/\" target=\"_blank\" rel=\"noopener\">acc\u00e8s<\/a> plus direct. Ce choix de trac\u00e9 r\u00e9pond \u00e0 des besoins concrets du territoire.<\/p>\n<p>Le financement et la gouvernance sont assur\u00e9s par \u00cele-de-France Mobilit\u00e9s. Ainsi, le C\u00e2ble C1 s\u2019articule avec le r\u00e9seau existant pour \u00e9viter les doublons. De plus, la correspondance \u00e0 Pointe-du-Lac offrira une porte rapide vers <a href=\"https:\/\/www.parisselectbook.com\/2025\/12\/06\/la-reserve-paris-8e-devoile-son-chocolat-chaud-signature-pour-un-gouter-raffine-cet-hiver\/\" target=\"_blank\" rel=\"noopener\">Paris<\/a>. Cette approche privil\u00e9gie l\u2019efficacit\u00e9 de bout en bout, pas seulement l\u2019effet vitrine.<\/p>\n<blockquote>\n<p>\u00ab Au-del\u00e0 de la prouesse technique, le vrai gain, c\u2019est le temps rendu \u00e0 la vie quotidienne. \u00bb<\/p>\n<\/blockquote>\n<p>Tarifs et mise en service<\/p>\n<p><strong>C\u00e2ble C1<\/strong> \u2014 <strong>T\u00e9l\u00e9ph\u00e9rique urbain<\/strong> avec <strong>5 stations<\/strong> : Pointe-du-Lac, Limeil-Br\u00e9vannes \u2013 Plage Bleue, Valenton \u2013 Le Ch\u00e2teau, La V\u00e9g\u00e9tale \u2013 Fontaine Saint-Martin, Villa Nova \u2013 Villeneuve-Saint-Georges.<br \/>Mise en service le <strong>13 d\u00e9cembre 2025<\/strong> ; trajet simple \u00e0 <strong>2 \u20ac<\/strong> pour le c\u00e2ble, ou <strong>4,50 \u20ac<\/strong> avec acc\u00e8s m\u00e9tro.<\/p>\n<p>Les tarifs de lancement sont lisibles pour tous les publics. Ainsi, un trajet sur le C\u00e2ble C1 co\u00fbtera <strong>2 \u20ac<\/strong> avec un billet d\u00e9di\u00e9. En revanche, l\u2019option \u00e0 <strong>4,50 \u20ac<\/strong> int\u00e9grera l\u2019acc\u00e8s au m\u00e9tro et tram. Par cons\u00e9quent, chacun choisira la solution la plus adapt\u00e9e \u00e0 son trajet.<\/p>\n<ul>\n<li>Mise en service annonc\u00e9e le <strong>13 d\u00e9cembre 2025<\/strong>.<\/li>\n<li><strong>5 stations<\/strong> desservies entre Cr\u00e9teil et Villeneuve-Saint-Georges.<\/li>\n<li>Trajet simple \u00e0 <strong>2 \u20ac<\/strong>, option combin\u00e9e \u00e0 <strong>4,50 \u20ac<\/strong>.<\/li>\n<li>Correspondance avec la <strong>ligne 8<\/strong> \u00e0 Pointe-du-Lac.<\/li>\n<li>Projet pilot\u00e9 par \u00cele-de-France Mobilit\u00e9s.<\/li>\n<\/ul>\n<p>Parcours et stations du C\u00e2ble C1<\/p>\n<p>Le C\u00e2ble C1 suivra un trac\u00e9 lisible, pens\u00e9 pour \u00eatre utile. D\u2019abord, Pointe-du-Lac fera le lien avec la <strong>ligne 8<\/strong>, c\u00f4t\u00e9 Cr\u00e9teil. Ensuite, la cabine survolera Limeil-Br\u00e9vannes \u2013 Plage Bleue puis Valenton \u2013 Le Ch\u00e2teau. Enfin, La V\u00e9g\u00e9tale \u2013 Fontaine Saint-Martin et Villa Nova compl\u00e9teront la desserte.<\/p>\n<p>Ce parcours \u00e9vite les coupures urbaines et franchit les grands axes routiers. Ainsi, les temps deviennent plus pr\u00e9visibles quand la route se bloque. Le C\u00e2ble C1 vise une fr\u00e9quence stable \u00e0 la journ\u00e9e, selon le standard r\u00e9gional. De plus, l\u2019acc\u00e8s de plain-pied en station aide avec poussette ou bagage.<\/p>\n<p>C\u00f4t\u00e9 s\u00e9curit\u00e9, les cabines feront l\u2019objet d\u2019un suivi continu. Ainsi, la ligne restera pilot\u00e9e selon les r\u00e8gles d\u2019\u00cele-de-France Mobilit\u00e9s. Le C\u00e2ble C1 doit rassurer, notamment pour les trajets scolaires ou m\u00e9dicaux. Par cons\u00e9quent, la fiabilit\u00e9 compte autant que la vitesse brute.<\/p>\n<p>Impact social et environnemental<\/p>\n<p>Le C\u00e2ble C1 r\u00e9pond \u00e0 un enjeu d\u2019\u00e9galit\u00e9 d\u2019acc\u00e8s aux services. Ainsi, des quartiers moins desservis rejoindront plus vite les p\u00f4les d\u2019emploi. De plus, l\u2019absence d\u2019embouteillages limite le stress et les retards. En bref, cela peut changer la journ\u00e9e d\u2019un parent press\u00e9.<\/p>\n<p>Le C\u00e2ble C1 promet un bilan environnemental vertueux gr\u00e2ce \u00e0 l\u2019\u00e9lectricit\u00e9. Ainsi, moins de voitures en circulation, et donc moins d\u2019\u00e9missions locales. Aussi, les ouvrages limitent l\u2019emprise au sol face \u00e0 une voirie lourde. Ce signal va dans le sens des objectifs climat du territoire.<\/p>\n<p>Prendre le d\u00e9part : infos pratiques et perspectives<\/p>\n<p>D\u00e9sormais, la date \u00e0 cocher est le <strong>13 d\u00e9cembre 2025<\/strong>. Ainsi, l\u2019ouverture du C\u00e2ble C1 interviendra avant les f\u00eates. Les essais techniques jalonneront les mois pr\u00e9c\u00e9dents sous contr\u00f4le public. Par cons\u00e9quent, la mont\u00e9e en charge se fera par \u00e9tapes.<\/p>\n<p>C\u00f4t\u00e9 billets, le paiement sans contact restera mis en avant aux valideurs. Ainsi, Pass Navigo et tickets d\u00e9mat\u00e9rialis\u00e9s cohabiteront selon les r\u00e8gles. Le C\u00e2ble C1 s\u2019int\u00e8gre dans cet \u00e9cosyst\u00e8me pour \u00e9viter la rupture d\u2019usage. Aussi, l\u2019information voyageur sera synchronis\u00e9e avec le reste du r\u00e9seau.<\/p>\n<p>Pour pr\u00e9parer un premier trajet, imaginez un matin pluvieux et charg\u00e9. Ainsi, vous filez vers Pointe-du-Lac, puis montez \u00e0 bord sans attente lourde. Le C\u00e2ble C1 offre une alternative stable quand la route sature. En bref, ce nouveau r\u00e9flexe pourrait vite entrer dans vos habitudes.<\/p>\n","protected":false},"excerpt":{"rendered":"ParisSelectBook &#8211; C\u00e2ble C1 \u00cele-de-France: trajet au tarif m\u00e9tro-bus, inclus dans Navigo &#8211; Cr\u00e9dit photo \u00a9 Paris Select&hellip;\n","protected":false},"author":2,"featured_media":583840,"comment_status":"","ping_status":"","sticky":false,"template":"","format":"standard","meta":{"footnotes":""},"categories":[1592],"tags":[1111,11,69713,1777,674,1011,27,662,12,626,25],"class_list":{"0":"post-583839","1":"post","2":"type-post","3":"status-publish","4":"format-standard","5":"has-post-thumbnail","7":"category-ile-de-france","8":"tag-actu","9":"tag-actualites","10":"tag-cable-c1","11":"tag-eu","12":"tag-europe","13":"tag-fr","14":"tag-france","15":"tag-ile-de-france","16":"tag-news","17":"tag-paris","18":"tag-republique-francaise"},"share_on_mastodon":{"url":"https:\/\/pubeurope.com\/@fr\/115677399889367259","error":""},"_links":{"self":[{"href":"https:\/\/www.europesays.com\/fr\/wp-json\/wp\/v2\/posts\/583839","targetHints":{"allow":["GET"]}}],"collection":[{"href":"https:\/\/www.europesays.com\/fr\/wp-json\/wp\/v2\/posts"}],"about":[{"href":"https:\/\/www.europesays.com\/fr\/wp-json\/wp\/v2\/types\/post"}],"author":[{"embeddable":true,"href":"https:\/\/www.europesays.com\/fr\/wp-json\/wp\/v2\/users\/2"}],"replies":[{"embeddable":true,"href":"https:\/\/www.europesays.com\/fr\/wp-json\/wp\/v2\/comments?post=583839"}],"version-history":[{"count":0,"href":"https:\/\/www.europesays.com\/fr\/wp-json\/wp\/v2\/posts\/583839\/revisions"}],"wp:featuredmedia":[{"embeddable":true,"href":"https:\/\/www.europesays.com\/fr\/wp-json\/wp\/v2\/media\/583840"}],"wp:attachment":[{"href":"https:\/\/www.europesays.com\/fr\/wp-json\/wp\/v2\/media?parent=583839"}],"wp:term":[{"taxonomy":"category","embeddable":true,"href":"https:\/\/www.europesays.com\/fr\/wp-json\/wp\/v2\/categories?post=583839"},{"taxonomy":"post_tag","embeddable":true,"href":"https:\/\/www.europesays.com\/fr\/wp-json\/wp\/v2\/tags?post=583839"}],"curies":[{"name":"wp","href":"https:\/\/api.w.org\/{rel}","templated":true}]}}