{"id":583847,"date":"2025-12-07T08:47:16","date_gmt":"2025-12-07T08:47:16","guid":{"rendered":"https:\/\/www.europesays.com\/fr\/583847\/"},"modified":"2025-12-07T08:47:16","modified_gmt":"2025-12-07T08:47:16","slug":"a-paris-un-collectif-feministe-perturbe-un-spectacle-de-lhumoriste","status":"publish","type":"post","link":"https:\/\/www.europesays.com\/fr\/583847\/","title":{"rendered":"\u00e0 Paris, un collectif f\u00e9ministe perturbe un spectacle de l&rsquo;humoriste"},"content":{"rendered":"<p>                    Par<br \/>\n        <strong><br \/>\n            <a href=\"https:\/\/actu.fr\/auteur\/redaction-paris\" title=\"Consulter tous les articles de R\u00e9daction Paris\" target=\"_blank\" rel=\"noopener\">R\u00e9daction Paris<\/a><br \/>\n                    <\/strong><\/p>\n<p>        Publi\u00e9 le<\/p>\n<p>            7 d\u00e9c. 2025 \u00e0 9h18        <\/p>\n<p>Sa tourn\u00e9e suscite <a href=\"https:\/\/actu.fr\/auvergne-rhone-alpes\/lyon_69123\/lyon-ary-abittan-bientot-en-spectacle-des-feministes-scandalisees-un-choix-indecent_63370689.html\" target=\"_blank\" rel=\"noopener\">l\u2019indignation<\/a> des associations f\u00e9ministes. Pourtant, l\u2019humoriste <strong>Ary Abittan<\/strong> a maintenu son spectacle, s\u2019exposant ainsi \u00e0 des actions. La preuve ce samedi 6 d\u00e9cembre 2025, au <a href=\"https:\/\/actu.fr\/ile-de-france\/paris_75056\/nuit-du-bien-commun-perturbee-a-paris-trois-policiers-blesses-et-sept-interpellations-une-enquete-ouverte_63539322.html\" target=\"_blank\" rel=\"noopener\">th\u00e9\u00e2tre des Folies Berg\u00e8res<\/a>, dans le 9e arrondissement de <a href=\"https:\/\/actu.fr\/paris\/\" target=\"_blank\" rel=\"noopener\">Paris<\/a>. Plusieurs membres du <strong>collectif Nous Toutes<\/strong> ont perturb\u00e9 une repr\u00e9sentation de l\u2019artiste de 51\u00a0ans, selon une vid\u00e9o publi\u00e9e sur les r\u00e9seaux sociaux par Le M\u00e9dia.<\/p>\n<p>Accus\u00e9 de viol puis b\u00e9n\u00e9ficiaire d\u2019un non-lieu<\/p>\n<p class=\" wall-content\">Sur les images, une poign\u00e9e d\u2019activistes, porteurs d\u2019un masque d\u2019Ary Abittan avec la mention \u00ab\u2009violeur\u2009\u00bb pos\u00e9e sur le front, scandent \u00ab\u2009Ary Abittan violeur\u2009!\u2009\u00bb. Des hu\u00e9es se font entendre dans le public, puis la s\u00e9curit\u00e9 intervient pour les \u00e9conduire. Le collectif a d\u00e9nonc\u00e9 \u00ab<strong>\u2009des coups<\/strong>\u2009\u00bb ass\u00e9n\u00e9s \u00e0 \u00ab\u2009certaines\u2009\u00bb f\u00e9ministes, dont la \u00ab\u2009journaliste\u2009\u00bb sur place.<\/p>\n<p class=\" wall-content\"><a href=\"https:\/\/www.instagram.com\/p\/DR7zbIWiA7g\/embed\" title=\"Ouvrir le lien sur Instagram\" target=\"_blank\" rel=\"noopener\">Visualiser le contenu sur Instagram<\/a><\/p>\n<p class=\" wall-content\">Actuellement sur sc\u00e8ne, Ary Abittan fait l\u2019objet de <strong>critiques<\/strong> de la part des collectifs f\u00e9ministes. En cause, les accusations de viol sur une femme de 24\u00a0ans et pour lesquelles il a \u00e9t\u00e9 <a href=\"https:\/\/actu.fr\/ile-de-france\/paris_75056\/accuse-de-viol-l-acteur-ary-abittan-place-en-garde-a-vue-a-paris_46136801.html\" target=\"_blank\" rel=\"noopener\">mis en examen<\/a> et soumis \u00e0 un contr\u00f4le judiciaire. La justice avait finalement abouti \u00e0 un non-lieu en avril\u00a02024. Une d\u00e9cision confirm\u00e9e en appel en janvier\u00a02025.<\/p>\n<p class=\" wall-content\">Mais pour Nous Toutes, la r\u00e9habilitation de l\u2019acteur de Qu\u2019est-ce qu\u2019on a fait au Bon Dieu\u2009? et de Ducobu pr\u00e9sident\u2009! ne doit pas avoir lieu. \u00ab\u2009On refuse la r\u00e9int\u00e9gration et le traitement m\u00e9diatique qui assimile <strong>non-lieu et innocence<\/strong> [\u2026] ceux qui s\u00e9parent l\u2019homme de l\u2019artiste insultent les victimes\u2009\u00bb, ont ainsi fustig\u00e9 les activistes.<\/p>\n<p class=\" wall-content\">Personnalisez votre actualit\u00e9 en ajoutant vos villes et m\u00e9dias en favori avec <a href=\"https:\/\/moncompte.actu.fr\" title=\"D\u00e9couvez Mon Actu\" rel=\"nofollow noopener\" data-trk=\"{&quot;cta&quot;:{&quot;action&quot;:&quot;https:\\\/\\\/moncompte.actu.fr&quot;,&quot;category&quot;:&quot;mon compte&quot;,&quot;from&quot;:&quot;article footer&quot;,&quot;name&quot;:&quot;Mon actu&quot;,&quot;type&quot;:&quot;cta&quot;}}\" target=\"_blank\">Mon Actu<\/a>.<\/p>\n<p>                    <script async src=\"\/\/www.instagram.com\/embed.js\"><\/script><\/p>\n","protected":false},"excerpt":{"rendered":"Par R\u00e9daction Paris Publi\u00e9 le 7 d\u00e9c. 2025 \u00e0 9h18 Sa tourn\u00e9e suscite l\u2019indignation des associations f\u00e9ministes. Pourtant,&hellip;\n","protected":false},"author":2,"featured_media":583848,"comment_status":"","ping_status":"","sticky":false,"template":"","format":"standard","meta":{"footnotes":""},"categories":[1888],"tags":[11,19796,1777,674,6757,1011,27,12,626,25,104,799],"class_list":{"0":"post-583847","1":"post","2":"type-post","3":"status-publish","4":"format-standard","5":"has-post-thumbnail","7":"category-paris","8":"tag-actualites","9":"tag-ary-abittan","10":"tag-eu","11":"tag-europe","12":"tag-feminisme","13":"tag-fr","14":"tag-france","15":"tag-news","16":"tag-paris","17":"tag-republique-francaise","18":"tag-societe","19":"tag-violences-sexuelles"},"share_on_mastodon":{"url":"https:\/\/pubeurope.com\/@fr\/115677419579131985","error":""},"_links":{"self":[{"href":"https:\/\/www.europesays.com\/fr\/wp-json\/wp\/v2\/posts\/583847","targetHints":{"allow":["GET"]}}],"collection":[{"href":"https:\/\/www.europesays.com\/fr\/wp-json\/wp\/v2\/posts"}],"about":[{"href":"https:\/\/www.europesays.com\/fr\/wp-json\/wp\/v2\/types\/post"}],"author":[{"embeddable":true,"href":"https:\/\/www.europesays.com\/fr\/wp-json\/wp\/v2\/users\/2"}],"replies":[{"embeddable":true,"href":"https:\/\/www.europesays.com\/fr\/wp-json\/wp\/v2\/comments?post=583847"}],"version-history":[{"count":0,"href":"https:\/\/www.europesays.com\/fr\/wp-json\/wp\/v2\/posts\/583847\/revisions"}],"wp:featuredmedia":[{"embeddable":true,"href":"https:\/\/www.europesays.com\/fr\/wp-json\/wp\/v2\/media\/583848"}],"wp:attachment":[{"href":"https:\/\/www.europesays.com\/fr\/wp-json\/wp\/v2\/media?parent=583847"}],"wp:term":[{"taxonomy":"category","embeddable":true,"href":"https:\/\/www.europesays.com\/fr\/wp-json\/wp\/v2\/categories?post=583847"},{"taxonomy":"post_tag","embeddable":true,"href":"https:\/\/www.europesays.com\/fr\/wp-json\/wp\/v2\/tags?post=583847"}],"curies":[{"name":"wp","href":"https:\/\/api.w.org\/{rel}","templated":true}]}}