{"id":583849,"date":"2025-12-07T08:48:31","date_gmt":"2025-12-07T08:48:31","guid":{"rendered":"https:\/\/www.europesays.com\/fr\/583849\/"},"modified":"2025-12-07T08:48:31","modified_gmt":"2025-12-07T08:48:31","slug":"les-activites-de-lotan-dans-larctique-presentent-une-menace-securitaire-envers-la-russie","status":"publish","type":"post","link":"https:\/\/www.europesays.com\/fr\/583849\/","title":{"rendered":"Les activit\u00e9s de l&rsquo;OTAN dans l&rsquo;Arctique pr\u00e9sentent une menace s\u00e9curitaire envers la Russie"},"content":{"rendered":"<p>&#13;<br \/>\n                        Les activit\u00e9s de l&rsquo;OTAN dans l&rsquo;Arctique pr\u00e9sentent une menace s\u00e9curitaire envers la Russie&#13;\n                    <\/p>\n<p style=\"text-align:\">La Russie prend toutes les mesures n\u00e9cessaires pour assurer sa s\u00e9curit\u00e9 nationale sur fond de la pr\u00e9sence et des activit\u00e9s militaires croissantes des \u00c9tats membres de l&rsquo;OTAN dans la r\u00e9gion de l&rsquo;Arctique, a d\u00e9clar\u00e9 samedi 6 d\u00e9cembre un diplomate russe.<\/p>\n<p><a href=\"https:\/\/lecourrier.vn\/ladhesion-de-lukraine-a-lotan-ne-fait-pas-partie-dun-accord-de-paix-selon-mark-rutte\/1280650.html\" title=\"L&#039;adh\u00e9sion de l&#039;Ukraine \u00e0 l&#039;OTAN ne fait pas partie d&#039;un accord de paix, selon Mark Rutte\" target=\"_blank\" rel=\"noopener\">&gt;&gt; L&rsquo;adh\u00e9sion de l&rsquo;Ukraine \u00e0 l&rsquo;OTAN ne fait pas partie d&rsquo;un accord de paix, selon Mark Rutte<\/a><\/p>\n<p><a href=\"https:\/\/lecourrier.vn\/erdogan-rencontre-le-chef-de-lotan-et-reitere-son-soutien-a-un-cessez-le-feu-russie-ukraine\/1283012.html\" title=\"Erdogan rencontre le chef de l&#039;OTAN et r\u00e9it\u00e8re son soutien \u00e0 un cessez-le-feu Russie - Ukraine\" target=\"_blank\" rel=\"noopener\">&gt;&gt; Erdogan rencontre le chef de l&rsquo;OTAN et r\u00e9it\u00e8re son soutien \u00e0 un cessez-le-feu Russie &#8211; Ukraine<\/a><\/p>\n<p><a href=\"https:\/\/lecourrier.vn\/le-president-americain-donald-trump-suggere-dexpulser-lespagne-de-lotan\/1292682.html\" title=\"Le pr\u00e9sident am\u00e9ricain Donald Trump sugg\u00e8re d&#039;expulser l&#039;Espagne de l&#039;OTAN\" target=\"_blank\" rel=\"noopener\">&gt;&gt; Le pr\u00e9sident am\u00e9ricain Donald Trump sugg\u00e8re d&rsquo;expulser l&rsquo;Espagne de l&rsquo;OTAN<\/a><\/p>\n<tr>\n<td class=\"pic\"><img decoding=\"async\" class=\"lazyload\" src=\"https:\/\/www.europesays.com\/fr\/wp-content\/uploads\/2025\/12\/153209-202512074370f67dca424923b1942d9722c8a305_xxjifrf000003_20251207_cbmfn0a001.jpg\" alt=\"\"\/><\/td>\n<\/tr>\n<tr>\n<td class=\"caption\">Photo prise le 4 avril 2025 montrant le si\u00e8ge de l&rsquo;Organisation du trait\u00e9 de l&rsquo;Atlantique Nord (OTAN) \u00e0 Bruxelles, en Belgique.<\/td>\n<\/tr>\n<tr align=\"right\">\n<td class=\"author\">Photo : Xinhua\/VNA\/CVN<\/td>\n<\/tr>\n<p style=\"text-align:left\">Selon RIA Novosti, l&rsquo;ambassadeur de Russie en Norv\u00e8ge, Nikola\u00ef Korchounov, a d\u00e9clar\u00e9 que les r\u00e9centes pr\u00e9parations militaires de la Norv\u00e8ge, du Royaume-Uni et d&rsquo;autres pays de l&rsquo;OTAN sur le flanc nord de l&rsquo;alliance posaient des risques directs pour la s\u00e9curit\u00e9 de la Russie, d\u00e9stabilisaient la r\u00e9gion arctique et augmentaient la probabilit\u00e9 d&rsquo;incidents dangereux.<\/p>\n<p style=\"text-align:left\">\u00ab\u00a0Il est clair que l&rsquo;intensification de la militarisation des r\u00e9gions du nord de la Norv\u00e8ge et l&rsquo;internationalisation de l&rsquo;activit\u00e9 militaire dans l&rsquo;Arctique ne renforcent pas la s\u00e9curit\u00e9, mais alimentent plut\u00f4t les tensions et l&rsquo;escalade politico-militaires,\u00a0\u00bb a fait remarquer M. Korchounov.<\/p>\n<p style=\"text-align:left\">Il a soulign\u00e9 que ces tendances n\u00e9gatives suscitaient des pr\u00e9occupations justifi\u00e9es et obligeaient la Russie \u00e0 prendre toutes les mesures n\u00e9cessaires pour pr\u00e9server sa s\u00e9curit\u00e9.<\/p>\n<p style=\"text-align:left\">Le Royaume-Uni et la Norv\u00e8ge ont sign\u00e9 jeudi un nouvel accord de coop\u00e9ration en mati\u00e8re de d\u00e9fense. L&rsquo;accord pr\u00e9voit des patrouilles maritimes conjointes dans les eaux entre le Groenland, l&rsquo;Islande, le Royaume-Uni et la Norv\u00e8ge afin de surveiller les mouvements des sous-marins de la marine russe.<\/p>\n<p style=\"text-align:left\">Il pr\u00e9voit \u00e9galement d&rsquo;augmenter le nombre et la dur\u00e9e des d\u00e9ploiements de la Marine royale britannique sur le territoire norv\u00e9gien et envisage la cr\u00e9ation \u00e9ventuelle d&rsquo;infrastructures militaires de soutien dans les r\u00e9gions septentrionales du pays.<\/p>\n<p style=\"text-align:right\"><b>Xinhua\/VNA\/CVN<\/b><\/p>\n","protected":false},"excerpt":{"rendered":"&#13; Les activit\u00e9s de l&rsquo;OTAN dans l&rsquo;Arctique pr\u00e9sentent une menace s\u00e9curitaire envers la Russie&#13; La Russie prend toutes&hellip;\n","protected":false},"author":2,"featured_media":583850,"comment_status":"","ping_status":"","sticky":false,"template":"","format":"standard","meta":{"footnotes":""},"categories":[1591],"tags":[11,20931,1887,69714,12,136,1885,1886,132],"class_list":{"0":"post-583849","1":"post","2":"type-post","3":"status-publish","4":"format-standard","5":"has-post-thumbnail","7":"category-russie","8":"tag-actualites","9":"tag-arctique","10":"tag-federation-de-russie","11":"tag-menace-securitaire","12":"tag-news","13":"tag-otan","14":"tag-russia","15":"tag-russian-federation","16":"tag-russie"},"share_on_mastodon":{"url":"https:\/\/pubeurope.com\/@fr\/115677424643721690","error":""},"_links":{"self":[{"href":"https:\/\/www.europesays.com\/fr\/wp-json\/wp\/v2\/posts\/583849","targetHints":{"allow":["GET"]}}],"collection":[{"href":"https:\/\/www.europesays.com\/fr\/wp-json\/wp\/v2\/posts"}],"about":[{"href":"https:\/\/www.europesays.com\/fr\/wp-json\/wp\/v2\/types\/post"}],"author":[{"embeddable":true,"href":"https:\/\/www.europesays.com\/fr\/wp-json\/wp\/v2\/users\/2"}],"replies":[{"embeddable":true,"href":"https:\/\/www.europesays.com\/fr\/wp-json\/wp\/v2\/comments?post=583849"}],"version-history":[{"count":0,"href":"https:\/\/www.europesays.com\/fr\/wp-json\/wp\/v2\/posts\/583849\/revisions"}],"wp:featuredmedia":[{"embeddable":true,"href":"https:\/\/www.europesays.com\/fr\/wp-json\/wp\/v2\/media\/583850"}],"wp:attachment":[{"href":"https:\/\/www.europesays.com\/fr\/wp-json\/wp\/v2\/media?parent=583849"}],"wp:term":[{"taxonomy":"category","embeddable":true,"href":"https:\/\/www.europesays.com\/fr\/wp-json\/wp\/v2\/categories?post=583849"},{"taxonomy":"post_tag","embeddable":true,"href":"https:\/\/www.europesays.com\/fr\/wp-json\/wp\/v2\/tags?post=583849"}],"curies":[{"name":"wp","href":"https:\/\/api.w.org\/{rel}","templated":true}]}}