{"id":583851,"date":"2025-12-07T08:49:23","date_gmt":"2025-12-07T08:49:23","guid":{"rendered":"https:\/\/www.europesays.com\/fr\/583851\/"},"modified":"2025-12-07T08:49:23","modified_gmt":"2025-12-07T08:49:23","slug":"direct-guerre-en-ukraine-la-russie-a-de-nouveau-cible-des-infrastructures-energetiques-sur-le-sol-ukrainien-cette-nuit","status":"publish","type":"post","link":"https:\/\/www.europesays.com\/fr\/583851\/","title":{"rendered":"DIRECT. Guerre en Ukraine\u00a0: la Russie a de nouveau cibl\u00e9 des infrastructures \u00e9nerg\u00e9tiques sur le sol ukrainien cette nuit"},"content":{"rendered":"<p>08h52.La Russie cible des infrastructures \u00e9nerg\u00e9tiques en Ukraine<\/p>\n<p class=\"live-post__amorce\">Les frappes russes men\u00e9es dans la nuit de samedi \u00e0 ce dimanche ont cibl\u00e9 des infrastructures \u00e9nerg\u00e9tiques \u00e0 Krementchouk dans l&rsquo;oblast de Poltova, selon le responsable militaire de cet oblast. \u00ab\u00a0Plusieurs entreprises du secteur \u00e9nerg\u00e9tique ont \u00e9t\u00e9 touch\u00e9es\u00a0\u00bb, indique-t-il, en pr\u00e9cisant que des incendies se sont d\u00e9clar\u00e9s. Des quartiers n&rsquo;ont plus de chauffage, ni d&rsquo;eau.<\/p>\n<p>08h40.241 drones et missiles russes sur l&rsquo;Ukraine cette nuit<\/p>\n<p class=\"live-post__amorce\">L&rsquo;arm\u00e9e de l&rsquo;air ukrainienne indique sur  <a href=\"https:\/\/t.me\/kpszsu\/49234\" target=\"_blank\" rel=\"noopener noreferrer nofollow\" class=\"\">Telegram<\/a>  que la Russie a lanc\u00e9 241 drones et missiles sur le territoire ukrainien cette nuit. Parmi ces armes, cinq missiles balistiques qui ont cibl\u00e9 \u00ab\u00a0des infrastructures critiques\u00a0\u00bb. Les Ukrainiens affirment avoir neutralis\u00e9 ou abattu 175 drones et 4 missiles. <\/p>\n<p>07h27.La Russie annone avoir intercept\u00e9 83 drones ukrainiens<\/p>\n<p class=\"live-post__amorce\">Le minist\u00e8re russe de la D\u00e9fense annonce sur  <a href=\"https:\/\/t.me\/mod_russia\/59173\" target=\"_blank\" rel=\"noopener noreferrer nofollow\" class=\"\">Telegram<\/a>  que 83 drones ukrainiens ont \u00e9t\u00e9 intercept\u00e9s au-dessus de la Russie au cours de la nuit. 44 de ces drones ont \u00e9t\u00e9 abattus au-dessus de l&rsquo;oblast de Saratov, toujours selon le minist\u00e8re de la D\u00e9fense. Rien n&rsquo;est indiqu\u00e9 sur d&rsquo;\u00e9ventuels d\u00e9g\u00e2ts.<\/p>\n<p>07h05.Volodymyr Zelensky a t\u00e9l\u00e9phon\u00e9 \u00e0 ses n\u00e9gociateurs et aux \u00e9missaires am\u00e9ricains\u00a0<\/p>\n<p class=\"live-post__amorce\">Une troisi\u00e8me journ\u00e9e de discussions entre les n\u00e9gociateurs de l&rsquo;Ukraine et les \u00e9missaires am\u00e9ricains s&rsquo;est tenue en Floride samedi. Volodymyr Zelensky a t\u00e9l\u00e9phon\u00e9 aux deux parties samedi apr\u00e8s-midi. Il affirme avoir eu une conversation \u00ab\u00a0substantielle et constructive\u00a0\u00bb. Au cours de la discussion, Volodymyr Zelensky affirme que \u00ab\u00a0les questions-cl\u00e9s qui pourraient garantir la fin de l\u2019effusion de sang\u00a0\u00bb et \u00ab\u00a0le risque que la Russie ne tienne pas ses promesses\u00a0\u00bb ont \u00e9t\u00e9 abord\u00e9s.<\/p>\n<p>07h01.Nouvelle rencontre Volodymyr Zelensky &#8211; Emmanuel Macron lundi \u00e0 Londres<\/p>\n<p class=\"live-post__amorce\">Une nouvelle rencontre aura lieu lundi entre Volodymyr Zelensky, Emmanuel Macron, le chancelier allemand Friedrich Merz et le Premier ministre anglais Keir Starmer. Emmanuel Macron a indiqu\u00e9 sur X que le but de la rencontre est de \u00ab\u00a0faire le point ensemble sur la situation et les n\u00e9gociations en cours dans le cadre de la m\u00e9diation am\u00e9ricaine\u00a0\u00bb. Emmanuel Macron a refait part de son \u00ab\u00a0soutien ind\u00e9fectible\u00a0\u00bb \u00e0 l&rsquo;Ukraine et \u00ab\u00a0condamne avec la plus grande fermet\u00e9 les frappes massives\u00a0\u00bb des Russes sur l&rsquo;Ukraine la nuit derni\u00e8re.<\/p>\n<blockquote data-class=\"twitter-tweet\">\n<p lang=\"fr\" dir=\"ltr\">Je viens d\u2019\u00e9changer avec le Pr\u00e9sident <a href=\"https:\/\/twitter.com\/ZelenskyyUa?ref_src=twsrc%5Etfw\" target=\"_blank\" rel=\"noopener\">@ZelenskyyUa<\/a>.<\/p>\n<p>J\u2019ai r\u00e9it\u00e9r\u00e9 notre condamnation et notre solidarit\u00e9 apr\u00e8s les nouvelles frappes russes.<\/p>\n<p>J\u2019ai partag\u00e9 ce que mes derniers entretiens internationaux, notamment en Chine, ont permis de clarifier et d\u2019engager.\u2026<\/p>\n<p>\u2014 Emmanuel Macron (@EmmanuelMacron) <a href=\"https:\/\/twitter.com\/EmmanuelMacron\/status\/1997384641699860671?ref_src=twsrc%5Etfw\" target=\"_blank\" rel=\"noopener\">December 6, 2025<\/a><\/p><\/blockquote>\n<p>07h00.Bienvenue dans notre direct<\/p>\n<p class=\"live-post__amorce\">Suivez en direct l&rsquo;actualit\u00e9 de la guerre en Ukraine, ce dimanche 7 d\u00e9cembre 2025, sur ladepeche.fr.<\/p>\n<p><script async src=\"https:\/\/platform.twitter.com\/widgets.js\" charset=\"utf-8\"><\/script><\/p>\n","protected":false},"excerpt":{"rendered":"08h52.La Russie cible des infrastructures \u00e9nerg\u00e9tiques en Ukraine Les frappes russes men\u00e9es dans la nuit de samedi \u00e0&hellip;\n","protected":false},"author":2,"featured_media":583852,"comment_status":"","ping_status":"","sticky":false,"template":"","format":"standard","meta":{"footnotes":""},"categories":[1590],"tags":[11,1777,674,329,131,14,12,220],"class_list":{"0":"post-583851","1":"post","2":"type-post","3":"status-publish","4":"format-standard","5":"has-post-thumbnail","7":"category-ukraine","8":"tag-actualites","9":"tag-eu","10":"tag-europe","11":"tag-france-monde","12":"tag-guerre-en-ukraine","13":"tag-international","14":"tag-news","15":"tag-ukraine"},"share_on_mastodon":{"url":"https:\/\/pubeurope.com\/@fr\/115677427396986974","error":""},"_links":{"self":[{"href":"https:\/\/www.europesays.com\/fr\/wp-json\/wp\/v2\/posts\/583851","targetHints":{"allow":["GET"]}}],"collection":[{"href":"https:\/\/www.europesays.com\/fr\/wp-json\/wp\/v2\/posts"}],"about":[{"href":"https:\/\/www.europesays.com\/fr\/wp-json\/wp\/v2\/types\/post"}],"author":[{"embeddable":true,"href":"https:\/\/www.europesays.com\/fr\/wp-json\/wp\/v2\/users\/2"}],"replies":[{"embeddable":true,"href":"https:\/\/www.europesays.com\/fr\/wp-json\/wp\/v2\/comments?post=583851"}],"version-history":[{"count":0,"href":"https:\/\/www.europesays.com\/fr\/wp-json\/wp\/v2\/posts\/583851\/revisions"}],"wp:featuredmedia":[{"embeddable":true,"href":"https:\/\/www.europesays.com\/fr\/wp-json\/wp\/v2\/media\/583852"}],"wp:attachment":[{"href":"https:\/\/www.europesays.com\/fr\/wp-json\/wp\/v2\/media?parent=583851"}],"wp:term":[{"taxonomy":"category","embeddable":true,"href":"https:\/\/www.europesays.com\/fr\/wp-json\/wp\/v2\/categories?post=583851"},{"taxonomy":"post_tag","embeddable":true,"href":"https:\/\/www.europesays.com\/fr\/wp-json\/wp\/v2\/tags?post=583851"}],"curies":[{"name":"wp","href":"https:\/\/api.w.org\/{rel}","templated":true}]}}