{"id":583853,"date":"2025-12-07T08:50:17","date_gmt":"2025-12-07T08:50:17","guid":{"rendered":"https:\/\/www.europesays.com\/fr\/583853\/"},"modified":"2025-12-07T08:50:17","modified_gmt":"2025-12-07T08:50:17","slug":"la-strategie-nationale-de-securite-de-donald-trump-pousse-les-etats-unis-a-se-retirer-du-leadership-du-monde-libre","status":"publish","type":"post","link":"https:\/\/www.europesays.com\/fr\/583853\/","title":{"rendered":"La strat\u00e9gie nationale de s\u00e9curit\u00e9 de Donald Trump \u00ab\u00a0pousse les \u00c9tats-Unis \u00e0 se retirer du leadership du monde libre\u00a0\u00bb"},"content":{"rendered":"<p class=\"ap-StoryElement ap-StoryElement--mb ap-StoryText\">R\u00e9affirmation de l&rsquo;Alliance<\/p>\n<p class=\"ap-StoryElement ap-StoryElement--mb ap-StoryText\">La cheffe de la diplomatie europ\u00e9enne, <a href=\"https:\/\/www.lalibre.be\/international\/amerique\/2025\/12\/06\/les-etats-unis-restent-le-plus-grand-allie-de-lunion-europeenne-dit-kaja-kallas-KZOUBL4TOBBGZC6WCQBPG7HCTA\/\" target=\"_self\" rel=\"noopener\">Kaja Kallas<\/a>, a adopt\u00e9 une position mod\u00e9r\u00e9e et diplomatique malgr\u00e9 la rupture historique dans la strat\u00e9gie de d\u00e9fense am\u00e9ricaine que repr\u00e9sente le document. Elle a affirm\u00e9 que les \u00c9tats-Unis restent \u00ab\u00a0le plus grand alli\u00e9\u00a0\u00bb de l&rsquo;Union europ\u00e9enne.<\/p>\n<p class=\"ap-StoryElement ap-StoryElement--mb ap-StoryText\">Tout en reconnaissant qu&rsquo;il existe \u00ab\u00a0beaucoup de critiques\u00a0\u00bb \u00e0 l&rsquo;\u00e9gard de ce document, elle a conc\u00e9d\u00e9 que certaines d&rsquo;entre elles sont \u00ab\u00a0\u00e9galement fond\u00e9es\u00a0\u00bb. La haute repr\u00e9sentante de l&rsquo;Union europ\u00e9enne pour les Affaires \u00e9trang\u00e8res et la Politique de s\u00e9curit\u00e9 a soulign\u00e9 que, m\u00eame si les \u00c9tats-Unis et l&rsquo;Union europ\u00e9enne n&rsquo;ont pas toujours \u00e9t\u00e9 d&rsquo;accord sur diff\u00e9rents sujets, le principe g\u00e9n\u00e9ral de l&rsquo;alliance demeure et qu&rsquo;ils doivent rester unis.<\/p>\n<p class=\"ap-StoryElement ap-StoryElement--mb ap-StoryText\">De m\u00eame, le ministre allemand des Affaires \u00e9trang\u00e8res, Johann Wadephul, a soulign\u00e9 que les \u00c9tats-Unis \u00e9taient et resteraient leur \u00ab\u00a0alli\u00e9 le plus important\u00a0\u00bb au sein de l&rsquo;Organisation de l&rsquo;Atlantique nors (Otan), tout en pr\u00e9cisant que son pays n&rsquo;avait pas besoin de \u00ab\u00a0conseils ext\u00e9rieurs\u00a0\u00bb.<\/p>\n<p><a href=\"https:\/\/www.lalibre.be\/international\/amerique\/2025\/12\/06\/trump-et-les-republicains-retournent-la-situation-a-leur-avantage-au-texas-ZDA6OYIL2ZB5XIQLR34342XD64\/\" target=\"_self\" class=\"ap-StoryInterstitialLink ap-StoryElement ap-StoryElement--mb\" rel=\"noopener\">Trump et les R\u00e9publicains retournent la situation \u00e0 leur avantage au Texas<\/a>Condamnation de la Rh\u00e9torique<\/p>\n<p class=\"ap-StoryElement ap-StoryElement--mb ap-StoryText\">La strat\u00e9gie, formul\u00e9e selon l&rsquo;approche de \u00ab\u00a0l&rsquo;Am\u00e9rique d&rsquo;abord\u00a0\u00bb, est per\u00e7ue par de nombreux officiels europ\u00e9ens comme une escalade des critiques contre les alli\u00e9s europ\u00e9ens.<\/p>\n<p class=\"ap-StoryElement ap-StoryElement--mb ap-StoryText\">En deux pages et demie, le document \u00e9trille les Europ\u00e9ens en soutenant des affirmations selon lesquelles le continent est confront\u00e9 \u00e0 un \u00ab\u00a0effacement civilisationnel\u00a0\u00bb d\u00fb \u00e0 l&rsquo;immigration et met \u00e9galement en cause \u00ab\u00a0son obsession infructueuse pour l&rsquo;asphyxie r\u00e9glementaire\u00a0\u00bb. Le texte reprend aussi la th\u00e9orie conspirationniste du \u00ab\u00a0grand remplacement\u00a0\u00bb.<\/p>\n<p class=\"ap-StoryElement ap-StoryElement--mb ap-StoryText\">Le document appelle les \u00c9tats-Unis \u00e0 jouer un r\u00f4le plus actif dans les affaires politiques du continent, notamment en \u00ab\u00a0cultivant la r\u00e9sistance \u00e0 la trajectoire actuelle de l&rsquo;Europe\u00a0\u00bb au sein des nations europ\u00e9ennes. Il fait \u00e9galement r\u00e9f\u00e9rence, de mani\u00e8re positive, \u00e0 \u00ab\u00a0l&rsquo;influence croissante des partis europ\u00e9ens patriotiques\u00a0\u00bb.<\/p>\n<p class=\"ap-StoryElement ap-StoryElement--mb ap-StoryText\">Ces passages ont provoqu\u00e9 des condamnations plus vives de la part d&rsquo;anciens responsables \u2013 qui ne sont pas tenus \u00e0 a la r\u00e9serve diplomatique. L&rsquo;ancien premier ministre su\u00e9dois Carl Bildt a post\u00e9 que le langage utilis\u00e9 ressemble \u00e0 celui que l&rsquo;on trouve habituellement \u00ab\u00a0dans l&rsquo;esprit bizarre du Kremlin\u00a0\u00bb et a jug\u00e9 que le document positionnait les \u00c9tats-Unis \u00ab\u00a0\u00e0 la droite de l&rsquo;extr\u00eame droite en Europe\u00a0\u00bb.<\/p>\n<p class=\"ap-StoryElement ap-StoryElement--mb ap-StoryText\">De m\u00eame, G\u00e9rard Araud, ancien ambassadeur de France aux \u00c9tats-Unis, a observ\u00e9 que la section consacr\u00e9e \u00e0 l&rsquo;Europe \u00ab\u00a0se lit comme un pamphlet d&rsquo;extr\u00eame droite\u00a0\u00bb et qu&rsquo;elle confirmait largement la perception que Donald Trump est un \u00ab\u00a0ennemi de l&rsquo;Europe\u00a0\u00bb.<\/p>\n<p><a href=\"https:\/\/www.lalibre.be\/international\/2025\/12\/06\/business-first-comment-lentourage-de-donald-trump-redessine-la-diplomatie-au-gre-de-ses-interets-OIR4HAYSRBA2JGLI5NUZMRB7AQ\/\" target=\"_self\" class=\"ap-StoryInterstitialLink ap-StoryElement ap-StoryElement--mb\" rel=\"noopener\">\u00ab\u00a0Business First\u00a0\u00bb : comment l&rsquo;entourage de Donald Trump redessine la diplomatie au gr\u00e9 de ses int\u00e9r\u00eats<\/a>Remise en cause de l&rsquo;Otan<\/p>\n<p class=\"ap-StoryElement ap-StoryElement--mb ap-StoryText\">Le document national s\u00e9curitaire a \u00e9galement des implications directes sur la politique \u00e9trang\u00e8re, notamment en ce qui concerne l&rsquo;Ukraine. Il promet qu&rsquo;il n&rsquo;y aura pas d&rsquo;\u00e9largissement de l&rsquo;Otan, ce qui est per\u00e7u comme \u00ab\u00a0an\u00e9antissant une fois de plus les espoirs de l&rsquo;Ukraine\u00a0\u00bb face \u00e0 l&rsquo;invasion russe, et la fin de l&rsquo;Otan comme une alliance en expansion perp\u00e9tuelle.<\/p>\n<p class=\"ap-StoryElement ap-StoryElement--mb ap-StoryText\">Kaja Kallas a mis en garde contre les cons\u00e9quences d&rsquo;une paix obtenue en c\u00e9dant \u00e0 la force. Elle a affirm\u00e9 qu'\u00a0\u00bbimposer des restrictions et des contraintes \u00e0 l&rsquo;Ukraine ne nous apportera pas une paix durable\u00a0\u00bb, ajoutant un avertissement g\u00e9n\u00e9ral\u00a0: \u00ab\u00a0Si l&rsquo;agression est r\u00e9compens\u00e9e, elle se reproduira, non seulement en Ukraine ou \u00e0 Gaza, mais partout dans le monde\u00a0\u00bb. Elle a \u00e9galement incit\u00e9 l&rsquo;Europe \u00e0 avoir \u00ab\u00a0d&rsquo;avantage confiance en nous\u00a0\u00bb vis-\u00e0-vis de la Russie, estimant que l&rsquo;Europe a sous-estim\u00e9 son propre pouvoir.<\/p>\n<p><a href=\"https:\/\/www.lalibre.be\/international\/europe\/2025\/12\/05\/le-continent-sera-meconnaissable-dici-20-ans-ou-moins-un-nouveau-document-de-la-maison-blanche-fustige-le-declin-de-leurope-F76GVG2R4NACHLUFDB4HFNAM2Q\/\" target=\"_self\" class=\"ap-StoryInterstitialLink ap-StoryElement ap-StoryElement--mb\" rel=\"noopener\">\u00ab\u00a0Le continent sera m\u00e9connaissable d&rsquo;ici 20 ans ou moins\u00a0\u00bb : un nouveau document de la Maison Blanche fustige le d\u00e9clin de l&rsquo;Europe<\/a>Incoh\u00e9rence interne<\/p>\n<p class=\"ap-StoryElement ap-StoryElement--mb ap-StoryText\">Aux \u00c9tats-Unis, des \u00e9lus d\u00e9mocrates ont exprim\u00e9 leur inqui\u00e9tude concernant la strat\u00e9gie de l&rsquo;Administration Trump. Le s\u00e9nateur du Connecticut, Richard Blumenthal, a notamment r\u00e9agi en affirmant que la strat\u00e9gie nationale de s\u00e9curit\u00e9 \u00ab\u00a0laissait pr\u00e9sager des revers\u00a0\u00bb. Selon lui, le document impliquait de \u00ab\u00a0renoncer aux alli\u00e9s, de laisser tomber l&rsquo;Ukraine\u00a0\u00bb, et d&rsquo;abandonner des objectifs strat\u00e9giques cl\u00e9s ainsi que des valeurs fondamentales.<\/p>\n<p class=\"ap-StoryElement ap-StoryElement--mb ap-StoryText\">Daniel Fried, chercheur \u00e9m\u00e9rite \u00e0 l&rsquo;Atlantic Council, a d\u00e9clar\u00e9 dans un communiqu\u00e9 que la strat\u00e9gie pr\u00e9sentait une \u00ab\u00a0incoh\u00e9rence interne\u00a0\u00bb. L&rsquo;ancien directeur principal du Conseil de s\u00e9curit\u00e9 nationale pour les pr\u00e9sidents Clinton et George W. Bush souligne que l'\u00a0\u00bbhostilit\u00e9 id\u00e9ologique de la strat\u00e9gie envers l&rsquo;Europe\u00a0\u00bb s&rsquo;ajoute \u00e0 \u00ab\u00a0l&rsquo;amertume\u00a0\u00bb du pr\u00e9sident am\u00e9ricain \u00ab\u00a0face \u00e0 la perception d&rsquo;un surinvestissement am\u00e9ricain et son m\u00e9pris g\u00e9n\u00e9ral pour les &lsquo;valeurs'\u00a0\u00bb.<\/p>\n<p class=\"ap-StoryElement ap-StoryElement--mb ap-StoryText\">Cette combinaison, selon Daniel Fried, \u00ab\u00a0pousse les \u00c9tats-Unis \u00e0 se retirer du leadership du monde libre \u2014 et m\u00eame du concept de monde libre lui-m\u00eame\u00a0\u00bb. Mais \u00ab\u00a0dans le m\u00eame temps, la strat\u00e9gie nationale de s\u00e9curit\u00e9 reconna\u00eet que les \u00c9tats-Unis auront besoin de leurs alli\u00e9s, y compris l&rsquo;Europe, pour faire face \u00e0 leurs adversaires, en particulier la Chine.\u00a0\u00bb<\/p>\n","protected":false},"excerpt":{"rendered":"R\u00e9affirmation de l&rsquo;Alliance La cheffe de la diplomatie europ\u00e9enne, Kaja Kallas, a adopt\u00e9 une position mod\u00e9r\u00e9e et diplomatique&hellip;\n","protected":false},"author":2,"featured_media":583854,"comment_status":"","ping_status":"","sticky":false,"template":"","format":"standard","meta":{"footnotes":""},"categories":[1589],"tags":[11,9013,73,1866,14824,1227,69715,12,9024,1864,1865,1863,308],"class_list":{"0":"post-583853","1":"post","2":"type-post","3":"status-publish","4":"format-standard","5":"has-post-thumbnail","7":"category-etats-unis","8":"tag-actualites","9":"tag-color-image","10":"tag-etats-unis","11":"tag-etats-unis-damerique","12":"tag-gettyimagerank2","13":"tag-horizontal","14":"tag-human-interest","15":"tag-news","16":"tag-politics","17":"tag-united-states","18":"tag-united-states-of-america","19":"tag-us","20":"tag-usa"},"share_on_mastodon":{"url":"https:\/\/pubeurope.com\/@fr\/115677431288495832","error":""},"_links":{"self":[{"href":"https:\/\/www.europesays.com\/fr\/wp-json\/wp\/v2\/posts\/583853","targetHints":{"allow":["GET"]}}],"collection":[{"href":"https:\/\/www.europesays.com\/fr\/wp-json\/wp\/v2\/posts"}],"about":[{"href":"https:\/\/www.europesays.com\/fr\/wp-json\/wp\/v2\/types\/post"}],"author":[{"embeddable":true,"href":"https:\/\/www.europesays.com\/fr\/wp-json\/wp\/v2\/users\/2"}],"replies":[{"embeddable":true,"href":"https:\/\/www.europesays.com\/fr\/wp-json\/wp\/v2\/comments?post=583853"}],"version-history":[{"count":0,"href":"https:\/\/www.europesays.com\/fr\/wp-json\/wp\/v2\/posts\/583853\/revisions"}],"wp:featuredmedia":[{"embeddable":true,"href":"https:\/\/www.europesays.com\/fr\/wp-json\/wp\/v2\/media\/583854"}],"wp:attachment":[{"href":"https:\/\/www.europesays.com\/fr\/wp-json\/wp\/v2\/media?parent=583853"}],"wp:term":[{"taxonomy":"category","embeddable":true,"href":"https:\/\/www.europesays.com\/fr\/wp-json\/wp\/v2\/categories?post=583853"},{"taxonomy":"post_tag","embeddable":true,"href":"https:\/\/www.europesays.com\/fr\/wp-json\/wp\/v2\/tags?post=583853"}],"curies":[{"name":"wp","href":"https:\/\/api.w.org\/{rel}","templated":true}]}}