{"id":583857,"date":"2025-12-07T08:53:11","date_gmt":"2025-12-07T08:53:11","guid":{"rendered":"https:\/\/www.europesays.com\/fr\/583857\/"},"modified":"2025-12-07T08:53:11","modified_gmt":"2025-12-07T08:53:11","slug":"insolite-becker-avoue-linavouable-concernant-federer-et-lallemagne-jai-essaye-jai-essaye-mais-cela-na-pas-fonctionne","status":"publish","type":"post","link":"https:\/\/www.europesays.com\/fr\/583857\/","title":{"rendered":"Insolite > Becker avoue l&rsquo;inavouable concernant Federer et l&rsquo;Allemagne: \u00ab\u00a0J&rsquo;ai essay\u00e9, j&rsquo;ai essay\u00e9, mais cela n&rsquo;a pas fonctionn\u00e9\u00a0\u00bb"},"content":{"rendered":"<p>Dans l\u2019\u00e9mis\u00adsion de t\u00e9l\u00e9\u00advi\u00adsion espa\u00adgnole \u00ab\u202fLa Revuelta\u202f\u00bb, Becker est revenu sur ses premi\u00e8res rencontres avec Federer et sur sa mission pour le moins inha\u00adbi\u00adtuelle que lui avait donn\u00e9 la F\u00e9d\u00e9ration Allemande\u00a0: <strong>Convaincre Roger de jouer pour l\u2019Allemagne<\/strong>.<\/p>\n<p><strong>\u00ab\u202fJe le connais\u00adsais depuis qu\u2019il \u00e9tait tout petit donc je pouvais faci\u00adle\u00adment rentrer en contact avec lui. A l\u2019\u00e9poque je savais qu\u2019il \u00e9tait d\u00e9j\u00e0 tr\u00e8s attach\u00e9 \u00e0 la Suisse et \u00e0 B\u00e2le mais nous avions bon espoir qu\u2019il puisse nous \u00e9couter. Natif de B\u00e2le apr\u00e8s tout il n\u2019\u00e9tait qu\u2019\u00e0 trois kilo\u00adm\u00e8tres de la fron\u00adti\u00e8re avec l\u2019Allemagne. Je peux vour dire que j\u2019ai essaye de le convaincre plusieurs fois mais cela n\u2019a pas fonctionn\u00e9\u202f\u00bb<\/strong><\/p>\n<p class=\"post-published-date\" style=\"color: silver; font-size: 75%; text-align: left;\">Publi\u00e9 le dimanche 7 d\u00e9cembre 2025 \u00e0 09:16<\/p>\n","protected":false},"excerpt":{"rendered":"Dans l\u2019\u00e9mis\u00adsion de t\u00e9l\u00e9\u00advi\u00adsion espa\u00adgnole \u00ab\u202fLa Revuelta\u202f\u00bb, Becker est revenu sur ses premi\u00e8res rencontres avec Federer et sur&hellip;\n","protected":false},"author":2,"featured_media":583858,"comment_status":"","ping_status":"","sticky":false,"template":"","format":"standard","meta":{"footnotes":""},"categories":[1587],"tags":[11,672,1804,1805,1803,1777,674,2199,1801,12,1802],"class_list":{"0":"post-583857","1":"post","2":"type-post","3":"status-publish","4":"format-standard","5":"has-post-thumbnail","7":"category-allemagne","8":"tag-actualites","9":"tag-allemagne","10":"tag-bundesrepublik-deutschland","11":"tag-de","12":"tag-deutschland","13":"tag-eu","14":"tag-europe","15":"tag-federer","16":"tag-germany","17":"tag-news","18":"tag-republique-federale-dallemagne"},"share_on_mastodon":{"url":"https:\/\/pubeurope.com\/@fr\/115677443321182905","error":""},"_links":{"self":[{"href":"https:\/\/www.europesays.com\/fr\/wp-json\/wp\/v2\/posts\/583857","targetHints":{"allow":["GET"]}}],"collection":[{"href":"https:\/\/www.europesays.com\/fr\/wp-json\/wp\/v2\/posts"}],"about":[{"href":"https:\/\/www.europesays.com\/fr\/wp-json\/wp\/v2\/types\/post"}],"author":[{"embeddable":true,"href":"https:\/\/www.europesays.com\/fr\/wp-json\/wp\/v2\/users\/2"}],"replies":[{"embeddable":true,"href":"https:\/\/www.europesays.com\/fr\/wp-json\/wp\/v2\/comments?post=583857"}],"version-history":[{"count":0,"href":"https:\/\/www.europesays.com\/fr\/wp-json\/wp\/v2\/posts\/583857\/revisions"}],"wp:featuredmedia":[{"embeddable":true,"href":"https:\/\/www.europesays.com\/fr\/wp-json\/wp\/v2\/media\/583858"}],"wp:attachment":[{"href":"https:\/\/www.europesays.com\/fr\/wp-json\/wp\/v2\/media?parent=583857"}],"wp:term":[{"taxonomy":"category","embeddable":true,"href":"https:\/\/www.europesays.com\/fr\/wp-json\/wp\/v2\/categories?post=583857"},{"taxonomy":"post_tag","embeddable":true,"href":"https:\/\/www.europesays.com\/fr\/wp-json\/wp\/v2\/tags?post=583857"}],"curies":[{"name":"wp","href":"https:\/\/api.w.org\/{rel}","templated":true}]}}