{"id":583861,"date":"2025-12-07T08:55:13","date_gmt":"2025-12-07T08:55:13","guid":{"rendered":"https:\/\/www.europesays.com\/fr\/583861\/"},"modified":"2025-12-07T08:55:13","modified_gmt":"2025-12-07T08:55:13","slug":"v-zelensky-dit-avoir-eu-une-conversation-substantielle-et-constructive-avec-les-emissaires-americains-s-witkoff-et-j-kushner","status":"publish","type":"post","link":"https:\/\/www.europesays.com\/fr\/583861\/","title":{"rendered":"V. Zelensky dit avoir eu une conversation \u00ab\u00a0substantielle et constructive\u00a0\u00bb avec les \u00e9missaires am\u00e9ricains S. Witkoff et J. Kushner"},"content":{"rendered":"<p>Le pr\u00e9sident ukrainien Volodymyr Zelenskyy a d\u00e9clar\u00e9 avoir eu un \u00ab\u00a0appel t\u00e9l\u00e9phonique substantiel\u00a0\u00bb avec l&rsquo;\u00e9missaire de la Maison Blanche Steve Witkoff et le gendre de Trump, Jared Kushner, apr\u00e8s qu&rsquo;ils ont rencontr\u00e9 une d\u00e9l\u00e9gation ukrainienne en Floride samedi pour un troisi\u00e8me jour de pourparlers de paix visant \u00e0 mettre fin \u00e0 l&rsquo;invasion \u00e0 grande \u00e9chelle de l&rsquo;Ukraine par la Russie.<\/p>\n<p>La d\u00e9l\u00e9gation ukrainienne comprend Andrii Hnatov, le chef des forces arm\u00e9es ukrainiennes, Andrii Sybiha, le ministre ukrainien des Affaires \u00e9trang\u00e8res, et Rustem Umerov, le chef du conseil de s\u00e9curit\u00e9 de l&rsquo;Ukraine.<\/p>\n<p>\u00ab\u00a0Nous avons abord\u00e9 de nombreux aspects et pass\u00e9 en revue les points cl\u00e9s qui pourraient garantir la fin de l&rsquo;effusion de sang et \u00e9liminer la menace d&rsquo;une nouvelle invasion russe \u00e0 grande \u00e9chelle\u00a0\u00bb, a \u00e9crit le pr\u00e9sident ukrainien sur X, \u00ab\u00a0ainsi que le risque que la Russie ne tienne pas ses promesses, comme cela s&rsquo;est produit \u00e0 maintes reprises dans le pass\u00e9\u00a0\u00bb.<\/p>\n<p>Volodymyr Zelensky a ajout\u00e9 que son pays continuerait \u00e0 coop\u00e9rer \u00ab\u00a0de bonne foi\u00a0\u00bb avec les \u00c9tats-Unis afin de parvenir \u00e0 une paix v\u00e9ritable, et a d\u00e9clar\u00e9 qu&rsquo;il s&rsquo;\u00e9tait mis d&rsquo;accord sur \u00ab\u00a0les prochaines \u00e9tapes et le format\u00a0\u00bb des pourparlers avec l&rsquo;\u00e9quipe am\u00e9ricaine.<\/p>\n<p>\u00c0 l&rsquo;issue des discussions de vendredi, les diplomates des deux parties ont d\u00e9clar\u00e9 que \u00ab\u00a0les progr\u00e8s r\u00e9els vers un accord\u00a0\u00bb d\u00e9pendraient de \u00ab\u00a0la volont\u00e9 de la Russie de s&rsquo;engager s\u00e9rieusement en faveur d&rsquo;une paix \u00e0 long terme\u00a0\u00bb.<\/p>\n<p>Les \u00c9tats-Unis ont fait des allers-retours dans les pourparlers entre l&rsquo;Ukraine et la Russie, tentant de n\u00e9gocier un accord de paix. Cependant, Kyiv et ses alli\u00e9s europ\u00e9ens ont accus\u00e9 le pr\u00e9sident russe Vladimir Poutine de <a href=\"https:\/\/fr.euronews.com\/2025\/12\/04\/guerre-en-ukraine-lue-accuse-vladimir-poutine-de-feindre-les-efforts-pour-parvenir-a-la-pa\" target=\"_blank\" rel=\"noopener\">feindre l&rsquo;int\u00e9r\u00eat pour les efforts de paix<\/a>. La semaine derni\u00e8re, les pr\u00e9c\u00e9dentes discussions avec les \u00c9tats-Unis n&rsquo;ont d\u00e9bouch\u00e9 sur aucune perc\u00e9e ou compromis.<\/p>\n<p>Lundi, Volodymyr Zelensky devrait rencontrer le chancelier allemand Friedrich Merz, le Premier ministre britannique Keir Starmer et le pr\u00e9sident fran\u00e7ais Emmanuel Macron \u00e0 Londres.<\/p>\n<p>Ce dernier, qui s&rsquo;est entretenu avec son homologue ukrainien samedi, a accus\u00e9 la Russie d&rsquo;escalade et de ne pas rechercher la paix, tout en renouvelant son soutien \u00e0 Kyiv.<\/p>\n<p>\u00ab\u00a0C&rsquo;est l&rsquo;objet m\u00eame des efforts que nous avons entrepris au sein de la Coalition des volontaires\u00a0\u00bb, a \u00e9crit Emmanuel Macron sur X. \u00ab\u00a0Nous poursuivrons ces efforts avec les Am\u00e9ricains pour apporter \u00e0 l&rsquo;Ukraine des garanties de s\u00e9curit\u00e9, sans lesquelles aucune paix solide et durable ne sera possible\u00a0\u00bb.<\/p>\n","protected":false},"excerpt":{"rendered":"Le pr\u00e9sident ukrainien Volodymyr Zelenskyy a d\u00e9clar\u00e9 avoir eu un \u00ab\u00a0appel t\u00e9l\u00e9phonique substantiel\u00a0\u00bb avec l&rsquo;\u00e9missaire de la Maison&hellip;\n","protected":false},"author":2,"featured_media":583862,"comment_status":"","ping_status":"","sticky":false,"template":"","format":"standard","meta":{"footnotes":""},"categories":[1586],"tags":[11,1866,1777,674,1779,1011,27,12,2403,25,132,1778,220,364],"class_list":{"0":"post-583861","1":"post","2":"type-post","3":"status-publish","4":"format-standard","5":"has-post-thumbnail","7":"category-europe","8":"tag-actualites","9":"tag-etats-unis-damerique","10":"tag-eu","11":"tag-europe","12":"tag-european-union","13":"tag-fr","14":"tag-france","15":"tag-news","16":"tag-paix","17":"tag-republique-francaise","18":"tag-russie","19":"tag-ue","20":"tag-ukraine","21":"tag-union-europeenne"},"share_on_mastodon":{"url":"https:\/\/pubeurope.com\/@fr\/115677450916763785","error":""},"_links":{"self":[{"href":"https:\/\/www.europesays.com\/fr\/wp-json\/wp\/v2\/posts\/583861","targetHints":{"allow":["GET"]}}],"collection":[{"href":"https:\/\/www.europesays.com\/fr\/wp-json\/wp\/v2\/posts"}],"about":[{"href":"https:\/\/www.europesays.com\/fr\/wp-json\/wp\/v2\/types\/post"}],"author":[{"embeddable":true,"href":"https:\/\/www.europesays.com\/fr\/wp-json\/wp\/v2\/users\/2"}],"replies":[{"embeddable":true,"href":"https:\/\/www.europesays.com\/fr\/wp-json\/wp\/v2\/comments?post=583861"}],"version-history":[{"count":0,"href":"https:\/\/www.europesays.com\/fr\/wp-json\/wp\/v2\/posts\/583861\/revisions"}],"wp:featuredmedia":[{"embeddable":true,"href":"https:\/\/www.europesays.com\/fr\/wp-json\/wp\/v2\/media\/583862"}],"wp:attachment":[{"href":"https:\/\/www.europesays.com\/fr\/wp-json\/wp\/v2\/media?parent=583861"}],"wp:term":[{"taxonomy":"category","embeddable":true,"href":"https:\/\/www.europesays.com\/fr\/wp-json\/wp\/v2\/categories?post=583861"},{"taxonomy":"post_tag","embeddable":true,"href":"https:\/\/www.europesays.com\/fr\/wp-json\/wp\/v2\/tags?post=583861"}],"curies":[{"name":"wp","href":"https:\/\/api.w.org\/{rel}","templated":true}]}}