{"id":583863,"date":"2025-12-07T08:56:09","date_gmt":"2025-12-07T08:56:09","guid":{"rendered":"https:\/\/www.europesays.com\/fr\/583863\/"},"modified":"2025-12-07T08:56:09","modified_gmt":"2025-12-07T08:56:09","slug":"le-corps-dun-homme-retrouve-dans-une-voiture-a-rennes","status":"publish","type":"post","link":"https:\/\/www.europesays.com\/fr\/583863\/","title":{"rendered":"Le corps d\u2019un homme retrouv\u00e9 dans une voiture \u00e0 Rennes"},"content":{"rendered":"<p>Ce dimanche matin vers 1 h 05, les secours et la police sont intervenus all\u00e9e de Lucerne, dans le quartier du Blosne \u00e0 Rennes. \u00c0 leur arriv\u00e9e sur place, ils ont d\u00e9couvert le corps d\u2019un homme \u00e2g\u00e9 de 28 ans qui se trouvait dans une voiture. Selon les premi\u00e8res constatations, la victime pr\u00e9sentait des plaies par balles. Une enqu\u00eate de police a \u00e9t\u00e9 ouverte sur ces faits afin de d\u00e9terminer les circonstances de la mort de ce trentenaire.<\/p>\n<p>\u00c0 noter que d\u00e9j\u00e0 vendredi et samedi soir, des coups de feu avaient \u00e9t\u00e9 entendus cette fois dans le quartier de Villejean, o\u00f9 des tirs se sont \u00e9chelonn\u00e9s, hier soir, durant environ 5 minutes. Un secteur comme au Blosne connu pour abriter des points de deal.<\/p>\n","protected":false},"excerpt":{"rendered":"Ce dimanche matin vers 1 h 05, les secours et la police sont intervenus all\u00e9e de Lucerne, dans&hellip;\n","protected":false},"author":2,"featured_media":583864,"comment_status":"","ping_status":"","sticky":false,"template":"","format":"standard","meta":{"footnotes":""},"categories":[2],"tags":[11,829,765,118,1011,27,12,584,25],"class_list":{"0":"post-583863","1":"post","2":"type-post","3":"status-publish","4":"format-standard","5":"has-post-thumbnail","7":"category-actualites","8":"tag-actualites","9":"tag-bretagne","10":"tag-en-continu","11":"tag-faits-divers","12":"tag-fr","13":"tag-france","14":"tag-news","15":"tag-rennes","16":"tag-republique-francaise"},"share_on_mastodon":{"url":"","error":""},"_links":{"self":[{"href":"https:\/\/www.europesays.com\/fr\/wp-json\/wp\/v2\/posts\/583863","targetHints":{"allow":["GET"]}}],"collection":[{"href":"https:\/\/www.europesays.com\/fr\/wp-json\/wp\/v2\/posts"}],"about":[{"href":"https:\/\/www.europesays.com\/fr\/wp-json\/wp\/v2\/types\/post"}],"author":[{"embeddable":true,"href":"https:\/\/www.europesays.com\/fr\/wp-json\/wp\/v2\/users\/2"}],"replies":[{"embeddable":true,"href":"https:\/\/www.europesays.com\/fr\/wp-json\/wp\/v2\/comments?post=583863"}],"version-history":[{"count":0,"href":"https:\/\/www.europesays.com\/fr\/wp-json\/wp\/v2\/posts\/583863\/revisions"}],"wp:featuredmedia":[{"embeddable":true,"href":"https:\/\/www.europesays.com\/fr\/wp-json\/wp\/v2\/media\/583864"}],"wp:attachment":[{"href":"https:\/\/www.europesays.com\/fr\/wp-json\/wp\/v2\/media?parent=583863"}],"wp:term":[{"taxonomy":"category","embeddable":true,"href":"https:\/\/www.europesays.com\/fr\/wp-json\/wp\/v2\/categories?post=583863"},{"taxonomy":"post_tag","embeddable":true,"href":"https:\/\/www.europesays.com\/fr\/wp-json\/wp\/v2\/tags?post=583863"}],"curies":[{"name":"wp","href":"https:\/\/api.w.org\/{rel}","templated":true}]}}