{"id":583870,"date":"2025-12-07T09:00:14","date_gmt":"2025-12-07T09:00:14","guid":{"rendered":"https:\/\/www.europesays.com\/fr\/583870\/"},"modified":"2025-12-07T09:00:14","modified_gmt":"2025-12-07T09:00:14","slug":"sur-le-parquet-de-chamalieres-les-angels-se-font-peur-mais-finissent-par-lemporter-midi-libre","status":"publish","type":"post","link":"https:\/\/www.europesays.com\/fr\/583870\/","title":{"rendered":"Sur le parquet de Chamali\u00e8res, les Angels se font peur mais finissent par l\u2019emporter &#8211; Midi Libre"},"content":{"rendered":"<ol>\n<li><a href=\"https:\/\/news.google.com\/rss\/articles\/CBMiywFBVV95cUxNRFhhTWVrWnhPWE5DTkhrZHdOWjdVOThiaEZsZFdWcjU0aGdienkwX014R0Eyb3E4dGtOM21DQmd1aDBoTGI1NDluZDQ1bE9HU1JYNGJiZEt6M2ZtalZjLVJMUmUyRmJsLXhfcllDUE90UVFfQ1RfRjZrTlJkcHAta1VucExidWpqRV9IQkpLZWRVZjBkSFBpVmJjSVd2aUpoTFdJMTRSN1V3dUNNdFQ4RHJudVJGWHRsT3VTLUxSaEg3eHJXM2ZVdlBFQQ?oc=5\" target=\"_blank\" rel=\"noopener\">Sur le parquet de Chamali\u00e8res, les Angels se font peur mais finissent par l\u2019emporter<\/a>&nbsp;&nbsp;Midi Libre<\/li>\n<li><a href=\"https:\/\/news.google.com\/rss\/articles\/CBMi2AFBVV95cUxPQkxGUmRlSElVclYwdnQ1T285WUFUazQ5WEpLcHdoekxMT0FiOUZpN1N3Z0pYUVNYWHF6eFdwS1VmTHZGU2c3d3A4TFE0LXpkRjJjTTdna2VqSE43by1hb2JZNUo5N1l4akZwTlFmY2MzX0JfVGtGd0N3QlQ0STA4V1h3bW9MMk9qM2IxVzBETTZEQlJrTzdudHBjVVZBU1pITWdLRVpvOEtLUnZMbnFHNWpxTm9SYzlOM1h1UnplTXpxczlrd205NFZuNjNwV1VEd0NRM1Izem8?oc=5\" target=\"_blank\" rel=\"noopener\">Volley-ball (Saforelle Power 6) : Chamali\u00e8res prend un bon point face \u00e0 B\u00e9ziers<\/a>&nbsp;&nbsp;La Montagne<\/li>\n<li><a href=\"https:\/\/news.google.com\/rss\/articles\/CBMi3wFBVV95cUxPSDJsOTYxWk9vQnQ4ejhTSEJkX0k2NXRXbzNTcjFTQ0ZfNWUzZ3EwZl9CS2MwT2ZHV3Jub1lfSDhyZzVZYjJuVGM2a3lBTERFdjU5Z0R0LUpHYmFRd3VRdlBRNTJLaG1ILTNnanEtTEpzNzd2b1N6LWV1dHd0cTg4UHlwVk5keEJKR0hmNnRPcnd4cTFxbEUzQ1Q0bVhGQ0tpMXRYQjBfTk92Z1RGMFNXSjZzeW4wbUR3Y1Q4dTRtZDdqUkxVYWhpRWZuNG9aOHdXT3QzUDJKZ0VUZGtTLXlj?oc=5\" target=\"_blank\" rel=\"noopener\">Chamali\u00e8res &#8211; B\u00e9ziers : \u00e0 quelle heure et sur quelle cha\u00eene suivre la 10e journ\u00e9e de Ligue A f\u00e9minine 2025-2026<\/a>&nbsp;&nbsp;quelle heure, quelle chaine<\/li>\n<li><a href=\"https:\/\/news.google.com\/rss\/articles\/CBMi2wFBVV95cUxQMnJtVG5hdTRTejlvUW81a3Jvc0dKc1AyR0k1YnRtanJlYm5TUTVtVjlPS21LaGF6UjhoQWpUVjFvVUxMcmUzdzU0VzA3cWJoaDk5dWFLUEJhdG44alNvRHVGOXNBbWt6WlprSlJ0Yzg2X3pFWm1ubEFoRjhMMmxfc1h3SDhsOFpRYldrRTE1T1RQUHFBd0ctNzlCVEw2WFFrS2tKVmVNS2JaX0tlQmVQZFdNYnZadGpYNlJFb1FoRWstUnoxMUM5Mk1vS3BPWkY5MGJSd09oNTd3X28?oc=5\" target=\"_blank\" rel=\"noopener\">B\u00e9ziers Angels : Gun Hindgren, l\u2019arme su\u00e9doise des Biterroises \u00e0 l\u2019heure de se rendre \u00e0 Chamali\u00e8res<\/a>&nbsp;&nbsp;Midi Libre<\/li>\n<li><a href=\"https:\/\/news.google.com\/rss\/articles\/CBMivwFBVV95cUxNTEJxbWtJRW1LaXNZeDVrdnBPLWljSDZLdFh4X2NGQzdMQUVENVJVU3Z2cGNaRmp1ZDViVWJBVFFpcWFlMFM5ZDZndzFWX2M0MktfVGhOa2owS2R3eDljcVZxUmRxTlIyLXZBUW5ockJ6dVpYYmRyVnhXOW1KNmZlbGZ5RFRLOTZvNWlPMERwdDZpTlNRcTZaOGFxb09faWJSRFJaaVNZT0FQUjVuSFFsTVVYYk1lRkFvLUhjVlhlaw?oc=5\" target=\"_blank\" rel=\"noopener\">Volley-ball : Chamali\u00e8res ou le d\u00e9fi d&rsquo;encha\u00eener devant B\u00e9ziers<\/a>&nbsp;&nbsp;La Montagne<\/li>\n<\/ol>\n","protected":false},"excerpt":{"rendered":"Sur le parquet de Chamali\u00e8res, les Angels se font peur mais finissent par l\u2019emporter&nbsp;&nbsp;Midi Libre Volley-ball (Saforelle Power&hellip;\n","protected":false},"author":2,"featured_media":583871,"comment_status":"","ping_status":"","sticky":false,"template":"","format":"standard","meta":{"footnotes":""},"categories":[1417],"tags":[37552,1011,27,7089,517,60,1470,1632,1469],"class_list":{"0":"post-583870","1":"post","2":"type-post","3":"status-publish","4":"format-standard","5":"has-post-thumbnail","7":"category-volley","8":"tag-beziers","9":"tag-fr","10":"tag-france","11":"tag-herault","12":"tag-sport","13":"tag-sports","14":"tag-volley","15":"tag-volley-ball","16":"tag-volleyball"},"share_on_mastodon":{"url":"https:\/\/pubeurope.com\/@fr\/115677470623367409","error":""},"_links":{"self":[{"href":"https:\/\/www.europesays.com\/fr\/wp-json\/wp\/v2\/posts\/583870","targetHints":{"allow":["GET"]}}],"collection":[{"href":"https:\/\/www.europesays.com\/fr\/wp-json\/wp\/v2\/posts"}],"about":[{"href":"https:\/\/www.europesays.com\/fr\/wp-json\/wp\/v2\/types\/post"}],"author":[{"embeddable":true,"href":"https:\/\/www.europesays.com\/fr\/wp-json\/wp\/v2\/users\/2"}],"replies":[{"embeddable":true,"href":"https:\/\/www.europesays.com\/fr\/wp-json\/wp\/v2\/comments?post=583870"}],"version-history":[{"count":0,"href":"https:\/\/www.europesays.com\/fr\/wp-json\/wp\/v2\/posts\/583870\/revisions"}],"wp:featuredmedia":[{"embeddable":true,"href":"https:\/\/www.europesays.com\/fr\/wp-json\/wp\/v2\/media\/583871"}],"wp:attachment":[{"href":"https:\/\/www.europesays.com\/fr\/wp-json\/wp\/v2\/media?parent=583870"}],"wp:term":[{"taxonomy":"category","embeddable":true,"href":"https:\/\/www.europesays.com\/fr\/wp-json\/wp\/v2\/categories?post=583870"},{"taxonomy":"post_tag","embeddable":true,"href":"https:\/\/www.europesays.com\/fr\/wp-json\/wp\/v2\/tags?post=583870"}],"curies":[{"name":"wp","href":"https:\/\/api.w.org\/{rel}","templated":true}]}}