{"id":583872,"date":"2025-12-07T09:02:21","date_gmt":"2025-12-07T09:02:21","guid":{"rendered":"https:\/\/www.europesays.com\/fr\/583872\/"},"modified":"2025-12-07T09:02:21","modified_gmt":"2025-12-07T09:02:21","slug":"transfert-top-14-bayonne-laviron-insiste-pour-prolonger-gerard-fraser","status":"publish","type":"post","link":"https:\/\/www.europesays.com\/fr\/583872\/","title":{"rendered":"Transfert Top 14-Bayonne: L&rsquo;Aviron insiste pour prolonger Gerard Fraser"},"content":{"rendered":"<p>La saga de la prolongation de contrat au sein du staff de l\u2019<a href=\"https:\/\/www.rugby-transferts.com\/category\/top-14\/laviron-bayonnais\/\" rel=\"nofollow noopener\" target=\"_blank\">Aviron Bayonnais<\/a> continue de susciter l\u2019int\u00e9r\u00eat. Apr\u00e8s avoir renouvel\u00e9 son manager Gr\u00e9gory Patat pour deux ans, le club basque concentre d\u00e9sormais ses efforts sur Gerard Fraser, son adjoint n\u00e9o-z\u00e9landais, dont l\u2019avenir reste incertain.<\/p>\n<p>Des n\u00e9gociations qui s\u2019\u00e9ternisent<\/p>\n<p>Gerard Fraser, qui joue un r\u00f4le cl\u00e9 dans l\u2019attaque de l\u2019Aviron Bayonnais, est au c\u0153ur des discussions depuis plusieurs semaines. Bien qu\u2019il ait d\u00e9j\u00e0 re\u00e7u deux propositions de prolongation, celles-ci n\u2019ont pas r\u00e9pondu \u00e0 ses attentes, le poussant \u00e0 les refuser. La premi\u00e8re offrait un contrat jusqu\u2019en 2028, tandis que la seconde s\u2019\u00e9tendait jusqu\u2019en 2029, avec un salaire similaire \u00e0 celui qu\u2019il per\u00e7oit actuellement.<\/p>\n<p>Une nouvelle proposition sur la tableNouveau ! Recevez la newsletter Rugby Transfert 1 fois par mois !<\/p>\n<p>Face \u00e0 cette impasse, le pr\u00e9sident Philippe Tayeb a d\u00e9cid\u00e9 de faire une nouvelle offre \u00e0 Fraser. Selon nos informations, cette troisi\u00e8me proposition maintient le m\u00eame niveau de r\u00e9mun\u00e9ration mais y ajoute une dur\u00e9e de contrat prolong\u00e9e jusqu\u2019en 2030. Cela mettrait Fraser en position de signer un contrat plus long que celui de son sup\u00e9rieur, Gr\u00e9gory Patat, qui est d\u00e9sormais li\u00e9 au club jusqu\u2019en 2028.<\/p>\n<p>Un staff en pleine r\u00e9organisation<\/p>\n<p>Le renouvellement du staff technique semble prioritaire pour l\u2019Aviron Bayonnais. En plus de la prolongation de Patat, le pr\u00e9parateur physique Lo\u00efc Louit est sur le point de signer un contrat d\u2019un an suppl\u00e9mentaire jusqu\u2019en 2027. De plus, le club a pr\u00e9vu d\u2019accueillir Thibault Giroud, un sp\u00e9cialiste de la performance actuellement \u00e0 l\u2019UBB, avec un contrat de cinq ans \u00e0 partir de 2027.<\/p>\n<p>Fraser prend le temps de la r\u00e9flexion<\/p>\n<p>Gerard Fraser, conscient de l\u2019importance de sa d\u00e9cision, a choisi de prendre le week-end pour r\u00e9fl\u00e9chir \u00e0 cette nouvelle proposition. Son choix aura un impact significatif sur l\u2019avenir de l\u2019Aviron Bayonnais, et les supporters attendent avec impatience de conna\u00eetre son d\u00e9nouement.<\/p>\n<p>Alors que la pression monte, la direction du club esp\u00e8re convaincre Fraser de rester, consolidant ainsi un staff qui pourrait avoir un r\u00f4le d\u00e9terminant dans les prochaines saisons.<\/p>\n<p> <img loading=\"lazy\" decoding=\"async\" src=\"https:\/\/www.europesays.com\/fr\/wp-content\/uploads\/2025\/04\/image-1.jpg\" width=\"100\" height=\"100\" alt=\"image 1\" itemprop=\"image\" class=\"lazyload\" title=\"Transfert Top 14-Bayonne: L'Aviron insiste pour prolonger Gerard Fraser\"\/><\/p>\n<p>Bruno Lancelle, n\u00e9 en 1986 \u00e0 La Seyne-sur-Mer (Var), aujourd\u2019hui Kin\u00e9sith\u00e9rapeute, est un ancien joueur\u00a0 de rugby \u00e0 XV qui \u00e9voluait au poste de demi d\u2019ouverture, pass\u00e9 par Toulon, Lyon, Provence Rugby, La Seyne-sur-Mer, US bressane, Lille et Hy\u00e8res.<\/p>\n","protected":false},"excerpt":{"rendered":"La saga de la prolongation de contrat au sein du staff de l\u2019Aviron Bayonnais continue de susciter l\u2019int\u00e9r\u00eat.&hellip;\n","protected":false},"author":2,"featured_media":572828,"comment_status":"","ping_status":"","sticky":false,"template":"","format":"standard","meta":{"footnotes":""},"categories":[1416],"tags":[1011,27,479,1468,60],"class_list":{"0":"post-583872","1":"post","2":"type-post","3":"status-publish","4":"format-standard","5":"has-post-thumbnail","7":"category-rugby","8":"tag-fr","9":"tag-france","10":"tag-rugby","11":"tag-rugby-football","12":"tag-sports"},"share_on_mastodon":{"url":"https:\/\/pubeurope.com\/@fr\/115677478703447329","error":""},"_links":{"self":[{"href":"https:\/\/www.europesays.com\/fr\/wp-json\/wp\/v2\/posts\/583872","targetHints":{"allow":["GET"]}}],"collection":[{"href":"https:\/\/www.europesays.com\/fr\/wp-json\/wp\/v2\/posts"}],"about":[{"href":"https:\/\/www.europesays.com\/fr\/wp-json\/wp\/v2\/types\/post"}],"author":[{"embeddable":true,"href":"https:\/\/www.europesays.com\/fr\/wp-json\/wp\/v2\/users\/2"}],"replies":[{"embeddable":true,"href":"https:\/\/www.europesays.com\/fr\/wp-json\/wp\/v2\/comments?post=583872"}],"version-history":[{"count":0,"href":"https:\/\/www.europesays.com\/fr\/wp-json\/wp\/v2\/posts\/583872\/revisions"}],"wp:featuredmedia":[{"embeddable":true,"href":"https:\/\/www.europesays.com\/fr\/wp-json\/wp\/v2\/media\/572828"}],"wp:attachment":[{"href":"https:\/\/www.europesays.com\/fr\/wp-json\/wp\/v2\/media?parent=583872"}],"wp:term":[{"taxonomy":"category","embeddable":true,"href":"https:\/\/www.europesays.com\/fr\/wp-json\/wp\/v2\/categories?post=583872"},{"taxonomy":"post_tag","embeddable":true,"href":"https:\/\/www.europesays.com\/fr\/wp-json\/wp\/v2\/tags?post=583872"}],"curies":[{"name":"wp","href":"https:\/\/api.w.org\/{rel}","templated":true}]}}