{"id":583875,"date":"2025-12-07T09:07:12","date_gmt":"2025-12-07T09:07:12","guid":{"rendered":"https:\/\/www.europesays.com\/fr\/583875\/"},"modified":"2025-12-07T09:07:12","modified_gmt":"2025-12-07T09:07:12","slug":"indemnites-de-formation-des-retards-de-paiement-pour-cinq-equipes-actualite","status":"publish","type":"post","link":"https:\/\/www.europesays.com\/fr\/583875\/","title":{"rendered":"Indemnit\u00e9s de formation : Des retards de paiement pour cinq \u00e9quipes &#8211; Actualit\u00e9"},"content":{"rendered":"<p style=\"text-align: justify;\">Cinq \u00e9quipes professionnelles n\u2019ont pas vers\u00e9 les sommes qu\u2019elles doivent payer pour les indemnit\u00e9s de formation des n\u00e9o-professionnels 2025 aux structures amateurs fran\u00e7aises, o\u00f9 les coureurs sont pass\u00e9s depuis l\u2019\u00e2ge de quinze ans et pour un maximum de huit ans. Ce qui a conduit la F\u00e9d\u00e9ration Fran\u00e7aise de Cyclisme \u00e0 adresser un courrier en recommand\u00e9 \u00e0 l\u2019Union Cycliste Internationale.<\/p>\n<p style=\"text-align: justify;\"><strong>SUSPENDU \u00c0 LA GARANTIE BANCAIRE<\/strong><\/p>\n<p>\u201cIl y a deux cat\u00e9gories d&rsquo;\u00e9quipes qui ne les ont pas vers\u00e9es, indique Michel Callot, le pr\u00e9sident de la F\u00e9d\u00e9ration Fran\u00e7aise de Cyclisme, \u00e0\u00a0DirectVelo. Il y a celles qui \u00e9taient en demande de renouvellement de la licence WorldTour. \u00c7a devrait se solder la semaine prochaine puisque l&rsquo;UCI a pris l&rsquo;engagement de le mettre dans la balance des renouvellements, ce qui nous semble, pour nous, la moindre des choses. Et pour la seconde cat\u00e9gorie, ce sont les \u00e9quipes qui, malheureusement, disparaissent. Dans ce cas-l\u00e0, l&rsquo;UCI nous dit qu&rsquo;il faut attendre pour voir comment va \u00eatre mobilis\u00e9e la garantie bancaire. Et sur ce qu&rsquo;on peut imaginer exister, c&rsquo;est-\u00e0-dire un reliquat de la garantie, pouvoir venir solder ces indemnit\u00e9s de formation. Malheureusement, pour les clubs concern\u00e9s par le second cas, \u00e7a va nous renvoyer dans le premier trimestre 2026\u201d.<\/p>\n<p>Michel Callot a fait savoir \u00e0 l\u2019UCI qu\u2019il faudrait r\u00e9duire selon lui le d\u00e9lai de paiement qui est de six mois apr\u00e8s l\u2019enregistrement du n\u00e9o-pro aupr\u00e8s de l\u2019instance internationale.\u00a0\u201cAujourd\u2019hui, \u00e7a nous met trop proche de la fin d&rsquo;ann\u00e9e et \u00e9ventuellement de probl\u00e8mes d&rsquo;\u00e9quipe qui disparaissent\u201d.<\/p>\n<p>Pour Xavier Jan, pr\u00e9sident de la Ligue Nationale de Cyclisme, ces indemnit\u00e9s ne sont pas un probl\u00e8me pour le monde professionnel. \u201cElles ne sont pas contest\u00e9es. Ce n&rsquo;est pas un sujet de blocage aujourd&rsquo;hui. Et mon r\u00f4le, si jamais quelqu&rsquo;un n&rsquo;a pas pay\u00e9, c\u2019est de lui rappeler qu&rsquo;il doit le faire dans les d\u00e9lais impartis\u201d, confie-t-il \u00e0 DirectVelo. Michel Callot ne ressent pas non plus une v\u00e9ritable opposition. \u201cJe n&rsquo;ai pas eu le sentiment dans les r\u00e9unions du Conseil du cyclisme professionnel qu&rsquo;il y avait beaucoup de r\u00e9sistance, parce que \u00e7a reste quand m\u00eame des petits montants\u201d. Pour rappel, une saison correspond \u00e0 la somme de 2000 euros pour les WorldTeams hommes, 500 euros pour les WorldTeams femmes et 1000 pour les ProTeams hommes.<\/p>\n<p style=\"text-align: justify;\"><strong>\u00ab TR\u00c8S COMPLIQU\u00c9 ET TR\u00c8S FRAGILE \u00bb<\/strong><\/p>\n<p style=\"text-align: justify;\">Cependant, Michel Callot reconna\u00eet que le versement de ces indemnit\u00e9s de formation, qui a \u00e9t\u00e9 mis en place en 2023, est \u201ctr\u00e8s compliqu\u00e9 et tr\u00e8s fragile\u201d. Il pense notamment \u00e0 la mise en \u0153uvre. \u201cIl y a plein de cas particuliers. Parfois, il y a des \u00e9trangers qui sont pass\u00e9s en France. Cette interaction entre les f\u00e9d\u00e9rations est tr\u00e8s complexe\u201d.<\/p>\n<p style=\"text-align: justify;\">Pr\u00e9sent\u00e9es comme un geste de solidarit\u00e9 du monde professionnel vers les clubs formateurs, ces indemnit\u00e9s et leur versement ont encore du chemin avant de devenir un automatisme au moment de la signature des contrats et une vraie compensation en faveur des clubs amateurs.<\/p>\n","protected":false},"excerpt":{"rendered":"Cinq \u00e9quipes professionnelles n\u2019ont pas vers\u00e9 les sommes qu\u2019elles doivent payer pour les indemnit\u00e9s de formation des n\u00e9o-professionnels&hellip;\n","protected":false},"author":2,"featured_media":583876,"comment_status":"","ping_status":"","sticky":false,"template":"","format":"standard","meta":{"footnotes":""},"categories":[1411],"tags":[834,828,836,829,837,827,83,826,824,823,1154,207,814,817,815,816,822,821,832,211,839,1011,27,820,818,819,835,831,830,833,838,60,212,208,825],"class_list":{"0":"post-583875","1":"post","2":"type-post","3":"status-publish","4":"format-standard","5":"has-post-thumbnail","7":"category-cyclisme","8":"tag-attaque","9":"tag-belgique","10":"tag-braquet","11":"tag-bretagne","12":"tag-chute","13":"tag-competition","14":"tag-coupe-de-france","15":"tag-coureur","16":"tag-course-cyclisme","17":"tag-course-cycliste","18":"tag-cycling","19":"tag-cyclisme","20":"tag-direct","21":"tag-direct-velo","22":"tag-directvelo","23":"tag-directvelo-com","24":"tag-epreuve","25":"tag-epreuve-cycliste","26":"tag-federation-francaise-de-cyclisme","27":"tag-ffc","28":"tag-flandres","29":"tag-fr","30":"tag-france","31":"tag-live","32":"tag-live-course","33":"tag-live-epreuve","34":"tag-peloton","35":"tag-radio-peloton","36":"tag-radio-tour","37":"tag-ravitaillement","38":"tag-relance","39":"tag-sports","40":"tag-uci","41":"tag-velo","42":"tag-velos"},"share_on_mastodon":{"url":"https:\/\/pubeurope.com\/@fr\/115677498188742528","error":""},"_links":{"self":[{"href":"https:\/\/www.europesays.com\/fr\/wp-json\/wp\/v2\/posts\/583875","targetHints":{"allow":["GET"]}}],"collection":[{"href":"https:\/\/www.europesays.com\/fr\/wp-json\/wp\/v2\/posts"}],"about":[{"href":"https:\/\/www.europesays.com\/fr\/wp-json\/wp\/v2\/types\/post"}],"author":[{"embeddable":true,"href":"https:\/\/www.europesays.com\/fr\/wp-json\/wp\/v2\/users\/2"}],"replies":[{"embeddable":true,"href":"https:\/\/www.europesays.com\/fr\/wp-json\/wp\/v2\/comments?post=583875"}],"version-history":[{"count":0,"href":"https:\/\/www.europesays.com\/fr\/wp-json\/wp\/v2\/posts\/583875\/revisions"}],"wp:featuredmedia":[{"embeddable":true,"href":"https:\/\/www.europesays.com\/fr\/wp-json\/wp\/v2\/media\/583876"}],"wp:attachment":[{"href":"https:\/\/www.europesays.com\/fr\/wp-json\/wp\/v2\/media?parent=583875"}],"wp:term":[{"taxonomy":"category","embeddable":true,"href":"https:\/\/www.europesays.com\/fr\/wp-json\/wp\/v2\/categories?post=583875"},{"taxonomy":"post_tag","embeddable":true,"href":"https:\/\/www.europesays.com\/fr\/wp-json\/wp\/v2\/tags?post=583875"}],"curies":[{"name":"wp","href":"https:\/\/api.w.org\/{rel}","templated":true}]}}