{"id":583877,"date":"2025-12-07T09:08:10","date_gmt":"2025-12-07T09:08:10","guid":{"rendered":"https:\/\/www.europesays.com\/fr\/583877\/"},"modified":"2025-12-07T09:08:10","modified_gmt":"2025-12-07T09:08:10","slug":"mercato-un-crack-a-signe-jai-choisi-le-psg","status":"publish","type":"post","link":"https:\/\/www.europesays.com\/fr\/583877\/","title":{"rendered":"Mercato : Un crack a sign\u00e9, \u00abj&rsquo;ai choisi le PSG\u00bb !"},"content":{"rendered":"<p>                    Thibault Morlain<br \/>\n                        &#8211;<\/p>\n<p>Journaliste<\/p>\n<p>Apr\u00e8s s\u2019\u00eatre essay\u00e9 \u00e0 diff\u00e9rents sports, Thibault se tourne vers une carri\u00e8re de footballeur amateur. Au moment de faire un choix entre devenir footballeur professionnel et journaliste, les qualit\u00e9s ont fait pencher la balance d\u2019un c\u00f4t\u00e9. Le voil\u00e0 d\u00e9sormais au sein de la r\u00e9daction du 10 Sport, apr\u00e8s un dipl\u00f4me obtenu \u00e0 l\u2019Institut International de Communication de Paris.<\/p>\n<p class=\"heading\">Aujourd&rsquo;hui au Betis S\u00e9ville, Giovani Lo Celso avait fait le grand saut vers l&rsquo;Europe \u00e0 l&rsquo;\u00e9t\u00e9 2016, \u00e9tant alors achet\u00e9 par le PSG. D\u00e9bauch\u00e9 \u00e0 Rosario Central, l&rsquo;Argentin avait rejoint Paris quelques mois plus tard pour lancer son aventure sur le Vieux Continent. Mais pourquoi le club de la capitale ? Lo Celso est revenu sur ce transfert.\n<\/p>\n<p>Grand espoir du football argentin quand il a d\u00e9but\u00e9 \u00e0 <strong>Rosario Central, Giovani Lo Celso<\/strong> avait alors tap\u00e9 dans l&rsquo;oeil du <a href=\"https:\/\/le10sport.com\/football\/ligue1\/psg\/lucas-chevalier-au-psg-ils-hallucinent-completement-a-letranger-767288\" target=\"_blank\" rel=\"noopener\">PSG<\/a>. En 2016, le club de la capitale s&rsquo;est offert les services du milieu de terrain, moyennant un ch\u00e8que d&rsquo;environ 10M\u20ac. <strong>Lo Celso<\/strong> a ainsi rejoint l&rsquo;Europe, alors encore tr\u00e8s jeune, convaincu par le projet du <strong>PSG<\/strong>.<\/p>\n<p>                                            \u00ab J&rsquo;avais plusieurs options sur la table, mais&#8230; \u00bb<\/p>\n<p>Si <strong>Giovani Lo Celso<\/strong> n&rsquo;a finalement pas \u00e9t\u00e9 une grande r\u00e9ussite au <strong>PSG<\/strong>, il s&rsquo;\u00e9tait donc laiss\u00e9 charmer par le club de la capitale. A ce propos, pour So Foot, l&rsquo;ancien de <strong>Rosario Central<\/strong> a avou\u00e9 : \u00ab C&rsquo;est tr\u00e8s dur pour le joueur comme pour le club, de dire non \u00e0 telles puissances mondiales. Moi, j&rsquo;avais plusieurs options sur la table, mais j&rsquo;ai choisi le PSG pour le projet sportif et la qualit\u00e9 de son effectif \u00bb.<\/p>\n<p>                                            \u00ab Le directeur sportif \u00e9tait venu jusqu&rsquo;\u00e0 Rosario \u00bb<\/p>\n<p>\u00ab Le directeur sportif (Olivier L\u00e9tang) \u00e9tait venu jusqu&rsquo;\u00e0 Rosario pour me voir. Angel Di Maria, lui, m&rsquo;a beaucoup aid\u00e9 avec sa famille. Ils m&rsquo;ont accueilli, conseill\u00e9, et on est devenus tr\u00e8s amis \u00e0 Paris \u00bb, a ensuite expliqu\u00e9 <strong>Giovani Lo Celso<\/strong>.<\/p>\n","protected":false},"excerpt":{"rendered":"Thibault Morlain &#8211; Journaliste Apr\u00e8s s\u2019\u00eatre essay\u00e9 \u00e0 diff\u00e9rents sports, Thibault se tourne vers une carri\u00e8re de footballeur&hellip;\n","protected":false},"author":2,"featured_media":583878,"comment_status":"","ping_status":"","sticky":false,"template":"","format":"standard","meta":{"footnotes":""},"categories":[1410],"tags":[63,1011,27,60],"class_list":{"0":"post-583877","1":"post","2":"type-post","3":"status-publish","4":"format-standard","5":"has-post-thumbnail","7":"category-football","8":"tag-football","9":"tag-fr","10":"tag-france","11":"tag-sports"},"share_on_mastodon":{"url":"https:\/\/pubeurope.com\/@fr\/115677502164888884","error":""},"_links":{"self":[{"href":"https:\/\/www.europesays.com\/fr\/wp-json\/wp\/v2\/posts\/583877","targetHints":{"allow":["GET"]}}],"collection":[{"href":"https:\/\/www.europesays.com\/fr\/wp-json\/wp\/v2\/posts"}],"about":[{"href":"https:\/\/www.europesays.com\/fr\/wp-json\/wp\/v2\/types\/post"}],"author":[{"embeddable":true,"href":"https:\/\/www.europesays.com\/fr\/wp-json\/wp\/v2\/users\/2"}],"replies":[{"embeddable":true,"href":"https:\/\/www.europesays.com\/fr\/wp-json\/wp\/v2\/comments?post=583877"}],"version-history":[{"count":0,"href":"https:\/\/www.europesays.com\/fr\/wp-json\/wp\/v2\/posts\/583877\/revisions"}],"wp:featuredmedia":[{"embeddable":true,"href":"https:\/\/www.europesays.com\/fr\/wp-json\/wp\/v2\/media\/583878"}],"wp:attachment":[{"href":"https:\/\/www.europesays.com\/fr\/wp-json\/wp\/v2\/media?parent=583877"}],"wp:term":[{"taxonomy":"category","embeddable":true,"href":"https:\/\/www.europesays.com\/fr\/wp-json\/wp\/v2\/categories?post=583877"},{"taxonomy":"post_tag","embeddable":true,"href":"https:\/\/www.europesays.com\/fr\/wp-json\/wp\/v2\/tags?post=583877"}],"curies":[{"name":"wp","href":"https:\/\/api.w.org\/{rel}","templated":true}]}}