{"id":583880,"date":"2025-12-07T09:10:15","date_gmt":"2025-12-07T09:10:15","guid":{"rendered":"https:\/\/www.europesays.com\/fr\/583880\/"},"modified":"2025-12-07T09:10:15","modified_gmt":"2025-12-07T09:10:15","slug":"entre-bruns-chocolat-et-jades-apaisants-a-connaitre-avant-de-repeindre-le-journal-de-la-maison","status":"publish","type":"post","link":"https:\/\/www.europesays.com\/fr\/583880\/","title":{"rendered":"entre bruns chocolat et jades apaisants, \u00e0 conna\u00eetre avant de repeindre Le Journal de la Maison."},"content":{"rendered":"<p>Exit les murs gris froid et les verts fluo : les<br \/>\n<strong>tendances couleurs 2026<\/strong> virent au sombre, au<br \/>\nchaleureux, au profond\u00e9ment naturel. Des enqu\u00eates men\u00e9es aupr\u00e8s de<br \/>\n468 designers par 1stDibs aux couleurs de l\u00a0\u00bbann\u00e9e d\u00e9voil\u00e9es par<br \/>\nBehr, Sherwin-Williams et Pantone, tout indique que l&rsquo;on recherche<br \/>\ndes teintes plus honn\u00eates, avec du poids et du relief.<\/p>\n<p>Dans ce contexte, les experts d\u00e9co interrog\u00e9s par Real Simple<br \/>\npour le salon, les pr\u00e9visionnistes de Homes et Gardens et les<br \/>\njournalistes de Marie Claire dressent un m\u00eame tableau : bruns<br \/>\nprofonds, verts gris\u00e9s, bleus-verts jades et neutres chauds<br \/>\nreviennent au premier plan, tandis que le blanc se r\u00e9invente. Reste<br \/>\n\u00e0 voir quelles teintes vont vraiment dominer.<\/p>\n<p>Bruns chocolat et rouges bordeaux, coeur des tendances couleurs<br \/>\n2026<\/p>\n<p>Dans le neuvi\u00e8me Interior Designer Trends Survey de 1stDibs,<br \/>\nrelay\u00e9 par Homes et Gardens, le brun chocolat s&rsquo;impose nettement<br \/>\ncomme la star : 33 % des 468 professionnels interrog\u00e9s pr\u00e9voient de<br \/>\nl&rsquo;utiliser en 2026, contre 17 % en 2022. Les m\u00eames donn\u00e9es montrent<br \/>\nque les rouges profonds fa\u00e7on burgundy ou bordeaux passent de 7 %<br \/>\ndes r\u00e9ponses en 2025 \u00e0 21 % pour 2026, signe d&rsquo;un app\u00e9tit croissant<br \/>\npour les nuances sombres et enveloppantes.<\/p>\n<p>\u00c0 travers ces \u00e9tudes et les choix des grandes marques, cinq<br \/>\ngrandes familles de couleurs se d\u00e9tachent pour 2026 :<\/p>\n<ul>\n<li><strong>Bruns chocolat et espresso<\/strong><\/li>\n<li><strong>Rouges bordeaux et prunes<\/strong><\/li>\n<li><strong>Bleus-verts jades<\/strong><\/li>\n<li><strong>Neutres chauds<\/strong> (khaki, greige, blancs doux<br \/>\ncomme Cloud dancer)<\/li>\n<li><strong>Pastels poudr\u00e9s, p\u00eaches et ocres<\/strong><\/li>\n<\/ul>\n<p>Concr\u00e8tement, Real Simple met en avant dans le salon un charcoal<br \/>\npresque architectural, qui sert de toile de fond dramatique et<br \/>\nr\u00e9v\u00e8le des nuances chaudes selon la lumi\u00e8re, ainsi qu&rsquo;un brun<br \/>\nespresso riche et chaleureux, capable de rendre l&rsquo;espace intime<br \/>\nsans rigidit\u00e9. Homes et Gardens \u00e9voque, dans le m\u00eame esprit, des<br \/>\nrouges bordeaux, oxblood ou aubergine plus patin\u00e9s que les rouges<br \/>\nvifs, qui prolongent cette qu\u00eate de profondeur.<\/p>\n<p>Bleus-verts jades et neutres chauds, l&rsquo;autre visage des<br \/>\ntendances couleur 2026<\/p>\n<p>Si la palette 2026 s&rsquo;assombrit, elle reste apaisante. Chez Behr,<br \/>\nla couleur de l&rsquo;ann\u00e9e 2026 N430-6A Hidden Gem est d\u00e9crite comme \u00ab\u00a0un<br \/>\njade fum\u00e9 \u00e0 la fois doux et myst\u00e9rieux\u00a0\u00bb, pr\u00e9cise la marque, cit\u00e9e<br \/>\npar Homes et Gardens. Les experts de WGSN parient sur un<br \/>\nTransformative Teal tr\u00e8s proche, dans la m\u00eame famille de<br \/>\nbleus-verts sereins. Dans la maison, ces teintes deviennent une<br \/>\nporte d&rsquo;entr\u00e9e rassurante vers la couleur, comme le vert gris froid<br \/>\nrep\u00e9r\u00e9 par Real Simple, per\u00e7u comme confortable et intemporel.<\/p>\n<p>Les neutres se r\u00e9chauffent aussi. Sherwin-Williams a choisi<br \/>\nUniversal Khaki SW 6150 comme couleur de l&rsquo;ann\u00e9e 2026, un beige<br \/>\nmoyen que Homes et Gardens d\u00e9crit comme un classique polyvalent.<br \/>\nChez Real Simple, le greige aux sous-tons sableux et le blanc cass\u00e9<br \/>\nchaud enveloppant servent de bases intemporelles, plus<br \/>\naccueillantes que les blancs froids. Pantone pousse cette douceur<br \/>\nencore plus loin avec \u00ab\u00a0Cloud dancer\u00a0\u00bb, nuance de blanc a\u00e9rienne qui<br \/>\n\u00e9voque \u00ab\u00a0un murmure de calme dans un monde bruyant\u00a0\u00bb, comme le d\u00e9crit<br \/>\nPantone, cit\u00e9e par Marie Claire, qui voit d\u00e9j\u00e0 cette teinte<br \/>\ns&rsquo;imposer, \u00e0 commencer sur les ongles.<\/p>\n<p>Pastels, p\u00eache et ocres : des couleurs<br \/>\n2026 faciles \u00e0 adopter au quotidien<\/p>\n<p>Si la page se tourne sur les tons tape-\u00e0-l&rsquo;oeil type Barbie Pink<br \/>\nou Brat Green, leurs cousins adoucis restent recherch\u00e9s. Le rapport<br \/>\n2025 de 1stDibs, cit\u00e9 par Homes et Gardens, montre que les pastels<br \/>\ndoux gagnent en popularit\u00e9 chez les designers, avec un jaune beurre<br \/>\nqui passe de 14 % des r\u00e9ponses en 2024 \u00e0 30 % en 2025, tandis que<br \/>\nbleu bleuet, rose poudr\u00e9 et pistache \u00e9mergent comme choix<br \/>\nfr\u00e9quents. Du c\u00f4t\u00e9 de Real Simple, les designers parient sur des<br \/>\noranges att\u00e9nu\u00e9s et une couleur p\u00eache appel\u00e9e \u00e0 prendre de<br \/>\nl&rsquo;ampleur en 2026, pour apporter une chaleur douce sur un fond de<br \/>\nneutres.<\/p>\n<p>Pour suivre ces cinq tendances sans tout repeindre, mieux vaut<br \/>\navancer par petites touches : un pan de mur brun, un tapis<br \/>\nbleu-vert, quelques coussins bordeaux ou p\u00eache suffisent souvent \u00e0<br \/>\nactualiser un d\u00e9cor et \u00e0 tester sa palette notament.<\/p>\n","protected":false},"excerpt":{"rendered":"Exit les murs gris froid et les verts fluo : les tendances couleurs 2026 virent au sombre, au&hellip;\n","protected":false},"author":2,"featured_media":583881,"comment_status":"","ping_status":"","sticky":false,"template":"","format":"standard","meta":{"footnotes":""},"categories":[1358],"tags":[5734,9638,13041,69718,1348,1384,1385,3917,69716,7334,25373,27576,1805,8117,1386,58,59,2834,12219,1011,27,46380,69717,4743,151,471,69719,18830,6013],"class_list":{"0":"post-583880","1":"post","2":"type-post","3":"status-publish","4":"format-standard","5":"has-post-thumbnail","7":"category-arts-et-design","8":"tag-5734","9":"tag-9638","10":"tag-a","11":"tag-apaisants","12":"tag-arts","13":"tag-arts-and-design","14":"tag-arts-et-design","15":"tag-avant","16":"tag-bruns","17":"tag-chocolat","18":"tag-connaitre","19":"tag-couleur","20":"tag-de","21":"tag-deco","22":"tag-design","23":"tag-divertissement","24":"tag-entertainment","25":"tag-entre","26":"tag-et","27":"tag-fr","28":"tag-france","29":"tag-grandes","30":"tag-jades","31":"tag-la","32":"tag-les","33":"tag-pour","34":"tag-repeindre","35":"tag-tendances","36":"tag-voici"},"share_on_mastodon":{"url":"https:\/\/pubeurope.com\/@fr\/115677509918777473","error":""},"_links":{"self":[{"href":"https:\/\/www.europesays.com\/fr\/wp-json\/wp\/v2\/posts\/583880","targetHints":{"allow":["GET"]}}],"collection":[{"href":"https:\/\/www.europesays.com\/fr\/wp-json\/wp\/v2\/posts"}],"about":[{"href":"https:\/\/www.europesays.com\/fr\/wp-json\/wp\/v2\/types\/post"}],"author":[{"embeddable":true,"href":"https:\/\/www.europesays.com\/fr\/wp-json\/wp\/v2\/users\/2"}],"replies":[{"embeddable":true,"href":"https:\/\/www.europesays.com\/fr\/wp-json\/wp\/v2\/comments?post=583880"}],"version-history":[{"count":0,"href":"https:\/\/www.europesays.com\/fr\/wp-json\/wp\/v2\/posts\/583880\/revisions"}],"wp:featuredmedia":[{"embeddable":true,"href":"https:\/\/www.europesays.com\/fr\/wp-json\/wp\/v2\/media\/583881"}],"wp:attachment":[{"href":"https:\/\/www.europesays.com\/fr\/wp-json\/wp\/v2\/media?parent=583880"}],"wp:term":[{"taxonomy":"category","embeddable":true,"href":"https:\/\/www.europesays.com\/fr\/wp-json\/wp\/v2\/categories?post=583880"},{"taxonomy":"post_tag","embeddable":true,"href":"https:\/\/www.europesays.com\/fr\/wp-json\/wp\/v2\/tags?post=583880"}],"curies":[{"name":"wp","href":"https:\/\/api.w.org\/{rel}","templated":true}]}}