{"id":583882,"date":"2025-12-07T09:12:24","date_gmt":"2025-12-07T09:12:24","guid":{"rendered":"https:\/\/www.europesays.com\/fr\/583882\/"},"modified":"2025-12-07T09:12:24","modified_gmt":"2025-12-07T09:12:24","slug":"animalement-votre-france-3-bernard-montiel-recoit-un-celebre-ecrivain-dans-son-emission-il-a-vendu-plus-de-24-millions-de-livres-dans-le-monde","status":"publish","type":"post","link":"https:\/\/www.europesays.com\/fr\/583882\/","title":{"rendered":"Animalement V\u00f4tre (France 3) : Bernard Montiel re\u00e7oit un c\u00e9l\u00e8bre \u00e9crivain dans son \u00e9mission, il a vendu plus de 24 millions de livres dans le monde"},"content":{"rendered":"<p>                <img loading=\"lazy\" decoding=\"async\" src=\"https:\/\/www.europesays.com\/fr\/wp-content\/uploads\/2025\/04\/121-62909a850c1a7-35x35-1.jpg\" class=\"author-article-picture\" width=\"35\" height=\"35\"\/><\/p>\n<p>                    Par<\/p>\n<p>                                            <a class=\"author-article-bio-link\" href=\"https:\/\/www.purepeople.com\/auteur\/bertrand-bielle_a121\" target=\"_blank\" rel=\"noopener\">Bertrand Bielle<\/a><\/p>\n<p>                    |<\/p>\n<p>                                            Journaliste<\/p>\n<p>\n                Curieux de nature, Bertrand est toujours \u00e0 l\u2019affut du moindre petit scoop. Passionn\u00e9 par le football, il n\u2019est jamais bien loin du ballon rond et de toutes les actualit\u00e9s qui en d\u00e9coulent. Toutefois, l\u2019\u00e9v\u00e8nementiel du showbiz ou de la politique fait \u00e9galement partie de ses recherches journalistiques privil\u00e9gi\u00e9es.\n            <\/p>\n<p>\n    Dans son \u00e9mission \u00ab\u00a0Animalement V\u00f4tre\u00a0\u00bb, Bernard Montiel a accueilli plusieurs personnalit\u00e9s, entre figures de la t\u00e9l\u00e9vision et \u00e9crivains. Ce dimanche 7 d\u00e9cembre, sur France 3, il re\u00e7oit de nouveau un c\u00e9l\u00e8bre auteur, qui a vendu des dizaines de millions d&rsquo;ouvrages \u00e0 travers le monde. De qui s&rsquo;agit-il ?\n<\/p>\n<p>                            <img loading=\"lazy\" decoding=\"async\" class=\"player-thumbnail\" src=\"https:\/\/www.europesays.com\/fr\/wp-content\/uploads\/2025\/12\/53172a481e390b57-580x326-1.jpg\" width=\"580\" height=\"326\"\/><\/p>\n<p>                            Animalement V\u00f4tre (France 3) : Bernard Montiel re\u00e7oit un c\u00e9l\u00e8bre \u00e9crivain dans son \u00e9mission, il a vendu plus de 24 millions de livres dans le monde<\/p>\n<p>La suite apr\u00e8s la publicit\u00e9<\/p>\n<p>Ce dimanche 7 d\u00e9cembre 2025,<a href=\"https:\/\/www.purepeople.com\/article\/bernard-montiel-de-retour-sur-la-chaine-ou-tout-a-commence-pour-lui-qui-sont-les-premiers-invites-de-sa-nouvelle-emission_a544383\/1\" target=\"_blank\" rel=\"noopener\"> Animalement V\u00f4tre<\/a> est de retour sur France 3, \u00e0 partir de 15h45. Une \u00e9mission pr\u00e9sent\u00e9e par<a href=\"https:\/\/www.purepeople.com\/people\/bernard-montiel_p1776\" target=\"_blank\" rel=\"noopener\"> Bernard Montiel<\/a>, qui est pour rappel consacr\u00e9e au bien\u2011\u00eatre animal sous toutes ses formes. Chaque num\u00e9ro m\u00eale reportages de terrain, chroniques pratiques, portraits inspirants et t\u00e9moignages in\u00e9dits. Parmi les chroniqueurs, on retrouve Oli, une influenceuse accompagn\u00e9e de sa chienne Monday, et Rapha\u00ebl Mezrahi,, un com\u00e9dien qui se bat depuis des ann\u00e9es pour la cause animale.<\/p>\n<p>Les premiers invit\u00e9s de l&rsquo;\u00e9mission \u00e9taient Bernard Werber et Alice Pol, suivis de <a href=\"https:\/\/www.purepeople.com\/article\/une-figure-de-la-television-qui-a-refuse-une-sacree-offre-de-sa-chaine-face-a-bernard-montiel-pour-animalement-votre_a545049\/1\" target=\"_blank\" rel=\"noopener\">Caroline Roux, une grande \u00a0journaliste<\/a> bien connue des t\u00e9l\u00e9spectateurs de France T\u00e9l\u00e9visions, puisqu&rsquo;elle est associ\u00e9e \u00e0 C dans l\u2019air depuis 2013 : elle y tient un r\u00f4le de premier plan depuis 2010. Et bien entendu son nom a circul\u00e9 pour succ\u00e9der \u00e0 Anne-Sophie Lapix au 20 heures de France 2, proposition<a href=\"https:\/\/www.purepeople.com\/article\/je-lui-ai-envoye-un-message-caroline-roux-a-refuse-de-presenter-le-jt-de-20-heures-sur-france-2-son-avis-sur-les-debuts-de-lea-salame_a542199\/1\" target=\"_blank\" rel=\"noopener\"> qu\u2019elle a finalement d\u00e9clin\u00e9e<\/a>.\u00a0<\/p>\n<p>Cette fois-ci, Bernard Montiel re\u00e7oit Eric-Emmanuel Schmitt, un \u00e9crivain que l&rsquo;on ne pr\u00e9sente plus, auteurs de livres plus marquants les uns que les autres, entre Oscar et la dame rose, La part de l\u2019autre ainsi que Monsieur Ibrahim et les fleurs du Coran.\u00a0<\/p>\n<p>Eric-Emmanuel Schmitt, un romancier \u00e0 succ\u00e8s entour\u00e9 d&rsquo;animaux<\/p>\n<p>En 2021, Europe 1 indiquait qu&rsquo;il aurait \u00ab\u00a0d\u00e9j\u00e0 vendu 24 millions de livres dans le monde\u00a0\u00bb. Rien que \u00e7a ! En ce qui concerne son amour pour les animaux, ce n&rsquo;est plus quelque chose \u00e0 prouver non plus. En interview, il expliquait \u00eatre entour\u00e9 \u00ab\u00a0de ses trois chiens : Fouki, la m\u00e8re, et ses deux chiots, Lulu et Daphn\u00e9e\u00a0\u00bb. Depuis, il a fait ses adieux \u00e0 Fouki par l&rsquo;interm\u00e9diaire d&rsquo;un \u00e9mouvant message publi\u00e9 sur Facebook.<\/p>\n<\/p>\n<p>\u00ab\u00a0Hier soir, j\u2019ai serr\u00e9 pour la derni\u00e8re fois ma chienne Fouki dans mes bras : je lui parlais doucement, avec le ton rassurant qu\u2019elle aimait, enfantin, tendre, m\u00e9lodieux, en lui prodiguant ses caresses pr\u00e9f\u00e9r\u00e9es. (&#8230;) Je sais qu\u2019elle fut heureuse avec nous. Je me le r\u00e9p\u00e8te pour lutter contre le chagrin. J\u2019essaie de maintenir ces images de bonheur dans mon esprit, je tente de me r\u00e9jouir de ce qui a \u00e9t\u00e9 plut\u00f4t que de regretter ce qui n\u2019est plus.\u00a0\u00bb, avait-il notamment d\u00e9clar\u00e9.<\/p>\n","protected":false},"excerpt":{"rendered":"Par Bertrand Bielle | Journaliste Curieux de nature, Bertrand est toujours \u00e0 l\u2019affut du moindre petit scoop. Passionn\u00e9&hellip;\n","protected":false},"author":2,"featured_media":583883,"comment_status":"","ping_status":"","sticky":false,"template":"","format":"standard","meta":{"footnotes":""},"categories":[1356],"tags":[58,59,1011,27,252,1364],"class_list":{"0":"post-583882","1":"post","2":"type-post","3":"status-publish","4":"format-standard","5":"has-post-thumbnail","7":"category-television","8":"tag-divertissement","9":"tag-entertainment","10":"tag-fr","11":"tag-france","12":"tag-television","13":"tag-tv"},"share_on_mastodon":{"url":"https:\/\/pubeurope.com\/@fr\/115677518721478960","error":""},"_links":{"self":[{"href":"https:\/\/www.europesays.com\/fr\/wp-json\/wp\/v2\/posts\/583882","targetHints":{"allow":["GET"]}}],"collection":[{"href":"https:\/\/www.europesays.com\/fr\/wp-json\/wp\/v2\/posts"}],"about":[{"href":"https:\/\/www.europesays.com\/fr\/wp-json\/wp\/v2\/types\/post"}],"author":[{"embeddable":true,"href":"https:\/\/www.europesays.com\/fr\/wp-json\/wp\/v2\/users\/2"}],"replies":[{"embeddable":true,"href":"https:\/\/www.europesays.com\/fr\/wp-json\/wp\/v2\/comments?post=583882"}],"version-history":[{"count":0,"href":"https:\/\/www.europesays.com\/fr\/wp-json\/wp\/v2\/posts\/583882\/revisions"}],"wp:featuredmedia":[{"embeddable":true,"href":"https:\/\/www.europesays.com\/fr\/wp-json\/wp\/v2\/media\/583883"}],"wp:attachment":[{"href":"https:\/\/www.europesays.com\/fr\/wp-json\/wp\/v2\/media?parent=583882"}],"wp:term":[{"taxonomy":"category","embeddable":true,"href":"https:\/\/www.europesays.com\/fr\/wp-json\/wp\/v2\/categories?post=583882"},{"taxonomy":"post_tag","embeddable":true,"href":"https:\/\/www.europesays.com\/fr\/wp-json\/wp\/v2\/tags?post=583882"}],"curies":[{"name":"wp","href":"https:\/\/api.w.org\/{rel}","templated":true}]}}