{"id":583884,"date":"2025-12-07T09:13:14","date_gmt":"2025-12-07T09:13:14","guid":{"rendered":"https:\/\/www.europesays.com\/fr\/583884\/"},"modified":"2025-12-07T09:13:14","modified_gmt":"2025-12-07T09:13:14","slug":"gamin-je-revais-detre-guitar-hero-francis-cabrel-prepare-son-prochain-album-le-parisien","status":"publish","type":"post","link":"https:\/\/www.europesays.com\/fr\/583884\/","title":{"rendered":"\u00ab Gamin, je r\u00eavais d\u2019\u00eatre guitar hero \u00bb : Francis Cabrel pr\u00e9pare son prochain album &#8211; Le Parisien"},"content":{"rendered":"<ol>\n<li><a href=\"https:\/\/news.google.com\/rss\/articles\/CBMi-wFBVV95cUxQa0YtaHFJaVRZYlcxZzFEX0IxaVIxNDZJV1NiVkF2ekxCSWFJMEgwZW1qUTJJc2hYa0YwV05ZUFM1Qmh0RmxOYWRJeEhsN2ZRcS0tX1ByUEpDYnBxQUZXcmFTeVVuVnE0N1dmZEt5WU03UUlsM2xHRi1GcWwxMVBUSlJoSU5mT3pkUjA5MF9GRXhDYVhSYzV2VGxTZWdUX1RldGRISUNNNEhRcFFiZTQyNU00WGljYmMxaXVwYmdHVkNndmhWUW1FRjNUNVBnaW1wSTJVWS1HWTR4dzAwSkx1TUtPcEVmUUNGc3psTVBFakxxZEFtbms0bTg5NA?oc=5\" target=\"_blank\" rel=\"noopener\">\u00ab Gamin, je r\u00eavais d\u2019\u00eatre guitar hero \u00bb : Francis Cabrel pr\u00e9pare son prochain album<\/a>&nbsp;&nbsp;Le Parisien<\/li>\n<li><a href=\"https:\/\/news.google.com\/rss\/articles\/CBMijAJBVV95cUxNZW8yRVFNb0VsSGd3Yk5Gc2dsVHR1azM2a0Y0c3ZhaGRNWVJadE1lTG11NmZXSFlZTXNfYWRUNWhsQkJWUG1fOEZ4bkk3QWJWYmNsYWVjUXk2RWF3MEtVdUpDSDdEWUl5czBEVkRzMHdvbFNEaG9GSDB6S0hodW05ZkJFNXZHTFZQQ25tRWN6SUEzelRYY1pVMU1MUGpRYXh6bVcwNzFjSXNFNWh6aW5vWHpGZml4N2dOeU1wM0VNcXp4ZHo2ckk3cHNRZzNESTVzZk1MZVgwN2lvaVBmbTZXWmJkcmloajR2Vzk0WWIwY1N0QXVHQ1RyNzhfLXFpYVlVLTN0aGdvMHJObFdx?oc=5\" target=\"_blank\" rel=\"noopener\">\u00ab J\u2019avance \u00bb : Francis Cabrel confie vouloir sortir un album en 2027 pour c\u00e9l\u00e9brer ses 50 ans de carri\u00e8re<\/a>&nbsp;&nbsp;Ouest-France<\/li>\n<li><a href=\"https:\/\/news.google.com\/rss\/articles\/CBMi_gFBVV95cUxQV3Y3b051N0c2akZJYlRuZ0VzUnllcGhvc1JkMkhva2w1TlFzOTg4bVdBc2VwMnZVQ1Z1NTZGM2xieUhkTWZRdndpS0hhc05SUGUyVXVVZzd0VHVWMUdDR3dRaHNaY0hKcGluMXVhejh0YmFONThTSGx3Z0ktMnpNVnlSQVZEZFVzd3EyQ1lOZTl1VnRidUg0Rmg5c0ppaC10YXFtRDVtQUdOX1I2UmRvelUzUi1vbkJBUVI5TFdSaVpiY01raUJhM3QweWlyek9CVTY3cHA0MUFTaUc3eEsyODdxS3NzQzVhOFd1NGVuQ3owOXNYTGJLNGxxSVF1dw?oc=5\" target=\"_blank\" rel=\"noopener\">INFO BFMTV. \u00ab\u00a0C&rsquo;est d\u00e9j\u00e0 en route\u00a0\u00bb: Francis Cabrel annonce vouloir sortir un nouvel album \u00ab\u00a0dans les prochaines ann\u00e9es\u00a0\u00bb<\/a>&nbsp;&nbsp;BFM<\/li>\n<li><a href=\"https:\/\/news.google.com\/rss\/articles\/CBMiwwFBVV95cUxQazJWV2VzMW9iSGpBa2dSUzZ6NVdVVkRmRG5KenlQbHdXajFnRDA0MldmTWlEUkRnSlFrcTc2cEhva0lsLV8zMHR1VkUzdm5ZMlkyek92NmpuZjFxNktvTzFzRHczeXlEUVh0czJZaWVmXy1SaUFJdjRnNmthOTFPQ3ZGcUFtaFhSeC1hT2tLTnlfUHlFSklMR1B1U2NRbXFmYVNoQ19zRm9nZkhXcUN3SXFESkNMYlRjSE90UV9xV1FJYjA?oc=5\" target=\"_blank\" rel=\"noopener\">Francis Cabrel : un demi-si\u00e8cle de musique et d&rsquo;\u00e9motions, retour sur un parcours exceptionnel<\/a>&nbsp;&nbsp;pointsud.ca<\/li>\n<li><a href=\"https:\/\/news.google.com\/rss\/articles\/CBMitgFBVV95cUxNd1lmOTlGRTBIQnl5RmkzVktROUV3bXRBODdaOTNkMkRsQkR4U3hhbndDemtNWWlGV2plaXN3LWVPTXQtN082SVp5Wi1NRDhxMkJLRThRR255a2JlVzBoNUlzcXp2Y19iYkJkWG52ZzVDRWRhaDlFWlpmTG5qU3RUbmhIUDZFbXo5WXB0RXJfdHRhUm5mU04wNW03ajYxbzNXb29fVDBoVXhkdzNsTkxWWXhDcFlydw?oc=5\" target=\"_blank\" rel=\"noopener\">\u00ab\u00a0C&rsquo;est d\u00e9j\u00e0 en route, et\u2026\u00a0\u00bb : Francis Cabrel se confie pour ses 50 ans de carri\u00e8re<\/a>&nbsp;&nbsp;Melty<\/li>\n<\/ol>\n","protected":false},"excerpt":{"rendered":"\u00ab Gamin, je r\u00eavais d\u2019\u00eatre guitar hero \u00bb : Francis Cabrel pr\u00e9pare son prochain album&nbsp;&nbsp;Le Parisien \u00ab J\u2019avance&hellip;\n","protected":false},"author":2,"featured_media":395849,"comment_status":"","ping_status":"","sticky":false,"template":"","format":"standard","meta":{"footnotes":""},"categories":[1355],"tags":[58,59,1011,27,1361,873],"class_list":{"0":"post-583884","1":"post","2":"type-post","3":"status-publish","4":"format-standard","5":"has-post-thumbnail","7":"category-musique","8":"tag-divertissement","9":"tag-entertainment","10":"tag-fr","11":"tag-france","12":"tag-music","13":"tag-musique"},"share_on_mastodon":{"url":"https:\/\/pubeurope.com\/@fr\/115677521786941984","error":""},"_links":{"self":[{"href":"https:\/\/www.europesays.com\/fr\/wp-json\/wp\/v2\/posts\/583884","targetHints":{"allow":["GET"]}}],"collection":[{"href":"https:\/\/www.europesays.com\/fr\/wp-json\/wp\/v2\/posts"}],"about":[{"href":"https:\/\/www.europesays.com\/fr\/wp-json\/wp\/v2\/types\/post"}],"author":[{"embeddable":true,"href":"https:\/\/www.europesays.com\/fr\/wp-json\/wp\/v2\/users\/2"}],"replies":[{"embeddable":true,"href":"https:\/\/www.europesays.com\/fr\/wp-json\/wp\/v2\/comments?post=583884"}],"version-history":[{"count":0,"href":"https:\/\/www.europesays.com\/fr\/wp-json\/wp\/v2\/posts\/583884\/revisions"}],"wp:featuredmedia":[{"embeddable":true,"href":"https:\/\/www.europesays.com\/fr\/wp-json\/wp\/v2\/media\/395849"}],"wp:attachment":[{"href":"https:\/\/www.europesays.com\/fr\/wp-json\/wp\/v2\/media?parent=583884"}],"wp:term":[{"taxonomy":"category","embeddable":true,"href":"https:\/\/www.europesays.com\/fr\/wp-json\/wp\/v2\/categories?post=583884"},{"taxonomy":"post_tag","embeddable":true,"href":"https:\/\/www.europesays.com\/fr\/wp-json\/wp\/v2\/tags?post=583884"}],"curies":[{"name":"wp","href":"https:\/\/api.w.org\/{rel}","templated":true}]}}