{"id":583896,"date":"2025-12-07T09:20:20","date_gmt":"2025-12-07T09:20:20","guid":{"rendered":"https:\/\/www.europesays.com\/fr\/583896\/"},"modified":"2025-12-07T09:20:20","modified_gmt":"2025-12-07T09:20:20","slug":"plusieurs-dizaines-de-morts-apres-une-attaque-de-drones-menee-par-des-paramilitaires-dans-le-sud-du-pays","status":"publish","type":"post","link":"https:\/\/www.europesays.com\/fr\/583896\/","title":{"rendered":"plusieurs dizaines de morts apr\u00e8s une attaque de drones men\u00e9e par des paramilitaires dans le sud du pays"},"content":{"rendered":"<p>                      <img loading=\"lazy\" decoding=\"async\" src=\"https:\/\/www.europesays.com\/fr\/wp-content\/uploads\/2025\/12\/452417e_2024-10-29t101505z-1549666198-rc29uaakwkk2-rtrmadp-3-sudan-politics-un.JPG\" alt=\"A Khartoum, le 22\u00a0juin 2019.\"   width=\"664\" height=\"443\"\/>    A Khartoum, le 22\u00a0juin 2019.  UMIT BEKTAS \/ REUTERS                        <\/p>\n<p class=\"article__paragraph  \">Une attaque men\u00e9e jeudi 4\u00a0d\u00e9cembre par drones des paramilitaires contre la ville de Kalogi, contr\u00f4l\u00e9e par l\u2019arm\u00e9e, dans l\u2019Etat du Sud-Kordofan au Soudan, a tu\u00e9 des dizaines de civils, dont des enfants, a d\u00e9clar\u00e9 un responsable local \u00e0 l\u2019Agence France-Presse, dimanche 7\u00a0d\u00e9cembre.<\/p>\n<p>                                          Lire aussi |  Article r\u00e9serv\u00e9 \u00e0 nos abonn\u00e9s  <a href=\"https:\/\/www.lemonde.fr\/afrique\/article\/2025\/12\/03\/au-soudan-les-familles-brisees-d-el-fasher-racontent-le-massacre-de-masse-les-fsr-tuaient-les-gens-a-bout-portant-dans-leurs-maisons_6655785_3212.html\" class=\"js-article-read-also catcher--favoris__link\" data-premium=\"1\" id=\"article-title-3448813\" target=\"_blank\" rel=\"noopener\">Au Soudan, les familles bris\u00e9es d\u2019El-Fasher racontent le massacre\u00a0: \u00ab\u00a0Les FSR tuaient les gens \u00e0 bout portant dans leurs maisons\u00a0\u00bb<\/a>    <\/p>\n<p>   Lire plus tard  <\/p>\n<p class=\"article__paragraph  \">Trois frappes ont \u00e9t\u00e9 men\u00e9es lors de cette attaque touchant \u00ab\u00a0d\u2019abord une \u00e9cole maternelle, puis un h\u00f4pital\u00a0\u00bb, puis \u00ab\u00a0des personnes qui tentaient de secourir les enfants\u00a0\u00bb, a d\u00e9clar\u00e9 Essam Al-Din Al-Sayed, chef de l\u2019unit\u00e9 administrative de Kalogi. Il a imput\u00e9 l\u2019attaque aux Forces de soutien rapide (FSR), <a href=\"https:\/\/podcasts.lemonde.fr\/lheure-du-monde\/202511130300-soudan-la-pire-crise-humanitaire-au-monde\" target=\"_blank\" rel=\"noopener\" title=\"Nouvelle fen\u00eatre\">en guerre avec l\u2019arm\u00e9e depuis avril\u00a02023<\/a>, et \u00e0 leurs alli\u00e9s du Mouvement populaire de lib\u00e9ration du Soudan-Nord, dirig\u00e9 par Abdelaziz Al-Hilu.<\/p>\n<p class=\"article__paragraph  \"><a href=\"https:\/\/www.unicef.org\/press-releases\/more-10-children-reportedly-killed-attack-kindergarten-south-kordofan-sudan\" target=\"_blank\" rel=\"noopener\" title=\"Nouvelle fen\u00eatre\">L\u2019agence des Nations unies pour l\u2019enfance avait d\u00e9clar\u00e9<\/a>, jeudi, que l\u2019attaque avait tu\u00e9 plus de dix enfants \u00e2g\u00e9s de 5 \u00e0 7\u00a0ans, tandis que le minist\u00e8re des affaires \u00e9trang\u00e8res, align\u00e9 sur l\u2019arm\u00e9e, a estim\u00e9 le nombre de morts \u00e0 79, dont 43 enfants. La v\u00e9rification ind\u00e9pendante des informations provenant de la r\u00e9gion du Kordofan reste difficile en raison des restrictions d\u2019acc\u00e8s et de l\u2019ins\u00e9curit\u00e9 persistante.<\/p>\n<p>                  Pire crise humanitaire du monde                  <\/p>\n<p class=\"article__paragraph  \">\u00ab\u00a0Tuer des enfants dans leur \u00e9cole est une violation horrible des droits de l\u2019enfant\u00a0\u00bb, avait d\u00e9nonc\u00e9 Sheldon Yett, repr\u00e9sentant de l\u2019Unicef au Soudan, exhortant toutes les parties \u00e0 cesser les attaques et \u00e0 permettre l\u2019acc\u00e8s humanitaire.<\/p>\n<p class=\"article__paragraph  \"><a href=\"https:\/\/www.lemonde.fr\/afrique\/article\/2025\/11\/10\/soudan-apres-la-chute-d-el-fasher-au-darfour-la-bataille-pour-le-controle-du-kordofan_6652945_3212.html\" target=\"_blank\" rel=\"noopener\">Apr\u00e8s avoir pris fin octobre El-Fasher, <\/a>dernier bastion de l\u2019arm\u00e9e dans l\u2019ouest du Soudan, les FSR ont pouss\u00e9 leur offensive dans la r\u00e9gion p\u00e9trolif\u00e8re du Kordofan, plus \u00e0 l\u2019est. Selon l\u2019ONU, plus de 40\u00a0000 personnes ont fui la r\u00e9gion au cours du mois dernier.<\/p>\n<p class=\"article__paragraph  \">Selon les analystes, la pouss\u00e9e des paramilitaires vise \u00e0 briser l\u2019arc d\u00e9fensif de l\u2019arm\u00e9e autour du centre du Soudan et \u00e0 pr\u00e9parer le terrain pour tenter de reprendre les grandes villes, dont Khartoum, reprise par l\u2019arm\u00e9e au printemps.<\/p>\n<p class=\"article__paragraph  \">Depuis avril\u00a02023, les combats au Soudan ont fait des dizaines de milliers de morts, forc\u00e9 le d\u00e9placement de 12\u00a0millions de personnes et plong\u00e9 le pays dans la pire crise humanitaire au monde, selon l\u2019ONU.<\/p>\n<p>                                     Lire aussi |  Article r\u00e9serv\u00e9 \u00e0 nos abonn\u00e9s  <a href=\"https:\/\/www.lemonde.fr\/afrique\/article\/2025\/11\/07\/soudan-a-el-fasher-les-paramilitaires-tentent-d-effacer-les-traces-de-leurs-crimes_6652541_3212.html\" class=\"js-article-read-also catcher--favoris__link\" data-premium=\"1\" id=\"article-title-3445521\" target=\"_blank\" rel=\"noopener\">A El-Fasher, au Soudan, les paramilitaires tentent d\u2019effacer les traces de leurs crimes<\/a>    <\/p>\n<p>   Lire plus tard  <\/p>\n<p class=\"author__detail\">  Le Monde avec AFP  <\/p>\n<p>                <a href=\"https:\/\/www.lemonde.fr\/syndication\/\" class=\"reuse__content\" title=\"R\u00e9utiliser ce contenu\" target=\"_blank\" rel=\"noopener\">R\u00e9utiliser ce contenu<\/a>      <\/p>\n","protected":false},"excerpt":{"rendered":"A Khartoum, le 22\u00a0juin 2019. UMIT BEKTAS \/ REUTERS Une attaque men\u00e9e jeudi 4\u00a0d\u00e9cembre par drones des paramilitaires&hellip;\n","protected":false},"author":2,"featured_media":583897,"comment_status":"","ping_status":"","sticky":false,"template":"","format":"standard","meta":{"footnotes":""},"categories":[5],"tags":[11,1011,27,14,12,28],"class_list":{"0":"post-583896","1":"post","2":"type-post","3":"status-publish","4":"format-standard","5":"has-post-thumbnail","7":"category-international","8":"tag-actualites","9":"tag-fr","10":"tag-france","11":"tag-international","12":"tag-news","13":"tag-world"},"share_on_mastodon":{"url":"https:\/\/pubeurope.com\/@fr\/115677549521996945","error":""},"_links":{"self":[{"href":"https:\/\/www.europesays.com\/fr\/wp-json\/wp\/v2\/posts\/583896","targetHints":{"allow":["GET"]}}],"collection":[{"href":"https:\/\/www.europesays.com\/fr\/wp-json\/wp\/v2\/posts"}],"about":[{"href":"https:\/\/www.europesays.com\/fr\/wp-json\/wp\/v2\/types\/post"}],"author":[{"embeddable":true,"href":"https:\/\/www.europesays.com\/fr\/wp-json\/wp\/v2\/users\/2"}],"replies":[{"embeddable":true,"href":"https:\/\/www.europesays.com\/fr\/wp-json\/wp\/v2\/comments?post=583896"}],"version-history":[{"count":0,"href":"https:\/\/www.europesays.com\/fr\/wp-json\/wp\/v2\/posts\/583896\/revisions"}],"wp:featuredmedia":[{"embeddable":true,"href":"https:\/\/www.europesays.com\/fr\/wp-json\/wp\/v2\/media\/583897"}],"wp:attachment":[{"href":"https:\/\/www.europesays.com\/fr\/wp-json\/wp\/v2\/media?parent=583896"}],"wp:term":[{"taxonomy":"category","embeddable":true,"href":"https:\/\/www.europesays.com\/fr\/wp-json\/wp\/v2\/categories?post=583896"},{"taxonomy":"post_tag","embeddable":true,"href":"https:\/\/www.europesays.com\/fr\/wp-json\/wp\/v2\/tags?post=583896"}],"curies":[{"name":"wp","href":"https:\/\/api.w.org\/{rel}","templated":true}]}}