{"id":583899,"date":"2025-12-07T09:23:14","date_gmt":"2025-12-07T09:23:14","guid":{"rendered":"https:\/\/www.europesays.com\/fr\/583899\/"},"modified":"2025-12-07T09:23:14","modified_gmt":"2025-12-07T09:23:14","slug":"lelection-du-nouveau-maire-encore-decalee","status":"publish","type":"post","link":"https:\/\/www.europesays.com\/fr\/583899\/","title":{"rendered":"l&rsquo;\u00e9lection du nouveau maire encore d\u00e9cal\u00e9e"},"content":{"rendered":"\n<p>\u00a0<\/p>\n<p>L\u2019\u00e9lection du nouveau maire de Saint-\u00c9tienne est report\u00e9e au <strong>jeudi 11 d\u00e9cembre<\/strong>. Initialement pr\u00e9vue <strong>mercredi<\/strong>, elle a \u00e9t\u00e9 d\u00e9cal\u00e9e pour respecter <strong>le d\u00e9lai l\u00e9gal de convocation<\/strong> apr\u00e8s un probl\u00e8me technique. Cette s\u00e9ance extraordinaire du conseil municipal d\u00e9signera le successeur de <strong>Ga\u00ebl Perdriau<\/strong>, condamn\u00e9 lundi \u00e0 cinq ans de prison dont quatre ferme et cinq ans d\u2019in\u00e9ligibilit\u00e9 dans l\u2019affaire du chantage \u00e0 la sextape. Deux candidats sont en lice : <strong>Marc Chassaub\u00e9n\u00e9<\/strong>, adjoint \u00e0 la culture soutenu par Perdriau, et <strong>Jean-Pierre Berger<\/strong>, premier adjoint. Le futur maire dirigera la Ville jusqu\u2019aux municipales de mars prochain, dans un contexte politique tr\u00e8s tendu.<\/p>\n<p>\u00a0<\/p>\n","protected":false},"excerpt":{"rendered":"\u00a0 L\u2019\u00e9lection du nouveau maire de Saint-\u00c9tienne est report\u00e9e au jeudi 11 d\u00e9cembre. Initialement pr\u00e9vue mercredi, elle a&hellip;\n","protected":false},"author":2,"featured_media":583900,"comment_status":"","ping_status":"","sticky":false,"template":"","format":"standard","meta":{"footnotes":""},"categories":[9653],"tags":[1111,11,2430,1777,674,1011,27,12,25,4001],"class_list":{"0":"post-583899","1":"post","2":"type-post","3":"status-publish","4":"format-standard","5":"has-post-thumbnail","7":"category-saint-etienne","8":"tag-actu","9":"tag-actualites","10":"tag-auvergne-rhone-alpes","11":"tag-eu","12":"tag-europe","13":"tag-fr","14":"tag-france","15":"tag-news","16":"tag-republique-francaise","17":"tag-saint-etienne"},"share_on_mastodon":{"url":"https:\/\/pubeurope.com\/@fr\/115677561120420091","error":""},"_links":{"self":[{"href":"https:\/\/www.europesays.com\/fr\/wp-json\/wp\/v2\/posts\/583899","targetHints":{"allow":["GET"]}}],"collection":[{"href":"https:\/\/www.europesays.com\/fr\/wp-json\/wp\/v2\/posts"}],"about":[{"href":"https:\/\/www.europesays.com\/fr\/wp-json\/wp\/v2\/types\/post"}],"author":[{"embeddable":true,"href":"https:\/\/www.europesays.com\/fr\/wp-json\/wp\/v2\/users\/2"}],"replies":[{"embeddable":true,"href":"https:\/\/www.europesays.com\/fr\/wp-json\/wp\/v2\/comments?post=583899"}],"version-history":[{"count":0,"href":"https:\/\/www.europesays.com\/fr\/wp-json\/wp\/v2\/posts\/583899\/revisions"}],"wp:featuredmedia":[{"embeddable":true,"href":"https:\/\/www.europesays.com\/fr\/wp-json\/wp\/v2\/media\/583900"}],"wp:attachment":[{"href":"https:\/\/www.europesays.com\/fr\/wp-json\/wp\/v2\/media?parent=583899"}],"wp:term":[{"taxonomy":"category","embeddable":true,"href":"https:\/\/www.europesays.com\/fr\/wp-json\/wp\/v2\/categories?post=583899"},{"taxonomy":"post_tag","embeddable":true,"href":"https:\/\/www.europesays.com\/fr\/wp-json\/wp\/v2\/tags?post=583899"}],"curies":[{"name":"wp","href":"https:\/\/api.w.org\/{rel}","templated":true}]}}