{"id":583901,"date":"2025-12-07T09:24:17","date_gmt":"2025-12-07T09:24:17","guid":{"rendered":"https:\/\/www.europesays.com\/fr\/583901\/"},"modified":"2025-12-07T09:24:17","modified_gmt":"2025-12-07T09:24:17","slug":"saint-etienne-un-jeune-homme-interpelle-pendant-le-festival-dystopia-pour-une-agression-sexuelle","status":"publish","type":"post","link":"https:\/\/www.europesays.com\/fr\/583901\/","title":{"rendered":"Saint-\u00c9tienne\u00a0: un jeune homme interpell\u00e9 pendant le festival Dystopia pour une agression sexuelle"},"content":{"rendered":"<p>La police a interpell\u00e9 dans la nuit de vendredi \u00e0 samedi un homme de 20 ans lors du festival Dystopia \u00e0 Saint-\u00c9tienne. Une jeune femme a d\u00e9nonc\u00e9 une agression sexuelle. Une enqu\u00eate est en cours.<\/p>\n<p>Un jeune homme de 20 ans a \u00e9t\u00e9 arr\u00eat\u00e9 en plein festival Dystopia \u00e0 Saint-\u00c9tienne. L&rsquo;\u00e9v\u00e9nement a lieu tout le week-end au parc des expos boulevard Jules-Janin. Dans la nuit de vendredi \u00e0 samedi, vers 1 heures du matin, une jeune femme d\u00e9nonce une agression sexuelle aux agents de s\u00e9curit\u00e9 pr\u00e9sents. Selon la police, la femme, d&rsquo;une vingtaine d&rsquo;ann\u00e9es \u00e9galement, explique que <strong>le jeune homme lui a caress\u00e9 la poitrine<\/strong>. Elle d\u00e9signe l&rsquo;individu.<\/p>\n<p>Plac\u00e9 en garde \u00e0 vue<\/p>\n<p>L&rsquo;homme, ivre, est d&rsquo;abord ma\u00eetris\u00e9 par les agents de s\u00e9curit\u00e9 puis la police l&rsquo;interpelle. Au commissariat, il est plac\u00e9 <strong>en cellule de d\u00e9grisement<\/strong> puis en garde \u00e0 vue. \u00c0 l&rsquo;issue de cette garde \u00e0 vue, le jeune homme est ressorti libre dans l&rsquo;attente de la suite de la proc\u00e9dure. Une enqu\u00eate est en cours.<\/p>\n","protected":false},"excerpt":{"rendered":"La police a interpell\u00e9 dans la nuit de vendredi \u00e0 samedi un homme de 20 ans lors du&hellip;\n","protected":false},"author":2,"featured_media":583902,"comment_status":"","ping_status":"","sticky":false,"template":"","format":"standard","meta":{"footnotes":""},"categories":[9653],"tags":[1111,11,2430,1777,674,1011,27,12,25,4001],"class_list":{"0":"post-583901","1":"post","2":"type-post","3":"status-publish","4":"format-standard","5":"has-post-thumbnail","7":"category-saint-etienne","8":"tag-actu","9":"tag-actualites","10":"tag-auvergne-rhone-alpes","11":"tag-eu","12":"tag-europe","13":"tag-fr","14":"tag-france","15":"tag-news","16":"tag-republique-francaise","17":"tag-saint-etienne"},"share_on_mastodon":{"url":"https:\/\/pubeurope.com\/@fr\/115677565071157295","error":""},"_links":{"self":[{"href":"https:\/\/www.europesays.com\/fr\/wp-json\/wp\/v2\/posts\/583901","targetHints":{"allow":["GET"]}}],"collection":[{"href":"https:\/\/www.europesays.com\/fr\/wp-json\/wp\/v2\/posts"}],"about":[{"href":"https:\/\/www.europesays.com\/fr\/wp-json\/wp\/v2\/types\/post"}],"author":[{"embeddable":true,"href":"https:\/\/www.europesays.com\/fr\/wp-json\/wp\/v2\/users\/2"}],"replies":[{"embeddable":true,"href":"https:\/\/www.europesays.com\/fr\/wp-json\/wp\/v2\/comments?post=583901"}],"version-history":[{"count":0,"href":"https:\/\/www.europesays.com\/fr\/wp-json\/wp\/v2\/posts\/583901\/revisions"}],"wp:featuredmedia":[{"embeddable":true,"href":"https:\/\/www.europesays.com\/fr\/wp-json\/wp\/v2\/media\/583902"}],"wp:attachment":[{"href":"https:\/\/www.europesays.com\/fr\/wp-json\/wp\/v2\/media?parent=583901"}],"wp:term":[{"taxonomy":"category","embeddable":true,"href":"https:\/\/www.europesays.com\/fr\/wp-json\/wp\/v2\/categories?post=583901"},{"taxonomy":"post_tag","embeddable":true,"href":"https:\/\/www.europesays.com\/fr\/wp-json\/wp\/v2\/tags?post=583901"}],"curies":[{"name":"wp","href":"https:\/\/api.w.org\/{rel}","templated":true}]}}