{"id":583905,"date":"2025-12-07T09:26:13","date_gmt":"2025-12-07T09:26:13","guid":{"rendered":"https:\/\/www.europesays.com\/fr\/583905\/"},"modified":"2025-12-07T09:26:13","modified_gmt":"2025-12-07T09:26:13","slug":"lex-gardien-de-but-de-lasnl-et-du-fc-sochaux-baptiste-valette-acquitte","status":"publish","type":"post","link":"https:\/\/www.europesays.com\/fr\/583905\/","title":{"rendered":"l&rsquo;ex-gardien de but de l&rsquo;ASNL et du FC Sochaux, Baptiste Valette, acquitt\u00e9"},"content":{"rendered":"<p>Il est 16h30 ce mercredi et son \u00e9pouse, secou\u00e9e par les sanglots, \u00e9treint longuement Baptiste Valette. Apr\u00e8s trois heures de d\u00e9lib\u00e9r\u00e9, la cour criminelle d\u00e9partementale de Meurthe-et-Moselle vient de rendre son verdict. Au terme de trois jours de proc\u00e8s, l\u2019ancien gardien de but de l\u2019ASNL, dont il a d\u00e9fendu la cage entre\u00a02019 et\u00a02022, est acquitt\u00e9.<\/p>\n<p>Il \u00e9tait jug\u00e9 pour \u00ab\u00a0viol aggrav\u00e9\u00a0\u00bb (en \u00e9tat d\u2019ivresse) et encourait jusqu\u2019\u00e0 20 ann\u00e9es de r\u00e9clusion criminelle. <a href=\"https:\/\/www.estrepublicain.fr\/faits-divers-justice\/2025\/12\/03\/viol-a-nancy-8-ans-ferme-avec-mandat-de-depot-requis-a-l-encontre-de-baptiste-valette\" target=\"_blank\" rel=\"noopener\">Au terme de ses r\u00e9quisitions<\/a>, ce mercredi matin, l\u2019avocat g\u00e9n\u00e9ral avait r\u00e9clam\u00e9 huit ans d\u2019emprisonnement, avec mandat de d\u00e9p\u00f4t.<\/p>\n<p>Baptiste Valette, aujourd\u2019hui \u00e2g\u00e9 de 33 ans, avait eu une relation sexuelle avec Lorraine (NDLR\u00a0: pr\u00e9nom modifi\u00e9) au petit matin du 15\u00a0d\u00e9cembre 2019, dans un recoin entre la place Stanislas et le parc de la P\u00e9pini\u00e8re, \u00e0 Nancy. L\u2019ex-joueur de l\u2019ASNL avait \u00e9voqu\u00e9 une relation consentie. La jeune fille, \u00e2g\u00e9e au moment des faits de 18 ans, un viol.<\/p>\n<p>\u00ab\u00a0Conscience de se livrer \u00e0 un acte de plaisir extorqu\u00e9\u00a0\u00bb<\/p>\n<p>\u00ab\u00a0Les d\u00e9clarations de Baptiste Valette ont \u00e9t\u00e9 \u00e9volutives par rapport aux \u00e9l\u00e9ments vers\u00e9s en proc\u00e9dure\u00a0\u00bb, a not\u00e9 Mohager Benmerouche, l\u2019avocat g\u00e9n\u00e9ral, lors de ses r\u00e9quisitions. \u00ab\u00a0J\u2019entends qu\u2019on puisse voir un signe dans un baiser langoureux et une danse suggestive. Mais ces derniers ont-ils vocation \u00e0 basculer n\u00e9cessairement vers le co\u00eft\u00a0? Non\u00a0\u00bb.<\/p>\n<p>\u00ab\u00a0La jeune fille a express\u00e9ment exprim\u00e9 son refus quand il l\u2019a plaqu\u00e9e contre la vitrine du restaurant\u00a0\u00bb, assure le magistrat du parquet. \u00ab\u00a0Malgr\u00e9 ce refus, il lui a impos\u00e9 une p\u00e9n\u00e9tration vaginale. Dans ce que d\u00e9crit Lorraine, tout est contrainte, tout est surprise. Elle a refus\u00e9 la p\u00e9n\u00e9tration anale. Baptiste Valette avait donc conscience de se livrer \u00e0 un acte de plaisir extorqu\u00e9 et non pas un acte de partage\u00a0\u00bb.<\/p>\n<p>Peu avant, Me St\u00e9phane Mass\u00e9, conseil de la plaignante, avait relev\u00e9 que l\u2019\u00e9tat de choc de sa cliente avait \u00e9t\u00e9 \u00e9tabli, qu\u2019il existait \u00ab\u00a0un stress post-traumatique\u00a0\u00bb\u00a0: \u00ab\u00a0La p\u00e9n\u00e9tration anale dont fait \u00e9tat ma cliente n\u2019a \u00e9t\u00e9 reconnue par Baptiste Valette qu\u2019en fin d\u2019instruction quand les \u00e9l\u00e9ments m\u00e9dico-l\u00e9gaux sont rentr\u00e9s au dossier. Et l\u2019accus\u00e9 a dit \u00e0 l\u2019expert psychologue que Lorraine n\u2019avait pas voulu cette p\u00e9n\u00e9tration anale. Si elle ne l\u2019a pas voulu, c\u2019est bien qu\u2019elle a exprim\u00e9 son refus\u2026\u00a0\u00bb.<\/p>\n<p>\u00ab\u00a0Le consentement, extraordinairement complexe\u00a0\u00bb<\/p>\n<p>La plaidoirie de Me Caroline Toby, qui a plaid\u00e9 l\u2019acquittement, est \u00e0 montrer dans les \u00e9coles d\u2019avocat. \u00ab\u00a0Si cette affaire \u00e9tait intervenue il y a trente ans, il n\u2019y aurait pas eu de proc\u00e8s mais la justice \u00e9pouse l\u2019\u00e9volution de la soci\u00e9t\u00e9\u00a0\u00bb, glisse la p\u00e9naliste parisienne. \u00ab\u00a0Cette notion de <a href=\"https:\/\/www.estrepublicain.fr\/faits-divers-justice\/2025\/12\/01\/juge-pour-viol-baptiste-valette-l-ex-goal-de-l-asnl-evoque-une-relation-consentie\" target=\"_blank\" rel=\"noopener\">consentement<\/a> a atteint des proportions extraordinairement complexes. Ce n\u2019est pas un viol par contrainte ou surprise. Ce n\u2019est pas \u00e7a qui s\u2019est pass\u00e9. Le terme de viol, ici, est radicalement faux. Mon client n\u2019est pas un pervers, un abuseur de femmes.\u00a0\u00bb<\/p>\n<p>Pour l\u2019avocate, \u00ab\u00a0cette affaire repose sur l\u2019alchimie des sentiments. Seconde apr\u00e8s seconde. Nous sommes ce soir-l\u00e0 dans une tension sexuelle croissante. Les deux partenaires se jouent un jeu de s\u00e9duction. On parle l\u00e0 d\u2019une jeune femme qui danse en frottant ses fesses sur le p\u00e9nis de mon client, qui \u00e9change avec lui des baisers langoureux. Elle n\u2019a pas clairement dit \u201cJe ne veux pas\u201d. Je ne dis pas qu\u2019elle a menti, je dis simplement que ce qu\u2019elle a v\u00e9cu ce soir-l\u00e0 a tenu \u00e0 sa propre volont\u00e9. Elle n\u2019est pas devenue l\u2019objet de Baptiste Valette. Ce dernier vous demande pardon, Mademoiselle, mais il ne vous a pas viol\u00e9e. Et l\u2019acquittement ne sera pas la n\u00e9gation de votre souffrance\u00a0\u00bb.<\/p>\n","protected":false},"excerpt":{"rendered":"Il est 16h30 ce mercredi et son \u00e9pouse, secou\u00e9e par les sanglots, \u00e9treint longuement Baptiste Valette. Apr\u00e8s trois&hellip;\n","protected":false},"author":2,"featured_media":583906,"comment_status":"","ping_status":"","sticky":false,"template":"","format":"standard","meta":{"footnotes":""},"categories":[9635],"tags":[1111,11,3703,1777,674,274,14186,1011,27,775,1702,12,11058,3456,25,14185,1700],"class_list":{"0":"post-583905","1":"post","2":"type-post","3":"status-publish","4":"format-standard","5":"has-post-thumbnail","7":"category-nancy","8":"tag-actu","9":"tag-actualites","10":"tag-asnl","11":"tag-eu","12":"tag-europe","13":"tag-faits-divers-justice","14":"tag-fc-sochaux-montbeliard","15":"tag-fr","16":"tag-france","17":"tag-grand-est","18":"tag-nancy","19":"tag-news","20":"tag-region-franche-comte","21":"tag-region-lorraine","22":"tag-republique-francaise","23":"tag-sport-franc-comtois","24":"tag-sport-lorrain"},"share_on_mastodon":{"url":"https:\/\/pubeurope.com\/@fr\/115677572877977720","error":""},"_links":{"self":[{"href":"https:\/\/www.europesays.com\/fr\/wp-json\/wp\/v2\/posts\/583905","targetHints":{"allow":["GET"]}}],"collection":[{"href":"https:\/\/www.europesays.com\/fr\/wp-json\/wp\/v2\/posts"}],"about":[{"href":"https:\/\/www.europesays.com\/fr\/wp-json\/wp\/v2\/types\/post"}],"author":[{"embeddable":true,"href":"https:\/\/www.europesays.com\/fr\/wp-json\/wp\/v2\/users\/2"}],"replies":[{"embeddable":true,"href":"https:\/\/www.europesays.com\/fr\/wp-json\/wp\/v2\/comments?post=583905"}],"version-history":[{"count":0,"href":"https:\/\/www.europesays.com\/fr\/wp-json\/wp\/v2\/posts\/583905\/revisions"}],"wp:featuredmedia":[{"embeddable":true,"href":"https:\/\/www.europesays.com\/fr\/wp-json\/wp\/v2\/media\/583906"}],"wp:attachment":[{"href":"https:\/\/www.europesays.com\/fr\/wp-json\/wp\/v2\/media?parent=583905"}],"wp:term":[{"taxonomy":"category","embeddable":true,"href":"https:\/\/www.europesays.com\/fr\/wp-json\/wp\/v2\/categories?post=583905"},{"taxonomy":"post_tag","embeddable":true,"href":"https:\/\/www.europesays.com\/fr\/wp-json\/wp\/v2\/tags?post=583905"}],"curies":[{"name":"wp","href":"https:\/\/api.w.org\/{rel}","templated":true}]}}