{"id":583915,"date":"2025-12-07T09:33:11","date_gmt":"2025-12-07T09:33:11","guid":{"rendered":"https:\/\/www.europesays.com\/fr\/583915\/"},"modified":"2025-12-07T09:33:11","modified_gmt":"2025-12-07T09:33:11","slug":"grenoble-le-corps-dun-homme-retrouve-mort-dans-un-parc-ce-dimanche-matin","status":"publish","type":"post","link":"https:\/\/www.europesays.com\/fr\/583915\/","title":{"rendered":"Grenoble. Le corps d&rsquo;un homme retrouv\u00e9 mort dans un parc ce dimanche matin"},"content":{"rendered":"<p>Ce sont des promeneurs qui ont fait la macabre d\u00e9couverte ce dimanche 6 d\u00e9cembre vers 8 heures alors qu&rsquo;ils se trouvaient dans le parc de La Bruy\u00e8re qui jouxte l&rsquo;avenue du m\u00eame nom, dans le quartier de la Villeneuve \u00e0 Grenoble.<\/p>\n<p>Un homme gisait inanim\u00e9 au milieu de la pelouse recouverte de feuilles mortes, \u00e0 quelques m\u00e8tres d&rsquo;une aire de jeux pour enfants.<\/p>\n<p>Imm\u00e9diatement alert\u00e9s, les sapeurs-pompiers et une \u00e9quipe du Samu 38 n&rsquo;ont malheureusement pu que constater le d\u00e9c\u00e8s de la victime, un homme apparemment jeune qui n&rsquo;aurait pas encore \u00e9t\u00e9 identifi\u00e9.<\/p>\n<p>Ce contenu est bloqu\u00e9 car vous n&rsquo;avez pas accept\u00e9 les cookies et autres traceurs.<\/p>\n<p>En cliquant sur \u00ab J\u2019accepte \u00bb, les cookies et autres traceurs seront d\u00e9pos\u00e9s et vous pourrez visualiser les contenus  (<a href=\"\" class=\"consentModule_policy\" target=\"_blank\" title=\"Consulter la politique de protection des donn\u00e9es du fournisseur\">plus d&rsquo;informations<\/a>).<\/p>\n<p>En cliquant sur \u00ab J\u2019accepte tous les cookies \u00bb, vous autorisez des d\u00e9p\u00f4ts de cookies et autres traceurs pour le stockage de vos donn\u00e9es sur nos sites et applications \u00e0 des fins de personnalisation et de ciblage publicitaire.<\/p>\n<p class=\"consentModule_secondaryText\">Vous gardez la possibilit\u00e9 de retirer votre consentement \u00e0 tout moment en consultant notre <a href=\"https:\/\/www.ledauphine.com\/protection-des-donnees\" target=\"_blank\" title=\"Consulter notre politique de protection des donn\u00e9es\" rel=\"noopener\">politique de protection des donn\u00e9es<\/a>. <br \/>&#13;<br \/>\n            <a href=\"https:\/\/www.ledauphine.com\/faits-divers-justice\/2025\/12\/07\/javascript:Didomi.notice.show()\" class=\"consentModule_cmp\" target=\"_blank\" rel=\"noopener\">G\u00e9rer mes choix<\/a>&#13;\n        <\/p>\n<p>&#13;<br \/>\n                        J&rsquo;accepte&#13;<br \/>\n            J&rsquo;accepte tous les cookies&#13;\n        <\/p>\n<p>  Il porte des traces de coups et de sang<\/p>\n<p>Selon nos informations, il portait des traces de coups et de sang mais on ignore, \u00e0 ce stade, s&rsquo;il a \u00e9t\u00e9 mortellement bless\u00e9 avec une arme.<\/p>\n<p>Reste que des riverains ont signal\u00e9 avoir entendu au moins une\u00a0 d\u00e9tonation provenant vraisemblablement du parc dans le courant de la nuit.<\/p>\n<p>Sur place les policiers ont instaur\u00e9 un p\u00e9rim\u00e8tre de s\u00e9curit\u00e9 en attendant l&rsquo;arriv\u00e9e de leurs coll\u00e8gues de la Division de la criminalit\u00e9 organis\u00e9e et sp\u00e9cialis\u00e9e &#8211; charg\u00e9s de l&rsquo;enqu\u00eate -, de la repr\u00e9sentante du parquet de Grenoble et d&rsquo;un m\u00e9decin l\u00e9giste qui devait proc\u00e9der au premier examen du cadavre.<\/p>\n","protected":false},"excerpt":{"rendered":"Ce sont des promeneurs qui ont fait la macabre d\u00e9couverte ce dimanche 6 d\u00e9cembre vers 8 heures alors&hellip;\n","protected":false},"author":2,"featured_media":583916,"comment_status":"","ping_status":"","sticky":false,"template":"","format":"standard","meta":{"footnotes":""},"categories":[9566],"tags":[1111,11,2430,271,272,112,1777,674,274,107,1011,27,2731,108,12,25],"class_list":{"0":"post-583915","1":"post","2":"type-post","3":"status-publish","4":"format-standard","5":"has-post-thumbnail","7":"category-grenoble","8":"tag-actu","9":"tag-actualites","10":"tag-auvergne-rhone-alpes","11":"tag-crime","12":"tag-delit-et-contravention","13":"tag-edition-grenoble-agglomeration","14":"tag-eu","15":"tag-europe","16":"tag-faits-divers-justice","17":"tag-fil-info","18":"tag-fr","19":"tag-france","20":"tag-grenoble","21":"tag-isere","22":"tag-news","23":"tag-republique-francaise"},"share_on_mastodon":{"url":"https:\/\/pubeurope.com\/@fr\/115677600495303602","error":""},"_links":{"self":[{"href":"https:\/\/www.europesays.com\/fr\/wp-json\/wp\/v2\/posts\/583915","targetHints":{"allow":["GET"]}}],"collection":[{"href":"https:\/\/www.europesays.com\/fr\/wp-json\/wp\/v2\/posts"}],"about":[{"href":"https:\/\/www.europesays.com\/fr\/wp-json\/wp\/v2\/types\/post"}],"author":[{"embeddable":true,"href":"https:\/\/www.europesays.com\/fr\/wp-json\/wp\/v2\/users\/2"}],"replies":[{"embeddable":true,"href":"https:\/\/www.europesays.com\/fr\/wp-json\/wp\/v2\/comments?post=583915"}],"version-history":[{"count":0,"href":"https:\/\/www.europesays.com\/fr\/wp-json\/wp\/v2\/posts\/583915\/revisions"}],"wp:featuredmedia":[{"embeddable":true,"href":"https:\/\/www.europesays.com\/fr\/wp-json\/wp\/v2\/media\/583916"}],"wp:attachment":[{"href":"https:\/\/www.europesays.com\/fr\/wp-json\/wp\/v2\/media?parent=583915"}],"wp:term":[{"taxonomy":"category","embeddable":true,"href":"https:\/\/www.europesays.com\/fr\/wp-json\/wp\/v2\/categories?post=583915"},{"taxonomy":"post_tag","embeddable":true,"href":"https:\/\/www.europesays.com\/fr\/wp-json\/wp\/v2\/tags?post=583915"}],"curies":[{"name":"wp","href":"https:\/\/api.w.org\/{rel}","templated":true}]}}