{"id":583917,"date":"2025-12-07T09:34:15","date_gmt":"2025-12-07T09:34:15","guid":{"rendered":"https:\/\/www.europesays.com\/fr\/583917\/"},"modified":"2025-12-07T09:34:15","modified_gmt":"2025-12-07T09:34:15","slug":"les-mondes-enfantes-de-lartiste-julie-bena-a-grenoble","status":"publish","type":"post","link":"https:\/\/www.europesays.com\/fr\/583917\/","title":{"rendered":"Les mondes enfant\u00e9s de l\u2019artiste Julie B\u00e9na \u00e0 Grenoble"},"content":{"rendered":"<p>                     <img loading=\"lazy\" decoding=\"async\" src=\"https:\/\/www.europesays.com\/fr\/wp-content\/uploads\/2025\/12\/b21b97b_upload-1-luqfpcqzcb3n-julie-bena-le-magasin-0823.jpg\" alt=\"\u00ab\u00a0Dirty Shirley\u00a0\u00bb et \u00ab\u00a0Pierrote\u00a0\u00bb (2024), de Julie B\u00e9na, dans l\u2019exposition \u00ab\u00a0Parodie\u00a0\u00bb, au Magasin-CNAC, \u00e0 Grenoble, en octobre 2025.\"   width=\"664\" height=\"443\"\/>    \u00ab\u00a0Dirty Shirley\u00a0\u00bb et \u00ab\u00a0Pierrote\u00a0\u00bb (2024), de Julie B\u00e9na, dans l\u2019exposition \u00ab\u00a0Parodie\u00a0\u00bb, au Magasin-CNAC, \u00e0 Grenoble, en octobre 2025.  TOMAS SOUCEK\/MAGASIN CNAC                 <\/p>\n<p class=\"article__paragraph  \">Il y a quelque chose d\u2019Alice au pays des merveilles chez Julie B\u00e9na. Une Alice devenue adulte, qui continuerait de voyager de l\u2019autre c\u00f4t\u00e9 du miroir, \u00e0 la crois\u00e9e du r\u00e9el et de la fantaisie, entre humour et gravit\u00e9, intimit\u00e9 et th\u00e9\u00e2tralit\u00e9.<\/p>\n<p class=\"article__paragraph  \">Parodie, la plus grande exposition de l\u2019artiste \u00e0 ce jour en France, emplit le Magasin-CNAC (centre national d\u2019art contemporain) de Grenoble de personnages clownesques, poignants ou oniriques, imagin\u00e9s et, pour la plupart, incarn\u00e9s par elle-m\u00eame, mais aussi par les membres de sa famille\u00a0: sa m\u00e8re, ancienne com\u00e9dienne qui l\u2019a en partie \u00e9lev\u00e9e au sein de la troupe de th\u00e9\u00e2tre itin\u00e9rante Les\u00a0Tr\u00e9teaux de France, son mari tch\u00e8que, qui n\u2019h\u00e9site pas \u00e0 troquer sa casquette de conservateur de mus\u00e9e \u00e0 Prague pour enfiler robe ou perruque dans les \u0153uvres grin\u00e7antes de sa femme, et leur petite fille, Gala.<\/p>\n<p class=\"article__paragraph  \">Au fil de ses vid\u00e9os au registre volontiers burlesque, qui empruntent \u00e0 la f\u00eate foraine, au cirque, au bal populaire, l\u2019ancienne enfant de la balle pass\u00e9e par l\u2019\u00e9cole d\u2019art la Villa Arson, \u00e0 Nice, m\u00fbrit, sa m\u00e8re vieillit, sa fille grandit, tandis que ses r\u00e9cits explorent les questions d\u2019identit\u00e9, de transmission ou d\u2019amour inconditionnel, tout en d\u00e9construisant les arch\u00e9types.<\/p>\n<p class=\"reading-mode-only \"><strong>Il vous reste 79.66% de cet article \u00e0 lire. La suite est r\u00e9serv\u00e9e aux abonn\u00e9s.<\/strong><\/p>\n","protected":false},"excerpt":{"rendered":"\u00ab\u00a0Dirty Shirley\u00a0\u00bb et \u00ab\u00a0Pierrote\u00a0\u00bb (2024), de Julie B\u00e9na, dans l\u2019exposition \u00ab\u00a0Parodie\u00a0\u00bb, au Magasin-CNAC, \u00e0 Grenoble, en octobre 2025.&hellip;\n","protected":false},"author":2,"featured_media":583918,"comment_status":"","ping_status":"","sticky":false,"template":"","format":"standard","meta":{"footnotes":""},"categories":[9566],"tags":[1111,11,2430,1777,674,1011,27,2731,12,25],"class_list":{"0":"post-583917","1":"post","2":"type-post","3":"status-publish","4":"format-standard","5":"has-post-thumbnail","7":"category-grenoble","8":"tag-actu","9":"tag-actualites","10":"tag-auvergne-rhone-alpes","11":"tag-eu","12":"tag-europe","13":"tag-fr","14":"tag-france","15":"tag-grenoble","16":"tag-news","17":"tag-republique-francaise"},"share_on_mastodon":{"url":"https:\/\/pubeurope.com\/@fr\/115677605088534588","error":""},"_links":{"self":[{"href":"https:\/\/www.europesays.com\/fr\/wp-json\/wp\/v2\/posts\/583917","targetHints":{"allow":["GET"]}}],"collection":[{"href":"https:\/\/www.europesays.com\/fr\/wp-json\/wp\/v2\/posts"}],"about":[{"href":"https:\/\/www.europesays.com\/fr\/wp-json\/wp\/v2\/types\/post"}],"author":[{"embeddable":true,"href":"https:\/\/www.europesays.com\/fr\/wp-json\/wp\/v2\/users\/2"}],"replies":[{"embeddable":true,"href":"https:\/\/www.europesays.com\/fr\/wp-json\/wp\/v2\/comments?post=583917"}],"version-history":[{"count":0,"href":"https:\/\/www.europesays.com\/fr\/wp-json\/wp\/v2\/posts\/583917\/revisions"}],"wp:featuredmedia":[{"embeddable":true,"href":"https:\/\/www.europesays.com\/fr\/wp-json\/wp\/v2\/media\/583918"}],"wp:attachment":[{"href":"https:\/\/www.europesays.com\/fr\/wp-json\/wp\/v2\/media?parent=583917"}],"wp:term":[{"taxonomy":"category","embeddable":true,"href":"https:\/\/www.europesays.com\/fr\/wp-json\/wp\/v2\/categories?post=583917"},{"taxonomy":"post_tag","embeddable":true,"href":"https:\/\/www.europesays.com\/fr\/wp-json\/wp\/v2\/tags?post=583917"}],"curies":[{"name":"wp","href":"https:\/\/api.w.org\/{rel}","templated":true}]}}