{"id":583919,"date":"2025-12-07T09:37:13","date_gmt":"2025-12-07T09:37:13","guid":{"rendered":"https:\/\/www.europesays.com\/fr\/583919\/"},"modified":"2025-12-07T09:37:13","modified_gmt":"2025-12-07T09:37:13","slug":"un-jeune-homme-denviron-28-ans-tue-par-balle","status":"publish","type":"post","link":"https:\/\/www.europesays.com\/fr\/583919\/","title":{"rendered":"Un jeune homme d\u2019environ 28 ans tu\u00e9 par balle"},"content":{"rendered":"<p>Le corps d\u2019un jeune homme tu\u00e9 par balle a \u00e9t\u00e9 retrouv\u00e9 dans une voiture \u00e0 <a href=\"https:\/\/www.20minutes.fr\/rennes\/\" class=\"c-link c-link--is-underlined\" target=\"_blank\" rel=\"noopener\">Rennes<\/a> (<a href=\"https:\/\/www.20minutes.fr\/dossier\/ille_et_vilaine\" class=\"c-link c-link--is-underlined\" target=\"_blank\" rel=\"noopener\">Ille-et-Vilaine<\/a>) dans la nuit de samedi \u00e0 dimanche, a-t-on appris de source polici\u00e8re.<\/p>\n<p>Les forces de l\u2019ordre ont \u00e9t\u00e9 appel\u00e9es peu avant une heure du matin pour des coups de feu sur la voie publique, selon cette source.<\/p>\n<p>Plusieurs plaies par balle<\/p>\n<p>Les policiers ont d\u00e9couvert sur les lieux un homme mort dans une voiture, dont le corps pr\u00e9sentait plusieurs plaies par balle. Plusieurs \u00e9tuis de calibre 7,65 ou 9\u00a0mm ont \u00e9t\u00e9 retrouv\u00e9s sur place, selon la m\u00eame source.<\/p>\n<p>La victime est \u00e2g\u00e9e d\u2019environ 28 ans, selon une source proche du dossier. Contact\u00e9 par l\u2019AFP, le parquet n\u2019avait pas r\u00e9pondu dans l\u2019imm\u00e9diat. Une enqu\u00eate a \u00e9t\u00e9 ouverte pour d\u00e9terminer les circonstances de ce d\u00e9c\u00e8s, selon <a href=\"https:\/\/france3-regions.franceinfo.fr\/bretagne\/ille-et-vilaine\/rennes\/a-rennes-un-homme-de-28-ans-retrouve-mort-dans-sa-voiture-avec-des-plaies-par-arme-a-feu-3262217.html\" target=\"_blank\" class=\"c-link c-link--is-underlined\" rel=\"noopener\">France 3 Bretagne<\/a>.<\/p>\n","protected":false},"excerpt":{"rendered":"Le corps d\u2019un jeune homme tu\u00e9 par balle a \u00e9t\u00e9 retrouv\u00e9 dans une voiture \u00e0 Rennes (Ille-et-Vilaine) dans&hellip;\n","protected":false},"author":2,"featured_media":583920,"comment_status":"","ping_status":"","sticky":false,"template":"","format":"standard","meta":{"footnotes":""},"categories":[2821],"tags":[1111,47,11,829,1067,1777,674,118,7641,1011,27,848,12,1072,584,25],"class_list":{"0":"post-583919","1":"post","2":"type-post","3":"status-publish","4":"format-standard","5":"has-post-thumbnail","7":"category-rennes","8":"tag-actu","9":"tag-actualite","10":"tag-actualites","11":"tag-bretagne","12":"tag-enquete","13":"tag-eu","14":"tag-europe","15":"tag-faits-divers","16":"tag-faits-divers-rennes","17":"tag-fr","18":"tag-france","19":"tag-ille-et-vilaine","20":"tag-news","21":"tag-police","22":"tag-rennes","23":"tag-republique-francaise"},"share_on_mastodon":{"url":"https:\/\/pubeurope.com\/@fr\/115677616258766248","error":""},"_links":{"self":[{"href":"https:\/\/www.europesays.com\/fr\/wp-json\/wp\/v2\/posts\/583919","targetHints":{"allow":["GET"]}}],"collection":[{"href":"https:\/\/www.europesays.com\/fr\/wp-json\/wp\/v2\/posts"}],"about":[{"href":"https:\/\/www.europesays.com\/fr\/wp-json\/wp\/v2\/types\/post"}],"author":[{"embeddable":true,"href":"https:\/\/www.europesays.com\/fr\/wp-json\/wp\/v2\/users\/2"}],"replies":[{"embeddable":true,"href":"https:\/\/www.europesays.com\/fr\/wp-json\/wp\/v2\/comments?post=583919"}],"version-history":[{"count":0,"href":"https:\/\/www.europesays.com\/fr\/wp-json\/wp\/v2\/posts\/583919\/revisions"}],"wp:featuredmedia":[{"embeddable":true,"href":"https:\/\/www.europesays.com\/fr\/wp-json\/wp\/v2\/media\/583920"}],"wp:attachment":[{"href":"https:\/\/www.europesays.com\/fr\/wp-json\/wp\/v2\/media?parent=583919"}],"wp:term":[{"taxonomy":"category","embeddable":true,"href":"https:\/\/www.europesays.com\/fr\/wp-json\/wp\/v2\/categories?post=583919"},{"taxonomy":"post_tag","embeddable":true,"href":"https:\/\/www.europesays.com\/fr\/wp-json\/wp\/v2\/tags?post=583919"}],"curies":[{"name":"wp","href":"https:\/\/api.w.org\/{rel}","templated":true}]}}