{"id":583921,"date":"2025-12-07T09:38:24","date_gmt":"2025-12-07T09:38:24","guid":{"rendered":"https:\/\/www.europesays.com\/fr\/583921\/"},"modified":"2025-12-07T09:38:24","modified_gmt":"2025-12-07T09:38:24","slug":"les-rencontres-du-petit-prince-reveries-inspirees-au-ciarus","status":"publish","type":"post","link":"https:\/\/www.europesays.com\/fr\/583921\/","title":{"rendered":"\u00ab\u00a0Les Rencontres du Petit Prince\u00a0\u00bb, r\u00eaveries inspir\u00e9es au Ciarus"},"content":{"rendered":"<p class=\"wp-block-post-excerpt__excerpt\">Le Ciarus accueille l\u2019exposition \u00ab\u00a0Les Rencontres du Petit Prince\u00a0\u00bb, une s\u00e9rie d\u2019\u0153uvres r\u00e9alis\u00e9es par 32 membres de l\u2019association des Artistes Libres d\u2019Alsace. Elles et ils ont imagin\u00e9 des sc\u00e8nes inspir\u00e9es de l\u2019\u0153uvre d\u2019Antoine de Saint-Exup\u00e9ry. <\/p>\n<p class=\"font-sans\">\n\t\t\tCet article est en acc\u00e8s libre. Pour soutenir Rue89 Strasbourg,<br \/>\n\t\t\t<a class=\"underline\" href=\"https:\/\/www.rue89strasbourg.com\/abonnement\" target=\"_blank\" rel=\"noopener\">abonnez-vous<\/a>.\n\t\t<\/p>\n<p>Manon Tribollet<\/p>\n<p>Publi\u00e9 le 7 d\u00e9cembre 2025\u00a0\u00a0\u00b7\u00a0\u00a0<\/p>\n<p>Imprim\u00e9 le 7 d\u00e9cembre 2025 \u00e0 10h38\u00a0\u00a0\u00b7\u00a0\u00a0<\/p>\n<p>\t\t\t\t\t3\u00a0minutes\n<\/p>\n<p class=\"has-drop-cap\">\u00ab\u00a0Que s\u2019est-il pass\u00e9 entre le moment o\u00f9 le Petit Prince a quitt\u00e9 son ast\u00e9ro\u00efde et celui o\u00f9 il a d\u00e9couvert Antoine de Saint-Exup\u00e9ry dans le d\u00e9sert ?\u00a0\u00bb Inspir\u00e9s par cette th\u00e9matique, 32 artistes ont produit des \u0153uvres uniques et po\u00e9tiques. Elles sont expos\u00e9es au Ciarus, une auberge de jeunesse de luxe situ\u00e9e dans le quartier Tribunal \u00e0 Strasbourg.<\/p>\n<p><img loading=\"lazy\" decoding=\"async\" width=\"792\" height=\"536\" src=\"https:\/\/www.europesays.com\/fr\/wp-content\/uploads\/2025\/12\/expo-ciarus-pp-07-792x536.jpg\" alt=\"\" class=\"wp-image-368485\"  \/> Le Ciarus d\u00e9ploie l\u2019exposition dans ses salles \u00e0 manger et d\u2019accueil.Photo\u00a0: Manon Tribollet \/ Rue89 Strasbourg<\/p>\n<p>L\u2019exposition a \u00e9t\u00e9 con\u00e7ue par l\u2019association d\u2019artistes amateurs \u00ab\u00a0Artistes Libres d\u2019Alsace\u00a0\u00bb. \u00c0 chaque \u0153uvre est associ\u00e9 le passage du roman qui a inspir\u00e9 l\u2019artiste, ou un texte original inspir\u00e9 du Petit Prince. Les techniques artistiques vont de l\u2019acrylique \u00e0 la calligraphie en passant par le travail sur bois ou porcelaine, voire le r\u00e9cup\u2019art\u2026 Certaines cr\u00e9ations illustrent directement des passages du roman, d\u2019autres sont plus abstraites. D\u2019autres encore sont plus engag\u00e9es sur des th\u00e8mes contemporains, comme l\u2019environnement.<\/p>\n<p>\t\tMonde d\u2019hier et monde d\u2019aujourd\u2019hui<\/p>\n<p>\u00ab\u00a0Petit Prince, va croiser les regards du monde\u00a0!\u00a0\u00bb Une premi\u00e8re s\u00e9rie de peintures \u00e0 l\u2019huile d\u00e9coulant de cette phrase est expos\u00e9e dans un couloir de l\u2019entr\u00e9e du Ciarus. Y sont d\u00e9peints en couleurs vives des personnages de diff\u00e9rentes cultures du monde en tenues traditionnelles. Ren\u00e9 Roth peint \u00e0 l\u2019huile en grands formats. Le lien avec le Petit Prince n\u2019est pas \u00e9vident, peut-\u00eatre s\u2019agit-il des rencontres du Petit Prince que les artistes ont imagin\u00e9es. <\/p>\n<p><img loading=\"lazy\" decoding=\"async\" width=\"1536\" height=\"2048\" data-id=\"368460\" src=\"https:\/\/www.europesays.com\/fr\/wp-content\/uploads\/2025\/12\/expo-ciarus-pp-02.jpg\" alt=\"\" class=\"wp-image-368460\"  \/> \u00ab\u00a0Voyage 1\u00a0\u00bb de Ren\u00e9 RothPhoto\u00a0: Manon Tribollet \/ Rue89 Strasbourg<\/p>\n<p><img loading=\"lazy\" decoding=\"async\" width=\"1536\" height=\"2048\" data-id=\"368459\" src=\"https:\/\/www.europesays.com\/fr\/wp-content\/uploads\/2025\/12\/expo-ciarus-pp-01.jpg\" alt=\"\" class=\"wp-image-368459\"  \/> \u00ab\u00a0Voyage 3\u00a0\u00bb de Ren\u00e9 RothPhoto\u00a0: Manon Tribollet \/ Rue89 Strasbourg<\/p>\n<p>\t\tLes \u0153uvres abstraites qui poussent \u00e0 la r\u00e9flexion\u2026<\/p>\n<p>D\u2019autres \u0153uvres sont plus abstraites, comme celles de Gilbert Schlewer, qui utilise des \u00e9l\u00e9ments r\u00e9cup\u00e9r\u00e9s pour composer ses \u0153uvres. \u00ab\u00a0L\u2019infini du point\u00a0\u00bb repr\u00e9sente l\u2019univers \u00e0 partir de formes et de mat\u00e9riaux dispos\u00e9s en arcs de cercles, qui semblent graviter autour d\u2019un m\u00eame point. La seconde cr\u00e9ation abstraite a pour phrase-inspiration \u00ab\u00a0La terre est sem\u00e9e de civilisations\u2026\u00a0\u00bb C\u2019est un cadre divis\u00e9 en trois parties qui font penser \u00e0 l\u2019invention de l\u2019\u00e9criture (caract\u00e8res chinois, stylo plume\u2026), mais aussi \u00e0 celle de la musique, avec ce qui semble \u00eatre une port\u00e9e.<\/p>\n<p><img loading=\"lazy\" decoding=\"async\" width=\"2048\" height=\"1548\" data-id=\"368462\" src=\"https:\/\/www.europesays.com\/fr\/wp-content\/uploads\/2025\/12\/expo-ciarus-pp-04.jpg\" alt=\"\" class=\"wp-image-368462\"  \/> Oeuvre intitul\u00e9e \u00ab\u00a0L\u2019infini du point\u00a0\u00bb, par Gilbert SchlewerPhoto\u00a0: Manon Tribollet \/ Rue89 Strasbourg<\/p>\n<p><img loading=\"lazy\" decoding=\"async\" width=\"2048\" height=\"1372\" data-id=\"368461\" src=\"https:\/\/www.europesays.com\/fr\/wp-content\/uploads\/2025\/12\/expo-ciarus-pp-03.jpg\" alt=\"\" class=\"wp-image-368461\"  \/> Oeuvre nomm\u00e9e \u00ab\u00a0Civilisations\u00a0\u00bb, de Gilbert SchlewerPhoto\u00a0: Manon Tribollet \/ Rue89 Strasbourg<\/p>\n<p>\u00ab\u00a0Les Rencontres du Petit Prince\u00a0\u00bb invite \u00e0 r\u00e9fl\u00e9chir au sens de chaque \u0153uvre, ce qui rejoint le th\u00e8me d\u2019un enfant qui se questionne beaucoup sur la Terre et l\u2019Humanit\u00e9.<\/p>\n<p>Des compositions engag\u00e9es<\/p>\n<p>Le Petit Prince d\u00e9couvre que la Terre souffre de maux importants, comme par exemple la pollution en g\u00e9n\u00e9ral. Certains artistes ont utilis\u00e9 cet aspect du r\u00e9cit original pour cr\u00e9er des ouvrages d\u2019art engag\u00e9s. L\u2019\u0153uvre \u00ab\u00a0Terre sans conscience\u00a0\u00bb de Delphine Kammerlocher, par exemple, en fait partie. Elle repr\u00e9sente notre plan\u00e8te dot\u00e9e d\u2019un \u0153il, une Terre qui se morc\u00e8le et dont \u00e9manent d\u2019\u00e9tranges \u00e9clairs jaunes et bleus\u2026 Il y a \u00e9galement \u00ab\u00a0L\u2019envers du d\u00e9cor\u00a0\u00bb de Virginie Pflumio, cr\u00e9ation porteuse d\u2019un message frappant o\u00f9 le Petit Prince nage dans les fonds-marins et y d\u00e9couvre de nombreux d\u00e9chets.<\/p>\n<p><img loading=\"lazy\" decoding=\"async\" width=\"1440\" height=\"1920\" data-id=\"368463\" src=\"https:\/\/www.europesays.com\/fr\/wp-content\/uploads\/2025\/12\/expo-ciarus-pp-05.jpg\" alt=\"\" class=\"wp-image-368463\"  \/> \u00ab\u00a0Terre sans conscience\u00a0\u00bb, de Delphine KAMMERLOCHERPhoto\u00a0: Manon Tribollet \/ Rue89 Strasbourg<\/p>\n<p><img loading=\"lazy\" decoding=\"async\" width=\"1920\" height=\"2560\" data-id=\"368464\" src=\"https:\/\/www.europesays.com\/fr\/wp-content\/uploads\/2025\/12\/expo-ciarus-pp-06-scaled.jpg\" alt=\"\" class=\"wp-image-368464\"  \/> \u00ab\u00a0L\u2019envers du d\u00e9cor\u00a0\u00bb, par Virginie PFLUMIOPhoto\u00a0: Manon Tribollet \/ Rue89 Strasbourg<\/p>\n<p>L\u2019association des <a href=\"https:\/\/artistes-libres.fr\/\" target=\"_blank\" rel=\"noopener\">Artistes Libres d\u2019Alsace<\/a> compte 60 membres et a \u00e9t\u00e9 fond\u00e9e en 1992 par des artistes amateurs d\u2019Erstein afin de leur permettre d\u2019exposer collectivement. <\/p>\n<p>Y <strong>aller<\/strong><\/p>\n<p><strong>Exposition Les Rencontres du Petit Prince<\/strong> du 25 novembre 2025 au 15 janvier 2026, du lundi au dimanche de 9h \u00e0 22h30, 7 rue Finkmatt \u00e0 Strasbourg \u2013 Tribunal. Entr\u00e9e libre.<\/p>\n","protected":false},"excerpt":{"rendered":"Le Ciarus accueille l\u2019exposition \u00ab\u00a0Les Rencontres du Petit Prince\u00a0\u00bb, une s\u00e9rie d\u2019\u0153uvres r\u00e9alis\u00e9es par 32 membres de l\u2019association&hellip;\n","protected":false},"author":2,"featured_media":583922,"comment_status":"","ping_status":"","sticky":false,"template":"","format":"standard","meta":{"footnotes":""},"categories":[2820],"tags":[1111,11,1396,251,1777,674,1349,1011,27,775,12,25,640],"class_list":{"0":"post-583921","1":"post","2":"type-post","3":"status-publish","4":"format-standard","5":"has-post-thumbnail","7":"category-strasbourg","8":"tag-actu","9":"tag-actualites","10":"tag-art-contemporain","11":"tag-culture","12":"tag-eu","13":"tag-europe","14":"tag-expositions","15":"tag-fr","16":"tag-france","17":"tag-grand-est","18":"tag-news","19":"tag-republique-francaise","20":"tag-strasbourg"},"share_on_mastodon":{"url":"https:\/\/pubeurope.com\/@fr\/115677622447366825","error":""},"_links":{"self":[{"href":"https:\/\/www.europesays.com\/fr\/wp-json\/wp\/v2\/posts\/583921","targetHints":{"allow":["GET"]}}],"collection":[{"href":"https:\/\/www.europesays.com\/fr\/wp-json\/wp\/v2\/posts"}],"about":[{"href":"https:\/\/www.europesays.com\/fr\/wp-json\/wp\/v2\/types\/post"}],"author":[{"embeddable":true,"href":"https:\/\/www.europesays.com\/fr\/wp-json\/wp\/v2\/users\/2"}],"replies":[{"embeddable":true,"href":"https:\/\/www.europesays.com\/fr\/wp-json\/wp\/v2\/comments?post=583921"}],"version-history":[{"count":0,"href":"https:\/\/www.europesays.com\/fr\/wp-json\/wp\/v2\/posts\/583921\/revisions"}],"wp:featuredmedia":[{"embeddable":true,"href":"https:\/\/www.europesays.com\/fr\/wp-json\/wp\/v2\/media\/583922"}],"wp:attachment":[{"href":"https:\/\/www.europesays.com\/fr\/wp-json\/wp\/v2\/media?parent=583921"}],"wp:term":[{"taxonomy":"category","embeddable":true,"href":"https:\/\/www.europesays.com\/fr\/wp-json\/wp\/v2\/categories?post=583921"},{"taxonomy":"post_tag","embeddable":true,"href":"https:\/\/www.europesays.com\/fr\/wp-json\/wp\/v2\/tags?post=583921"}],"curies":[{"name":"wp","href":"https:\/\/api.w.org\/{rel}","templated":true}]}}