{"id":583929,"date":"2025-12-07T09:43:11","date_gmt":"2025-12-07T09:43:11","guid":{"rendered":"https:\/\/www.europesays.com\/fr\/583929\/"},"modified":"2025-12-07T09:43:11","modified_gmt":"2025-12-07T09:43:11","slug":"chronopost-se-dote-dune-nouvelle-plate-forme-pres-de-nantes-pour-mieux-mailler-le-territoire","status":"publish","type":"post","link":"https:\/\/www.europesays.com\/fr\/583929\/","title":{"rendered":"Chronopost se dote d\u2019une nouvelle plate-forme pr\u00e8s de Nantes pour mieux mailler le territoire"},"content":{"rendered":"<p>                    Par<br \/>\n        <strong><br \/>\n            <a href=\"https:\/\/actu.fr\/auteur\/laurent-fortin\" title=\"Consulter tous les articles de Laurent Fortin\" target=\"_blank\" rel=\"noopener\">Laurent Fortin<\/a><br \/>\n                    <\/strong><\/p>\n<p>        Publi\u00e9 le<\/p>\n<p>            7 d\u00e9c. 2025 \u00e0 10h11        <\/p>\n<p><b>L\u2019investissement a d\u00e9pass\u00e9 les<\/b> <b>4,75\u00a0millions d\u2019euros<\/b>. Il \u00e9tait <b>devenu indispensable <\/b>pour <a href=\"https:\/\/www.chronopost.fr\/fr\" target=\"_blank\" rel=\"noopener\"><b>Chronopost<\/b><\/a>, <b>leader fran\u00e7ais de la livraison express de colis de moins de 30\u00a0kg,<\/b> dont l\u2019autre site de la r\u00e9gion de Nantes, <b>Carquefou<\/b>, \u00e9tait arriv\u00e9 \u00e0 saturation suite \u00e0 la forte augmentation continue des volumes de colis sur la r\u00e9gion.<\/p>\n<p class=\" wall-content\">Cette implantation sur le <a href=\"https:\/\/www.google.com\/maps\/place\/Les+Fromentaux,+44140+Le+Bignon\/@47.0847916,-1.5350802,643m\/data=!3m2!1e3!4b1!4m6!3m5!1s0x4805c3ca815935a9:0xea11fa18588ece71!8m2!3d47.084788!4d-1.5325053!16s%2Fg%2F11rjqrfl_w?entry=ttu&amp;g_ep=EgoyMDI1MTIwMi4wIKXMDSoASAFQAw%3D%3D\" target=\"_blank\" rel=\"noopener\">secteur des Fromentaux<\/a> au <b>Bignon<\/b>, au bord de la d\u00e9partementale 937 entre Geneston et le rond-point de Viais, qui offre une entr\u00e9e sur le p\u00e9riph\u00e9rique, ob\u00e9it \u00e0 une<b> r\u00e9organisation plus large pour l\u2019entreprise.<\/b><\/p>\n<blockquote class=\"ac-article-quote wall-content\">\n<p>Chronopost souhaitait optimiser la r\u00e9partition de ses flux sur la Loire-Atlantique et la Vend\u00e9e.<\/p>\n<p>Maxime Bucher, directeur r\u00e9gional des op\u00e9rations sud-ouest.<\/p><\/blockquote>\n<p class=\" wall-content\">Jusqu\u2019\u00e0 pr\u00e9sent,<b> l\u2019ensemble de ces deux d\u00e9partements<\/b> \u00e9taient couverts par les agences de <b>Carquefou <\/b>et de <b>La Roche-sur-Yon,<\/b> qui, respectivement, traitaient <b>30\u2009000 et 8\u2009500 colis par jour <\/b>et r\u00e9alisaient <b>165 et 55 tourn\u00e9es au quotidien.<\/b><\/p>\n<p>Vid\u00e9os : en ce moment sur Actu<\/p>\n<p class=\" wall-content\">D\u00e9sormais, le territoire est organis\u00e9 en trois zones\u2009: le sud de la Loire, le sud Vend\u00e9e et le sud du Maine-et-Loire sont pris en charge par Nantes-Sud tandis que le Nord de la Loire est pris en charge par Nantes-Carquefou, l\u2019agence de La Roche-sur-Yon distribue le Nord Vend\u00e9e.<\/p>\n<blockquote class=\"ac-article-quote wall-content\">\n<p>Cette nouvelle organisation garantit aux clients professionnels et particuliers une qualit\u00e9 de service renforc\u00e9e sur l\u2019ensemble du d\u00e9partement. Concr\u00e8tement, cela pourra se traduire par des heures de collecte plus tardives pour les entreprises du Sud-Loire ou encore une plus grande fiabilit\u00e9 des livraisons lors des pics d\u2019activit\u00e9 comme le Black Friday et No\u00ebl.<\/p>\n<p>L\u2019entreprise de livraison<\/p><\/blockquote>\n<p>Votre r\u00e9gion, votre actu !<\/p>\n<p>Recevez chaque jour les infos qui comptent pour vous.<\/p>\n<p>\t<a href=\"https:\/\/actu.fr\/newsletter\" class=\"ac-btn ac-btn--corner ac-btn--medium ac-btn--blue800\" target=\"_blank\" rel=\"noopener\">S&rsquo;incrire<\/a><\/p>\n<p class=\" wall-content\">Elle limite ainsi son kilom\u00e9trage<\/p>\n<p>Deuxi\u00e8me plus grand site de France<\/p>\n<p class=\" wall-content\">Avec<b> plus de 18\u2009000 m\u00b2 de surface <\/b>(sur une parcelle de 4,7 hectares), la <b>nouvelle unit\u00e9 mise en service depuis juillet <\/b>est la <b>deuxi\u00e8me plus grande de France.<\/b> Cette agence pourra traite<b>r jusqu\u2019\u00e0 24\u2009000 colis par jour.<\/b> Dot\u00e9e de <b>25 quais poids lourds<\/b> et <b>110 places de tourn\u00e9es v\u00e9hicule l\u00e9ger<\/b>, l\u2019organisation logistique pr\u00e9voit entre <b>80 et 85 tourn\u00e9es de distribution locales <\/b>ainsi que <b>30 tourn\u00e9es de collecte par jour<\/b>. Le site est dot\u00e9 d\u2019un\u00a0outil industriel moderne et performant permettant le tri m\u00e9canis\u00e9 des colis.<\/p>\n<p class=\" wall-content\">L\u2019agence est\u00a0\u00e9galement \u00e9quip\u00e9e de c<b>hambres froides de derni\u00e8re g\u00e9n\u00e9ration<\/b>, avec 410 m\u00b2 d\u00e9di\u00e9s \u00e0 l\u2019activit\u00e9 Chronofresh (pour le transport frigorifique) et 120 m\u00b2 pour Chronopost Healthcare (transports de produits de sant\u00e9).<\/p>\n<p>    <img   decoding=\"async\" loading=\"lazy\" class=\"size-large\" src=\"https:\/\/www.europesays.com\/fr\/wp-content\/uploads\/2025\/12\/47cf35854539678cf358545398ccf3v-960x444.jpg\" alt=\"hhhh\" width=\"960\" height=\"444\"\/><br \/>\n    Le centre de traitement occupe une surface de 1,8 hectare. \u00a9Chronopost<\/p>\n<p class=\" wall-content\">En concevant ce nouvel \u00e9quipement, <b>Chronopost a travaill\u00e9 \u00e0 diminuer son empreinte environnementale<\/b>. Son effort s\u2019est concr\u00e9tis\u00e9 par une gestion intelligente de la temp\u00e9rature, de l\u2019\u00e9clairage, du tri et du recyclage des d\u00e9chets. Par ailleurs, le site compte <b>17 bornes de recharge<\/b> (dont une rapide) pour faciliter l\u2019autonomie <b>des 15 v\u00e9hicules \u00e9lectriques de distribution<\/b> (un parc qui a pr\u00e9vu d\u2019\u00eatre doubl\u00e9 d\u00e9but 2026). Dans le m\u00eame registre, les<b> toits sont \u00e9quip\u00e9s de panneaux photovolta\u00efques<\/b>. Des attentions qui ont valu au site d\u2019\u00eatre certifi\u00e9e (Breeam Excellent).<\/p>\n<blockquote class=\"ac-article-quote wall-content\">\n<p>Cette nouvelle agence \u00e0 Nantes-Sud est bien plus qu\u2019un investissement logistique. C\u2019est le symbole de notre engagement pour le dynamisme \u00e9conomique du Grand Ouest.<\/p>\n<p>Maxime Bucher.<\/p><\/blockquote>\n<p class=\" wall-content\">Depuis son ouverture<b>, l\u2019agence emploie 30 collaborateurs et poursuit ses recrutements, avec\u00a07 postes \u00e0 pourvoir.<\/b> Un site qui n\u2019est pas une forteresse\u2009:<b> l\u2019accueil des clients est assur\u00e9 du lundi au vendredi de 8\u2009h\u200930 \u00e0 12\u2009h\u200930 et de 14\u2009h \u00e0 19\u2009h<\/b>. Des <b>consignes Pickup<\/b> seront m\u00eame install\u00e9es pour faciliter le retrait des colis.<\/p>\n<p>Chronospost, zone artisanale des Fromentaux au Bignon. Pour les offres d\u2019emploi, possibilit\u00e9 de postuler sur\u00a0https:\/\/www.chronopost.fr\/fr\/nous-rejoindre.<\/p>\n<p class=\" wall-content\">Personnalisez votre actualit\u00e9 en ajoutant vos villes et m\u00e9dias en favori avec <a href=\"https:\/\/moncompte.actu.fr\" title=\"D\u00e9couvez Mon Actu\" rel=\"nofollow noopener\" data-trk=\"{&quot;cta&quot;:{&quot;action&quot;:&quot;https:\\\/\\\/moncompte.actu.fr&quot;,&quot;category&quot;:&quot;mon compte&quot;,&quot;from&quot;:&quot;article footer&quot;,&quot;name&quot;:&quot;Mon actu&quot;,&quot;type&quot;:&quot;cta&quot;}}\" target=\"_blank\">Mon Actu<\/a>.<\/p>\n","protected":false},"excerpt":{"rendered":"Par Laurent Fortin Publi\u00e9 le 7 d\u00e9c. 2025 \u00e0 10h11 L\u2019investissement a d\u00e9pass\u00e9 les 4,75\u00a0millions d\u2019euros. Il \u00e9tait&hellip;\n","protected":false},"author":2,"featured_media":583930,"comment_status":"","ping_status":"","sticky":false,"template":"","format":"standard","meta":{"footnotes":""},"categories":[2818],"tags":[1111,11,1777,674,1011,27,3316,766,12,2636,25,104,1352,2900],"class_list":{"0":"post-583929","1":"post","2":"type-post","3":"status-publish","4":"format-standard","5":"has-post-thumbnail","7":"category-nantes","8":"tag-actu","9":"tag-actualites","10":"tag-eu","11":"tag-europe","12":"tag-fr","13":"tag-france","14":"tag-la-poste","15":"tag-nantes","16":"tag-news","17":"tag-pays-de-la-loire","18":"tag-republique-francaise","19":"tag-societe","20":"tag-urbanisme","21":"tag-vignoble-nantais"},"share_on_mastodon":{"url":"https:\/\/pubeurope.com\/@fr\/115677640150421886","error":""},"_links":{"self":[{"href":"https:\/\/www.europesays.com\/fr\/wp-json\/wp\/v2\/posts\/583929","targetHints":{"allow":["GET"]}}],"collection":[{"href":"https:\/\/www.europesays.com\/fr\/wp-json\/wp\/v2\/posts"}],"about":[{"href":"https:\/\/www.europesays.com\/fr\/wp-json\/wp\/v2\/types\/post"}],"author":[{"embeddable":true,"href":"https:\/\/www.europesays.com\/fr\/wp-json\/wp\/v2\/users\/2"}],"replies":[{"embeddable":true,"href":"https:\/\/www.europesays.com\/fr\/wp-json\/wp\/v2\/comments?post=583929"}],"version-history":[{"count":0,"href":"https:\/\/www.europesays.com\/fr\/wp-json\/wp\/v2\/posts\/583929\/revisions"}],"wp:featuredmedia":[{"embeddable":true,"href":"https:\/\/www.europesays.com\/fr\/wp-json\/wp\/v2\/media\/583930"}],"wp:attachment":[{"href":"https:\/\/www.europesays.com\/fr\/wp-json\/wp\/v2\/media?parent=583929"}],"wp:term":[{"taxonomy":"category","embeddable":true,"href":"https:\/\/www.europesays.com\/fr\/wp-json\/wp\/v2\/categories?post=583929"},{"taxonomy":"post_tag","embeddable":true,"href":"https:\/\/www.europesays.com\/fr\/wp-json\/wp\/v2\/tags?post=583929"}],"curies":[{"name":"wp","href":"https:\/\/api.w.org\/{rel}","templated":true}]}}