{"id":583931,"date":"2025-12-07T09:44:16","date_gmt":"2025-12-07T09:44:16","guid":{"rendered":"https:\/\/www.europesays.com\/fr\/583931\/"},"modified":"2025-12-07T09:44:16","modified_gmt":"2025-12-07T09:44:16","slug":"une-nouvelle-etape-vers-la-revelation-de-la-verite-nantes-et-cardiff-devant-la-justice-sept-ans-apres-la-mort-de-sala","status":"publish","type":"post","link":"https:\/\/www.europesays.com\/fr\/583931\/","title":{"rendered":"\u00ab\u00a0Une nouvelle \u00e9tape vers la r\u00e9v\u00e9lation de la v\u00e9rit\u00e9\u00a0\u00bb\u00a0: Nantes et Cardiff devant la justice sept ans apr\u00e8s la mort de Sala"},"content":{"rendered":"<p class=\"paragraph text_align_left lp-f-body-02\">Pr\u00e8s de sept ans apr\u00e8s la mort du footballeur argentin Emiliano Sala dans un accident d\u2019avion, les avocats de <a href=\"https:\/\/www.leparisien.fr\/sports\/football\/disparition-demiliano-sala-laudience-sur-le-fond-renvoyee-au-8-decembre-nantes-doit-repondre-de-ses-actes-17-09-2025-BGT4CYVVGFGLNEZDQTPTSHZ5SA.php\" target=\"_self\" rel=\"noopener\">Cardiff City et du FC Nantes s\u2019affrontent lundi devant le tribunal de commerce<\/a> de Nantes dans le contentieux financier qui oppose les deux clubs.<\/p>\n<p class=\"paragraph text_align_left lp-f-body-02\">\u00ab Cette audience marque une nouvelle \u00e9tape vers la r\u00e9v\u00e9lation de la v\u00e9rit\u00e9 sur cette affaire et pour le renforcement de la responsabilit\u00e9 dans le monde du football. Cette affaire ne vise pas \u00e0 nuire au football : elle vise \u00e0 prot\u00e9ger son int\u00e9grit\u00e9 \u00bb, a d\u00e9clar\u00e9 dans un communiqu\u00e9 \u00e0 l\u2019AFP le Cardiff City Football Club.<\/p>\n<p class=\"paragraph text_align_left lp-f-body-02\">Le club gallois a saisi le tribunal de commerce de Nantes en 2023 pour r\u00e9clamer r\u00e9paration au titre des pertes de revenus et autres pr\u00e9judices subis par le club en raison du d\u00e9c\u00e8s du joueur.<\/p>\n<p class=\"paragraph text_align_left lp-f-body-02\">Il r\u00e9clame notamment r\u00e9paration au titre des pertes financi\u00e8res et de r\u00e9putation que repr\u00e9sentait le passage de Cardiff de la division 1 \u00e0 la division 2.<\/p>\n<p class=\"paragraph text_align_left lp-f-body-02\">L\u2019attaquant Emiliano Sala, \u00e2g\u00e9 de 28 ans, a trouv\u00e9 la mort en janvier 2019 <a href=\"https:\/\/www.leparisien.fr\/sports\/football\/mort-demiliano-sala-le-joueur-etait-inconscient-au-moment-du-crash-de-son-avion-23-02-2022-2OQ22JBEKBEODGFD2KZTZEOQAE.php\" target=\"_self\" rel=\"noopener\">dans un accident d\u2019avion au-dessus de la Manche<\/a> alors qu\u2019il rejoignait Cardiff City, club dans lequel il avait \u00e9t\u00e9 transf\u00e9r\u00e9 depuis le FC Nantes. Il n\u2019a pas eu le temps de jouer avec son nouveau club.<\/p>\n<p class=\"paragraph text_align_left lp-f-body-02\">Face au tribunal de commerce de Nantes, Cardiff City d\u00e9fend que le FC Nantes \u00e9tait, via son agent Willie McKay, le commanditaire du vol priv\u00e9 \u00e0 bord duquel le footballeur avait pris place et que, si le transfert \u00e9tait effectif au moment de l\u2019accident selon le Tribunal arbitral du sport (TAS), c\u2019est l\u2019organisation de ce vol qui est en cause.<\/p>\n<p>Le FC Nantes conteste \u00ab l\u2019existence d\u2019une faute \u00bb<\/p>\n<p class=\"paragraph text_align_left lp-f-body-02\">De son c\u00f4t\u00e9, le FC Nantes conteste \u00ab l\u2019existence d\u2019une faute, un lien de causalit\u00e9 entre les hypoth\u00e9tiques fautes et le pr\u00e9judice, et ensuite le pr\u00e9judice \u00bb, a affirm\u00e9 \u00e0 l\u2019AFP l\u2019entourage de Waldemar Kita, pr\u00e9sident du FCN.<\/p>\n<p class=\"paragraph text_align_left lp-f-body-02\">Le club \u00ab ne doute pas que les demandes de Cardiff seront purement et simplement rejet\u00e9es, \u00e0 l\u2019image de toutes les autres \u00bb.<\/p>\n<p class=\"paragraph text_align_left lp-f-body-02\">Dans une autre proc\u00e9dure li\u00e9e au contentieux entre les deux clubs, le Tribunal arbitral du sport (TAS) a estim\u00e9 en 2022 que le transfert du joueur \u00e9tait bien finalis\u00e9 au moment de sa mort.<\/p>\n<p class=\"paragraph text_align_left lp-f-body-02\">Et en 2023, le tribunal du football de la FIFA a ordonn\u00e9 \u00e0 Cardiff de r\u00e9gler au FC Nantes le solde du transfert du joueur argentin, soit \u00e0 l\u2019\u00e9poque un peu plus de 11 millions d\u2019euros sur un total de 17 millions.<\/p>\n<p>Les \u00ab vols ill\u00e9gaux \u00bb point\u00e9s du doigt<\/p>\n<p class=\"paragraph text_align_left lp-f-body-02\">Concernant la proc\u00e9dure engag\u00e9e devant le tribunal de commerce de Nantes, Cardiff City dit estimer qu\u2019\u00ab il s\u2019agit de garantir des standards plus \u00e9lev\u00e9s dans notre sport, en particulier en mati\u00e8re de transferts \u00bb. Le club pointe l\u2019organisation de \u00ab vols ill\u00e9gaux \u00bb par un agent selon lui \u00ab interdit d\u2019exercice \u00bb.<\/p>\n<p class=\"paragraph text_align_left lp-f-body-02\">Apr\u00e8s une analyse men\u00e9e par un expert mandat\u00e9 par Cardiff City, le club avait chiffr\u00e9 son pr\u00e9judice \u00e0 plus de 120 millions d\u2019euros.<\/p>\n<p class=\"paragraph text_align_left lp-f-body-02\">Initialement pr\u00e9vue en septembre, l\u2019audience sur le fond avait \u00e9t\u00e9 renvoy\u00e9e au 8 d\u00e9cembre.<\/p>\n","protected":false},"excerpt":{"rendered":"Pr\u00e8s de sept ans apr\u00e8s la mort du footballeur argentin Emiliano Sala dans un accident d\u2019avion, les avocats&hellip;\n","protected":false},"author":2,"featured_media":583932,"comment_status":"","ping_status":"","sticky":false,"template":"","format":"standard","meta":{"footnotes":""},"categories":[2818],"tags":[1111,11,1777,674,63,1011,27,766,12,2636,25,60],"class_list":{"0":"post-583931","1":"post","2":"type-post","3":"status-publish","4":"format-standard","5":"has-post-thumbnail","7":"category-nantes","8":"tag-actu","9":"tag-actualites","10":"tag-eu","11":"tag-europe","12":"tag-football","13":"tag-fr","14":"tag-france","15":"tag-nantes","16":"tag-news","17":"tag-pays-de-la-loire","18":"tag-republique-francaise","19":"tag-sports"},"share_on_mastodon":{"url":"https:\/\/pubeurope.com\/@fr\/115677643741684904","error":""},"_links":{"self":[{"href":"https:\/\/www.europesays.com\/fr\/wp-json\/wp\/v2\/posts\/583931","targetHints":{"allow":["GET"]}}],"collection":[{"href":"https:\/\/www.europesays.com\/fr\/wp-json\/wp\/v2\/posts"}],"about":[{"href":"https:\/\/www.europesays.com\/fr\/wp-json\/wp\/v2\/types\/post"}],"author":[{"embeddable":true,"href":"https:\/\/www.europesays.com\/fr\/wp-json\/wp\/v2\/users\/2"}],"replies":[{"embeddable":true,"href":"https:\/\/www.europesays.com\/fr\/wp-json\/wp\/v2\/comments?post=583931"}],"version-history":[{"count":0,"href":"https:\/\/www.europesays.com\/fr\/wp-json\/wp\/v2\/posts\/583931\/revisions"}],"wp:featuredmedia":[{"embeddable":true,"href":"https:\/\/www.europesays.com\/fr\/wp-json\/wp\/v2\/media\/583932"}],"wp:attachment":[{"href":"https:\/\/www.europesays.com\/fr\/wp-json\/wp\/v2\/media?parent=583931"}],"wp:term":[{"taxonomy":"category","embeddable":true,"href":"https:\/\/www.europesays.com\/fr\/wp-json\/wp\/v2\/categories?post=583931"},{"taxonomy":"post_tag","embeddable":true,"href":"https:\/\/www.europesays.com\/fr\/wp-json\/wp\/v2\/tags?post=583931"}],"curies":[{"name":"wp","href":"https:\/\/api.w.org\/{rel}","templated":true}]}}