{"id":583933,"date":"2025-12-07T09:45:21","date_gmt":"2025-12-07T09:45:21","guid":{"rendered":"https:\/\/www.europesays.com\/fr\/583933\/"},"modified":"2025-12-07T09:45:21","modified_gmt":"2025-12-07T09:45:21","slug":"la-ville-de-bordeaux-lance-les-festivites-de-fin-dannee","status":"publish","type":"post","link":"https:\/\/www.europesays.com\/fr\/583933\/","title":{"rendered":"la Ville de Bordeaux lance les festivit\u00e9s de fin d\u2019ann\u00e9e"},"content":{"rendered":"<p>Le cours de l\u2019Intendance et les all\u00e9es Tourny ont des airs de Ramblas, ce samedi 6\u00a0d\u00e9cembre. Une foule impressionnante converge vers la Place de la Com\u00e9die qui accueille la premi\u00e8re \u00e9tape du lancement des festivit\u00e9s municipales de fin d\u2019ann\u00e9e. Entre le mapping&#8230;<\/p>\n<p>Le cours de l\u2019Intendance et les all\u00e9es Tourny ont des airs de Ramblas, ce samedi 6\u00a0d\u00e9cembre. Une foule impressionnante converge vers la Place de la Com\u00e9die qui accueille la premi\u00e8re \u00e9tape du lancement des festivit\u00e9s municipales de fin d\u2019ann\u00e9e. Entre le mapping fleuri qui habille les pierres du Grand Th\u00e9\u00e2tre et la fa\u00e7ade enguirland\u00e9e d\u2019or du Grand H\u00f4tel, on \u00e9coute la performance de la Jeune acad\u00e9mie vocale Aquitaine (Java), 70 artistes de 6 \u00e0 23\u00a0ans sous la direction de Marie Chavanel, pour un r\u00e9pertoire de circonstances, entre airs classiques et populaires, dont l\u2019ind\u00e9boulonnable cantique de No\u00ebl, longtemps chant\u00e9 par un c\u00e9l\u00e8bre t\u00e9nor corse (vous l\u2019avez\u00a0?).<\/p>\n<p>        <img decoding=\"async\" id=\"27003709\" src=\"https:\/\/www.europesays.com\/fr\/wp-content\/uploads\/2025\/12\/20251206213100-fcot4854.jpg\" alt=\"D\u00e9ambulation dans les rues de Bordeaux avec la banda Los T\u00e9oporos et son dress code de circonstances.\" itemprop=\"contentURL\"\/><\/p>\n<p>    D\u00e9ambulation dans les rues de Bordeaux avec la banda Los T\u00e9oporos et son dress code de circonstances.<\/p>\n<p>Photo Fabien Cottereau\u00a0\/\u00a0SO<\/p>\n<p>Dans un r\u00e9pertoire plus sautillant et pop, la banda Los T\u00e9oporos guide ensuite l\u2019assistance vers la place Pey Berland. Pierre Hurmic y ouvre officiellement la f\u00eate en rallumant le fameux sapin de verre, entour\u00e9 de\u00a0cinq invit\u00e9s d\u2019honneur\u00a0: la danseuse \u00e9toile de l\u2019Op\u00e9ra de Bordeaux Mathilde Froustey, trois joueuses du Stade bordelais championnes de France de rugby (Ad\u00e8le Besson, Maylis Borac et Johanna Grisez), ainsi que Leo, la mascotte de l\u2019UBB, en d\u00e9placement \u00e0 Pretoria, Afrique du Sud.<\/p>\n<p>        <img decoding=\"async\" id=\"27003707\" src=\"https:\/\/www.europesays.com\/fr\/wp-content\/uploads\/2025\/12\/20251206213113-fcot4961.jpg\" alt=\"Les trois joueuses du Stade Bordelais, la danseuse \u00e9toile Mathilde Froustey et la mascotte L\u00e9o posent autour du maire, devant le sapin rallum\u00e9.\" itemprop=\"contentURL\"\/><\/p>\n<p>    Les trois joueuses du Stade Bordelais, la danseuse \u00e9toile Mathilde Froustey et la mascotte L\u00e9o posent autour du maire, devant le sapin rallum\u00e9.<\/p>\n<p>Photo Fabien Cottereau\u00a0\/\u00a0SO<\/p>\n<p>    Bestiaire color\u00e9<\/p>\n<p>Avant, le maire n\u2019a pas manqu\u00e9 de saluer l\u2019arbre de verre cr\u00e9\u00e9 par l\u2019artiste bordelais Arnaud Lapierre il y a quatre ans, \u0153uvre \u00ab\u00a0\u00e9cologique et \u00e9conomique\u00a0\u00bb, qui \u00ab\u00a0brille par son audace\u00a0\u00bb. \u00ab\u00a0S\u2019il a par le pass\u00e9 sem\u00e9 des pol\u00e9miques, je note que d\u00e9sormais il inspire les grandes villes du monde\u00a0\u00bb, insiste l\u2019\u00e9lu. Apr\u00e8s Saint-P\u00e9tersbourg et Londres, Los Angeles inaugurera dans quelques jours une r\u00e9plique de l\u2019arbre bordelais.<\/p>\n<p>Un nouveau mapping, derni\u00e8re cr\u00e9ation de la<a href=\"https:\/\/www.limelight.fr\/\" target=\"_blank\" rel=\"nofollow noopener\"> soci\u00e9t\u00e9 limelight<\/a> est ensuite projet\u00e9 sur le mur ouest de la cath\u00e9drale\u00a0: les d\u00e9ambulations d\u2019une perle, de l\u2019estuaire \u00e0 Bordeaux, bestiaire color\u00e9 et aquatique qui met en valeur le patrimoine de la r\u00e9gion.<\/p>\n<p>        <img decoding=\"async\" id=\"27003698\" src=\"https:\/\/www.europesays.com\/fr\/wp-content\/uploads\/2025\/12\/20251206213127-ja6586.jpg\" alt=\"La patinoire \u00ab\u00a0\u00e9cologique\u00a0\u00bb des all\u00e9es Tourny est install\u00e9e, pour la deuxi\u00e8me ann\u00e9e.\" itemprop=\"contentURL\"\/><\/p>\n<p>    La patinoire \u00ab\u00a0\u00e9cologique\u00a0\u00bb des all\u00e9es Tourny est install\u00e9e, pour la deuxi\u00e8me ann\u00e9e.<\/p>\n<p>Photo Fabien Cottereau\u00a0\/\u00a0SO<\/p>\n<p>Pour le reste, le programme du soir, comme les animations, ressemble \u00e0 ceux de l\u2019an dernier. \u00ab\u00a0Il y a peu de nouveaut\u00e9s, puisqu\u2019on est en p\u00e9riode de r\u00e9serve \u00e9lectorale\u00a0\u00bb, confirme L\u00e9a Andr\u00e9, \u00e9lue en charge des festivit\u00e9s. Les illuminations 100\u00a0% LED (budget\u00a0: 450\u00a0000\u00a0euros), brilleront jusqu\u2019au 4\u00a0janvier. Le programme complet des festivit\u00e9s est \u00e0 d\u00e9couvrir <a href=\"https:\/\/www.bordeaux.fr\/le-mag\/bordeaux-en-fete-decouvrez-le-programme-complet\" target=\"_blank\" rel=\"nofollow noopener\">sur le site de la Ville.<\/a><\/p>\n","protected":false},"excerpt":{"rendered":"Le cours de l\u2019Intendance et les all\u00e9es Tourny ont des airs de Ramblas, ce samedi 6\u00a0d\u00e9cembre. Une foule&hellip;\n","protected":false},"author":2,"featured_media":583934,"comment_status":"","ping_status":"","sticky":false,"template":"","format":"standard","meta":{"footnotes":""},"categories":[2817],"tags":[1111,11,1997,1777,674,1011,27,12,2219,25],"class_list":{"0":"post-583933","1":"post","2":"type-post","3":"status-publish","4":"format-standard","5":"has-post-thumbnail","7":"category-bordeaux","8":"tag-actu","9":"tag-actualites","10":"tag-bordeaux","11":"tag-eu","12":"tag-europe","13":"tag-fr","14":"tag-france","15":"tag-news","16":"tag-nouvelle-aquitaine","17":"tag-republique-francaise"},"share_on_mastodon":{"url":"https:\/\/pubeurope.com\/@fr\/115677648464320474","error":""},"_links":{"self":[{"href":"https:\/\/www.europesays.com\/fr\/wp-json\/wp\/v2\/posts\/583933","targetHints":{"allow":["GET"]}}],"collection":[{"href":"https:\/\/www.europesays.com\/fr\/wp-json\/wp\/v2\/posts"}],"about":[{"href":"https:\/\/www.europesays.com\/fr\/wp-json\/wp\/v2\/types\/post"}],"author":[{"embeddable":true,"href":"https:\/\/www.europesays.com\/fr\/wp-json\/wp\/v2\/users\/2"}],"replies":[{"embeddable":true,"href":"https:\/\/www.europesays.com\/fr\/wp-json\/wp\/v2\/comments?post=583933"}],"version-history":[{"count":0,"href":"https:\/\/www.europesays.com\/fr\/wp-json\/wp\/v2\/posts\/583933\/revisions"}],"wp:featuredmedia":[{"embeddable":true,"href":"https:\/\/www.europesays.com\/fr\/wp-json\/wp\/v2\/media\/583934"}],"wp:attachment":[{"href":"https:\/\/www.europesays.com\/fr\/wp-json\/wp\/v2\/media?parent=583933"}],"wp:term":[{"taxonomy":"category","embeddable":true,"href":"https:\/\/www.europesays.com\/fr\/wp-json\/wp\/v2\/categories?post=583933"},{"taxonomy":"post_tag","embeddable":true,"href":"https:\/\/www.europesays.com\/fr\/wp-json\/wp\/v2\/tags?post=583933"}],"curies":[{"name":"wp","href":"https:\/\/api.w.org\/{rel}","templated":true}]}}