{"id":583941,"date":"2025-12-07T09:49:14","date_gmt":"2025-12-07T09:49:14","guid":{"rendered":"https:\/\/www.europesays.com\/fr\/583941\/"},"modified":"2025-12-07T09:49:14","modified_gmt":"2025-12-07T09:49:14","slug":"le-chu-de-lille-classe-3e-meilleur-hopital-de-france-par-le-point","status":"publish","type":"post","link":"https:\/\/www.europesays.com\/fr\/583941\/","title":{"rendered":"le CHU de Lille class\u00e9 3e meilleur h\u00f4pital de France par Le Point"},"content":{"rendered":"<p>                    Par<br \/>\n        <strong><br \/>\n            <a href=\"https:\/\/actu.fr\/auteur\/amandine-vachez\" title=\"Consulter tous les articles de Amandine Vachez\" target=\"_blank\" rel=\"noopener\">Amandine Vachez<\/a><br \/>\n                    <\/strong><\/p>\n<p>        Publi\u00e9 le<\/p>\n<p>            7 d\u00e9c. 2025 \u00e0 9h46        <\/p>\n<p>Le <a href=\"https:\/\/actu.fr\/tag\/chu-de-lille\" target=\"_blank\" rel=\"noopener\">CHU de Lille<\/a> (Nord) brille dans un<b> classement d\u2019h\u00f4pitaux et cliniques de France du magazine Le Point<\/b>. Le centre hospitalier universitaire est<b> 3e meilleur h\u00f4pital de France<\/b> selon ce <b>palmar\u00e8s 2025<\/b>, r\u00e9alis\u00e9 sur la base de 1\u2009750 \u00e9tablissements.<\/p>\n<p class=\" wall-content\">Publi\u00e9 le jeudi 4\u00a0d\u00e9cembre, il place le CHU de Lille<b> 1er ou parmi les meilleurs dans 61 sp\u00e9cialit\u00e9s\u00a0<\/b>m\u00e9dicales<b> <\/b>et chirurgicales.<\/p>\n<p>Dans le trio de t\u00eate des \u00e9tablissements publics, une preuve d\u2019excellence<\/p>\n<p class=\" wall-content\">\u00ab\u2009Au score global, le CHU de Lille figure \u00e0 nouveau dans le <b>trio de t\u00eate<\/b> des \u00e9tablissements publics, <b>comme il l\u2019a toujours \u00e9t\u00e9 depuis plus de 15\u00a0ans<\/b>\u2009\u00bb, rappelle le CHU. Un moyen de souligner \u00ab\u2009l\u2019excellence des prises en charge et des \u00e9quipes\u2009\u00bb.<\/p>\n<p class=\" wall-content\">\u00ab\u2009Parmi toutes les sp\u00e9cialit\u00e9s lilloises mises \u00e0 l\u2019honneur, la prise en charge des <b>AVC\u00a0<\/b>obtient une 1\u00e8re place et un long reportage r\u00e9alis\u00e9 sur place, avec la Pr Charlotte\u00a0Cordonnier et ses \u00e9quipes. De m\u00eame, les <b>activit\u00e9s chirurgicales du nez et des sinus<\/b>, la\u00a0<b>chirurgie maxillo-faciale<\/b>, le <b>cancer de l\u2019estomac et de l\u2019\u0153sophage,<\/b> les <b>cancers de la\u00a0<\/b><b>peau, la leuc\u00e9mie de l\u2019enfant et de l\u2019adolescent <\/b>ainsi que la prise en charge du<b> diab\u00e8te d<\/b><b>e l\u2019adulte<\/b> figurent \u00e9galement en 1\u00e8re place du classement.\u2009\u00bb<\/p>\n<p class=\" wall-content\">D\u2019autres activit\u00e9s reconnues arrivent sur le podium\u2009: la prise en charge de l\u2019endom\u00e9triose et celle du cancer du foie se classent 2es en France, la cardiologie interventionnelle, le cancer de la thyro\u00efde ainsi que l\u2019\u00e9pilepsie de l\u2019enfant et de l\u2019adolescent se classent 3es.<\/p>\n<p>D\u2019autres disciplines dans le Top\u00a010, fruit du travail constant des \u00e9quipes hospitali\u00e8re et universitaire<\/p>\n<p class=\" wall-content\">Le CHU prend note que d\u2019autres disciplines figurent dans le Top\u00a010 des meilleurs\u00a0\u00e9tablissements de France\u2009: sp\u00e9cialit\u00e9s ophtalmologiques, oncologiques, neurologiques\u2026 La liste est longue\u2009!<\/p>\n<p class=\" wall-content\">\u00ab\u2009C\u2019est le fruit du <b>travail constant\u00a0d\u2019une communaut\u00e9 hospitalo-universitaire engag\u00e9e <\/b>au service de tous\u2009\u00bb, commente le centre hospitalier. Aussi un \u00ab\u2009gage de confiance pour de nombreux patients qui se confient\u00a0chaque ann\u00e9e aux mains des \u00e9quipes du CHU.\u2009\u00bb<\/p>\n<p class=\" wall-content\">Personnalisez votre actualit\u00e9 en ajoutant vos villes et m\u00e9dias en favori avec <a href=\"https:\/\/moncompte.actu.fr\" title=\"D\u00e9couvez Mon Actu\" rel=\"nofollow noopener\" data-trk=\"{&quot;cta&quot;:{&quot;action&quot;:&quot;https:\\\/\\\/moncompte.actu.fr&quot;,&quot;category&quot;:&quot;mon compte&quot;,&quot;from&quot;:&quot;article footer&quot;,&quot;name&quot;:&quot;Mon actu&quot;,&quot;type&quot;:&quot;cta&quot;}}\" target=\"_blank\">Mon Actu<\/a>.<\/p>\n","protected":false},"excerpt":{"rendered":"Par Amandine Vachez Publi\u00e9 le 7 d\u00e9c. 2025 \u00e0 9h46 Le CHU de Lille (Nord) brille dans un&hellip;\n","protected":false},"author":2,"featured_media":583942,"comment_status":"","ping_status":"","sticky":false,"template":"","format":"standard","meta":{"footnotes":""},"categories":[2815],"tags":[1111,11,25689,1777,674,1011,27,811,1307,12,25,71,104],"class_list":{"0":"post-583941","1":"post","2":"type-post","3":"status-publish","4":"format-standard","5":"has-post-thumbnail","7":"category-lille","8":"tag-actu","9":"tag-actualites","10":"tag-chu-de-lille","11":"tag-eu","12":"tag-europe","13":"tag-fr","14":"tag-france","15":"tag-hauts-de-france","16":"tag-lille","17":"tag-news","18":"tag-republique-francaise","19":"tag-sante","20":"tag-societe"},"share_on_mastodon":{"url":"https:\/\/pubeurope.com\/@fr\/115677663380497992","error":""},"_links":{"self":[{"href":"https:\/\/www.europesays.com\/fr\/wp-json\/wp\/v2\/posts\/583941","targetHints":{"allow":["GET"]}}],"collection":[{"href":"https:\/\/www.europesays.com\/fr\/wp-json\/wp\/v2\/posts"}],"about":[{"href":"https:\/\/www.europesays.com\/fr\/wp-json\/wp\/v2\/types\/post"}],"author":[{"embeddable":true,"href":"https:\/\/www.europesays.com\/fr\/wp-json\/wp\/v2\/users\/2"}],"replies":[{"embeddable":true,"href":"https:\/\/www.europesays.com\/fr\/wp-json\/wp\/v2\/comments?post=583941"}],"version-history":[{"count":0,"href":"https:\/\/www.europesays.com\/fr\/wp-json\/wp\/v2\/posts\/583941\/revisions"}],"wp:featuredmedia":[{"embeddable":true,"href":"https:\/\/www.europesays.com\/fr\/wp-json\/wp\/v2\/media\/583942"}],"wp:attachment":[{"href":"https:\/\/www.europesays.com\/fr\/wp-json\/wp\/v2\/media?parent=583941"}],"wp:term":[{"taxonomy":"category","embeddable":true,"href":"https:\/\/www.europesays.com\/fr\/wp-json\/wp\/v2\/categories?post=583941"},{"taxonomy":"post_tag","embeddable":true,"href":"https:\/\/www.europesays.com\/fr\/wp-json\/wp\/v2\/tags?post=583941"}],"curies":[{"name":"wp","href":"https:\/\/api.w.org\/{rel}","templated":true}]}}