{"id":583943,"date":"2025-12-07T09:50:17","date_gmt":"2025-12-07T09:50:17","guid":{"rendered":"https:\/\/www.europesays.com\/fr\/583943\/"},"modified":"2025-12-07T09:50:17","modified_gmt":"2025-12-07T09:50:17","slug":"un-suspect-dorigine-gambienne-interpelle","status":"publish","type":"post","link":"https:\/\/www.europesays.com\/fr\/583943\/","title":{"rendered":"un suspect d&rsquo;origine gambienne interpell\u00e9"},"content":{"rendered":"<p>Les policiers ont mis la main sur le suspect. Un jeune homme de 21\u00a0ans a \u00e9t\u00e9 mis en examen pour le viol pr\u00e9sum\u00e9 d\u2019une joggeuse au Jardin des Plantes, \u00e0 <a href=\"https:\/\/www.lejdd.fr\/politique\/matthieu-valet-candidat-rn-a-la-mairie-de-lille-ma-priorite-sera-de-retablir-la-securite-dans-la-ville-164388\" target=\"_blank\" rel=\"noopener\">Lille<\/a>, avant d\u2019\u00eatre plac\u00e9 en d\u00e9tention provisoire, rapporte <a href=\"https:\/\/actu17.fr\/faits-divers\/lille-une-joggeuse-de-31-ans-violee-au-jardin-des-plantes-un-suspect-ecroue.html\" target=\"_blank\" rel=\"noopener\">Actu17<\/a>. Il a \u00e9t\u00e9 interpell\u00e9 apr\u00e8s une nouvelle alerte survenue dans le quartier de Lille-Sud.<\/p>\n<p>Les faits remontent au 23\u00a0novembre, aux alentours de midi. Une femme de 31\u00a0ans courait dans les all\u00e9es du Jardin des Plantes lorsqu\u2019un jeune homme l\u2019a abord\u00e9e sous un pr\u00e9texte anodin. La joggeuse, m\u00e9fiante, a poursuivi sa course. Quelques instants plus tard, alors qu\u2019elle s\u2019aventurait dans une zone plus isol\u00e9e du parc, l\u2019homme est r\u00e9apparu. Il l\u2019aurait alors plaqu\u00e9e au sol avant de la violer.<\/p>\n<p>    La suite apr\u00e8s cette publicit\u00e9<\/p>\n<p>Un profil g\u00e9n\u00e9tique isol\u00e9<\/p>\n<p>Personne ne se trouvait \u00e0 proximit\u00e9 afin d\u2019intervenir. L\u2019agresseur a pris la fuite, tandis que la victime, en \u00e9tat de choc, est parvenue \u00e0 regagner son domicile, o\u00f9 son compagnon a imm\u00e9diatement donn\u00e9 l\u2019alerte. La police scientifique a isol\u00e9 un profil g\u00e9n\u00e9tique sur la victime, mais aucune correspondance n\u2019a \u00e9t\u00e9 trouv\u00e9e dans un premier temps dans le Fichier national automatis\u00e9 des empreintes g\u00e9n\u00e9tiques (FNAEG).<\/p>\n<p>    La suite apr\u00e8s cette publicit\u00e9<\/p>\n<p>Le lundi\u00a01er\u00a0d\u00e9cembre, une nouvelle alerte est survenue \u00e0 Lille-Sud. Une habitante a recueilli chez elle une jeune femme terroris\u00e9e\u00a0: celle-ci venait de sortir du m\u00e9tro lorsqu\u2019un inconnu l\u2019aurait suivie, puis approch\u00e9e dans une zone sombre, tentant de la saisir. Elle a r\u00e9ussi \u00e0 se d\u00e9gager et \u00e0 fuir.<\/p>\n<p>Alert\u00e9e, une patrouille de la brigade anticriminalit\u00e9 (BAC) s\u2019est rendue imm\u00e9diatement sur place. Apr\u00e8s avoir pris en charge la jeune femme, les policiers ont entrepris de quadriller le secteur, estimant que l\u2019individu pouvait encore s\u2019y trouver. Quelques minutes plus tard, ils ont rep\u00e9r\u00e9 un jeune homme correspondant \u00e0 la description donn\u00e9e et l\u2019ont interpell\u00e9.<\/p>\n<p>    La suite apr\u00e8s cette publicit\u00e9<\/p>\n<p>    La suite apr\u00e8s cette publicit\u00e9<\/p>\n<p>Le suspect, originaire de Gambie, a \u00e9t\u00e9 pr\u00e9sent\u00e9 mercredi \u00e0 un magistrat du tribunal judiciaire de Lille. Il a \u00e9t\u00e9 mis en examen pour le viol pr\u00e9sum\u00e9 de la joggeuse, puis plac\u00e9 en d\u00e9tention provisoire.<\/p>\n","protected":false},"excerpt":{"rendered":"Les policiers ont mis la main sur le suspect. Un jeune homme de 21\u00a0ans a \u00e9t\u00e9 mis en&hellip;\n","protected":false},"author":2,"featured_media":583944,"comment_status":"","ping_status":"","sticky":false,"template":"","format":"standard","meta":{"footnotes":""},"categories":[2815],"tags":[1111,11,1777,674,1011,27,811,1307,12,25],"class_list":{"0":"post-583943","1":"post","2":"type-post","3":"status-publish","4":"format-standard","5":"has-post-thumbnail","7":"category-lille","8":"tag-actu","9":"tag-actualites","10":"tag-eu","11":"tag-europe","12":"tag-fr","13":"tag-france","14":"tag-hauts-de-france","15":"tag-lille","16":"tag-news","17":"tag-republique-francaise"},"share_on_mastodon":{"url":"https:\/\/pubeurope.com\/@fr\/115677667357703847","error":""},"_links":{"self":[{"href":"https:\/\/www.europesays.com\/fr\/wp-json\/wp\/v2\/posts\/583943","targetHints":{"allow":["GET"]}}],"collection":[{"href":"https:\/\/www.europesays.com\/fr\/wp-json\/wp\/v2\/posts"}],"about":[{"href":"https:\/\/www.europesays.com\/fr\/wp-json\/wp\/v2\/types\/post"}],"author":[{"embeddable":true,"href":"https:\/\/www.europesays.com\/fr\/wp-json\/wp\/v2\/users\/2"}],"replies":[{"embeddable":true,"href":"https:\/\/www.europesays.com\/fr\/wp-json\/wp\/v2\/comments?post=583943"}],"version-history":[{"count":0,"href":"https:\/\/www.europesays.com\/fr\/wp-json\/wp\/v2\/posts\/583943\/revisions"}],"wp:featuredmedia":[{"embeddable":true,"href":"https:\/\/www.europesays.com\/fr\/wp-json\/wp\/v2\/media\/583944"}],"wp:attachment":[{"href":"https:\/\/www.europesays.com\/fr\/wp-json\/wp\/v2\/media?parent=583943"}],"wp:term":[{"taxonomy":"category","embeddable":true,"href":"https:\/\/www.europesays.com\/fr\/wp-json\/wp\/v2\/categories?post=583943"},{"taxonomy":"post_tag","embeddable":true,"href":"https:\/\/www.europesays.com\/fr\/wp-json\/wp\/v2\/tags?post=583943"}],"curies":[{"name":"wp","href":"https:\/\/api.w.org\/{rel}","templated":true}]}}