{"id":583947,"date":"2025-12-07T09:52:12","date_gmt":"2025-12-07T09:52:12","guid":{"rendered":"https:\/\/www.europesays.com\/fr\/583947\/"},"modified":"2025-12-07T09:52:12","modified_gmt":"2025-12-07T09:52:12","slug":"un-ave-maria-electro-pour-immortaliser-levenement","status":"publish","type":"post","link":"https:\/\/www.europesays.com\/fr\/583947\/","title":{"rendered":"un \u00ab\u00a0Ave Maria \u00e9lectro\u00a0\u00bb pour immortaliser l&rsquo;\u00e9v\u00e8nement"},"content":{"rendered":"<p>Le DJ et producteur Micha\u00ebl Canitrot se produira ce dimanche \u00e0 Marseille dans le cadre du spectacle son et lumi\u00e8re, qui c\u00e9l\u00e8bre la restauration de la Bonne M\u00e8re. Avec en point d&rsquo;orgue un \u00ab\u00a0Ave Maria revisit\u00e9\u00a0\u00bb aux sonorit\u00e9s \u00e9lectros. Objectif: \u00ab\u00a0remettre un coup de projecteur sur un patrimoine qu&rsquo;on ne remarque plus\u00a0\u00bb.<\/p>\n<p>Apr\u00e8s plus de dix mois de restauration, la statue de la Vierge qui domine la basilique Notre-Dame de la Garde, \u00e0 Marseille, va \u00eatre officiellement d\u00e9voil\u00e9e ce dimanche 7 d\u00e9cembre, \u00e0 l\u2019occasion d\u2019une journ\u00e9e de c\u00e9l\u00e9bration ouverte \u00e0 tous. Un \u00e9v\u00e9nement \u00e0 la fois religieux, patrimonial et artistique, marqu\u00e9 par un spectacle son et lumi\u00e8re in\u00e9dit imagin\u00e9 par le DJ et producteur Micha\u00ebl Canitrot.<\/p>\n<p>C\u2019est autour d\u2019un Ave Maria revisit\u00e9 que l\u2019artiste a construit ce moment baptis\u00e9 \u00ab\u00a0\u00c9l\u00e9vation\u00a0\u00bb. Un choix assum\u00e9, presque inattendu pour un DJ, mais profond\u00e9ment symbolique. \u00ab\u00a0En tant que DJ, c\u2019est surprenant, mais je me suis pr\u00eat\u00e9 au jeu\u00a0\u00bb, confie-t-il ce dimanche au micro de <a href=\"https:\/\/rmc.bfmtv.com\/\" target=\"_blank\" class=\"external_link\" rel=\"noopener\">RMC<\/a>. Micha\u00ebl Canitrot explique avoir retravaill\u00e9 l\u2019Ave Maria de Schubert pour l\u2019emmener vers un univers \u00e9lectro aux sonorit\u00e9s contemporaines. Pour cela, il s\u2019est entour\u00e9 de la chanteuse marseillaise M\u00e9lody Louledjian, qui pr\u00eate sa voix.<\/p>\n<p>Patrimoine et l&rsquo;\u00e9lectro, \u00ab\u00a0mes 2 passions\u00a0\u00bb<\/p>\n<p>Le spectacle m\u00eale \u00e9lectro, orchestral et lumi\u00e8re, dans quatre tableaux visuels con\u00e7us pour dialoguer avec la pierre de la basilique. \u00ab\u00a0J\u2019aime proposer des choses diff\u00e9rentes. L\u00e0, pour un \u00e9v\u00e9nement comme celui-ci, c\u2019est historique. La statue est restaur\u00e9e et redor\u00e9e. J\u2019avais envie de cr\u00e9er un lien entre les \u00e9poques et les styles artistiques\u00a0\u00bb, explique le DJ au micro d&rsquo;Ana\u00efs Matin. Un projet pens\u00e9 comme un pont entre patrimoine et cr\u00e9ation contemporaine, fid\u00e8le \u00e0 l\u2019esprit du Monumental Tour qu\u2019il d\u00e9veloppe depuis plusieurs ann\u00e9es dans des lieux embl\u00e9matiques comme le Mont-Saint-Michel.<\/p>\n<p>La relation de Micha\u00ebl Canitrot au patrimoine ne doit rien au hasard. \u00ab\u00a0Depuis tout petit, j\u2019adore visiter les ch\u00e2teaux, c\u2019est gr\u00e2ce \u00e0 mes parents. Et l\u2019\u00e9lectro, c\u2019est mon autre passion\u00a0\u00bb, raconte-t-il. Deux univers qui se rejoignent aujourd\u2019hui au sommet de la colline de Notre-Dame de la Garde. \u00ab\u00a0On est entour\u00e9s de patrimoine en France, tellement qu\u2019on ne le remarque m\u00eame plus. On ne l\u00e8ve pas toujours la t\u00eate. Ce genre de projet sert \u00e0 remettre un coup de projecteur dessus\u00a0\u00bb, ambitionne-t-il.<\/p>\n<p>30.O00 feuilles d&rsquo;or<\/p>\n<p>La restauration de la statue aura \u00e9t\u00e9 spectaculaire. Durant le chantier, la Bonne M\u00e8re a \u00e9t\u00e9 enti\u00e8rement r\u00e9nov\u00e9e et s\u00e9curis\u00e9e, puis recouverte de pr\u00e8s de 30.000 feuilles d\u2019or de 23,5 carats. D\u00e9sormais pr\u00eate \u00e0 reprendre sa place au sommet de la basilique, elle sera b\u00e9nie en d\u00e9but de soir\u00e9e par le cardinal Jean-Marc Aveline, avant le lancement du spectacle, pr\u00e9vu peu apr\u00e8s 18h. Les illuminations resteront visibles plusieurs heures afin de permettre au public d\u2019en profiter.<\/p>\n<p>La journ\u00e9e d\u00e9butera plus t\u00f4t avec une messe c\u00e9l\u00e9br\u00e9e \u00e0 15h30 \u00e0 l\u2019abbaye Saint-Victor, suivie d\u2019un rassemblement \u00e0 16h30 place Joseph-\u00c9tienne, puis d\u2019une procession en direction de la basilique \u00e0 partir de 17h, en gravissant la colline par la mont\u00e9e de l\u2019Oratoire.<\/p>\n<p>\u00ab\u00a0Elle prot\u00e8ge Marseille\u00a0\u00bb<\/p>\n<p>Dans la ville, la red\u00e9couverte de la statue sans \u00e9chafaudages suscite d\u00e9j\u00e0 l\u2019\u00e9motion. \u00ab\u00a0Elle est quand m\u00eame plus belle sans les \u00e9chafaudages\u00a0\u00bb, lance un Marseillais admiratif. \u00ab\u00a0Travail de Romains, beau travail.\u00a0\u00bb Martine et Alain sont venus sp\u00e9cialement observer le r\u00e9sultat de ces mois de chantier. \u00ab\u00a0Elle est magnifique, \u00e7a faisait 150 ans\u00a0\u00bb, sourit Martine. Pour Alain, la Bonne M\u00e8re va bien au-del\u00e0 du symbole religieux. \u00ab\u00a0Elle prot\u00e8ge Marseille. Et puis \u00e0 chaque victoire de l\u2019OM, il y a toujours des Marseillais qui montent ici. Elle fait partie de nous.\u00a0\u00bb<\/p>\n<p><img decoding=\"async\" src=\"https:\/\/www.europesays.com\/fr\/wp-content\/uploads\/2025\/05\/principale-398_2.jpg\"  alt=\"Notre-Dame de la Garde : la statue de la Vierge en pleine r\u00e9novation\" title=\"Notre-Dame de la Garde : la statue de la Vierge en pleine r\u00e9novation\"\/>Notre-Dame de la Garde : la statue de la Vierge en pleine r\u00e9novation<\/p>\n<p>Un attachement partag\u00e9 par Brigitte. \u00ab\u00a0C\u2019est un incontournable de Marseille, ind\u00e9pendamment des croyances. La Bonne M\u00e8re parle \u00e0 tout le monde.\u00a0\u00bb M\u00eame loin de la cit\u00e9 phoc\u00e9enne, son image accompagne les Marseillais d\u2019ailleurs. Christine, venue de La R\u00e9union, raconte avoir un magnet de la statue sur son frigo. \u00ab\u00a0Je la vois tous les jours dans ma cuisine, m\u00eame \u00e0 des milliers de kilom\u00e8tres.\u00a0\u00bb<\/p>\n<p>L\u00e9o Manson avec Anna Jaujard<\/p>\n","protected":false},"excerpt":{"rendered":"Le DJ et producteur Micha\u00ebl Canitrot se produira ce dimanche \u00e0 Marseille dans le cadre du spectacle son&hellip;\n","protected":false},"author":2,"featured_media":583948,"comment_status":"","ping_status":"","sticky":false,"template":"","format":"standard","meta":{"footnotes":""},"categories":[2814],"tags":[1111,11,1777,674,1011,27,884,12,882,25],"class_list":{"0":"post-583947","1":"post","2":"type-post","3":"status-publish","4":"format-standard","5":"has-post-thumbnail","7":"category-marseille","8":"tag-actu","9":"tag-actualites","10":"tag-eu","11":"tag-europe","12":"tag-fr","13":"tag-france","14":"tag-marseille","15":"tag-news","16":"tag-provence-alpes-cote-dazur","17":"tag-republique-francaise"},"share_on_mastodon":{"url":"https:\/\/pubeurope.com\/@fr\/115677676042019147","error":""},"_links":{"self":[{"href":"https:\/\/www.europesays.com\/fr\/wp-json\/wp\/v2\/posts\/583947","targetHints":{"allow":["GET"]}}],"collection":[{"href":"https:\/\/www.europesays.com\/fr\/wp-json\/wp\/v2\/posts"}],"about":[{"href":"https:\/\/www.europesays.com\/fr\/wp-json\/wp\/v2\/types\/post"}],"author":[{"embeddable":true,"href":"https:\/\/www.europesays.com\/fr\/wp-json\/wp\/v2\/users\/2"}],"replies":[{"embeddable":true,"href":"https:\/\/www.europesays.com\/fr\/wp-json\/wp\/v2\/comments?post=583947"}],"version-history":[{"count":0,"href":"https:\/\/www.europesays.com\/fr\/wp-json\/wp\/v2\/posts\/583947\/revisions"}],"wp:featuredmedia":[{"embeddable":true,"href":"https:\/\/www.europesays.com\/fr\/wp-json\/wp\/v2\/media\/583948"}],"wp:attachment":[{"href":"https:\/\/www.europesays.com\/fr\/wp-json\/wp\/v2\/media?parent=583947"}],"wp:term":[{"taxonomy":"category","embeddable":true,"href":"https:\/\/www.europesays.com\/fr\/wp-json\/wp\/v2\/categories?post=583947"},{"taxonomy":"post_tag","embeddable":true,"href":"https:\/\/www.europesays.com\/fr\/wp-json\/wp\/v2\/tags?post=583947"}],"curies":[{"name":"wp","href":"https:\/\/api.w.org\/{rel}","templated":true}]}}